{"id":30877876,"date":"2023-04-12T14:41:20","date_gmt":"2023-04-12T12:41:20","guid":{"rendered":"https:\/\/www.upo.es\/diario\/?p=30877876"},"modified":"2023-04-12T15:52:42","modified_gmt":"2023-04-12T13:52:42","slug":"la-universidad-pablo-de-olavide-continua-con-su-programa-para-fomentar-la-participacion-y-el-debate-democratico-en-las-elecciones-municipales","status":"publish","type":"post","link":"https:\/\/www.upo.es\/diario\/comunidad\/2023\/04\/la-universidad-pablo-de-olavide-continua-con-su-programa-para-fomentar-la-participacion-y-el-debate-democratico-en-las-elecciones-municipales\/","title":{"rendered":"La UPO contin\u00faa con su programa para fomentar la participaci\u00f3n y el debate democr\u00e1tico en las elecciones municipales"},"content":{"rendered":"<figure id=\"attachment_30877878\" aria-describedby=\"caption-attachment-30877878\" style=\"width: 750px\" class=\"wp-caption aligncenter\"><a href=\"https:\/\/www.upo.es\/diario\/wp-content\/uploads\/2023\/04\/JLSanz-1-scaled.jpg\"><img loading=\"lazy\" decoding=\"async\" class=\"size-large wp-image-30877878\" src=\"https:\/\/www.upo.es\/diario\/wp-content\/uploads\/2023\/04\/JLSanz-1-750x500.jpg\" alt=\"Jos\u00e9 Luis Sanz durante el coloquio con estudiantes de la UPO\" width=\"750\" height=\"500\" srcset=\"https:\/\/www.upo.es\/diario\/wp-content\/uploads\/2023\/04\/JLSanz-1-750x500.jpg 750w, https:\/\/www.upo.es\/diario\/wp-content\/uploads\/2023\/04\/JLSanz-1-385x257.jpg 385w, https:\/\/www.upo.es\/diario\/wp-content\/uploads\/2023\/04\/JLSanz-1-768x512.jpg 768w, https:\/\/www.upo.es\/diario\/wp-content\/uploads\/2023\/04\/JLSanz-1-1536x1024.jpg 1536w, https:\/\/www.upo.es\/diario\/wp-content\/uploads\/2023\/04\/JLSanz-1-2048x1365.jpg 2048w\" sizes=\"auto, (max-width: 750px) 100vw, 750px\" \/><\/a><figcaption id=\"caption-attachment-30877878\" class=\"wp-caption-text\">Jos\u00e9 Luis Sanz durante el coloquio con estudiantes de la UPO<\/figcaption><\/figure>\n<p>El candidato del Partido Popular a la alcald\u00eda de Sevilla, Jos\u00e9 Luis Sanz, ha participado esta ma\u00f1ana en un coloquio con estudiantes de la Universidad Pablo de Olavide, en un programa organizado por la UPO para propiciar el debate democr\u00e1tico y la participaci\u00f3n de la comunidad universitaria en las ideas y proyectos que los partidos pol\u00edticos presentan a la ciudadan\u00eda con motivo de las elecciones del 28 de mayo.<\/p>\n<figure id=\"attachment_30877879\" aria-describedby=\"caption-attachment-30877879\" style=\"width: 385px\" class=\"wp-caption alignleft\"><a href=\"https:\/\/www.upo.es\/diario\/wp-content\/uploads\/2023\/04\/Conf-JLSanz-Est-2-scaled.jpg\"><img loading=\"lazy\" decoding=\"async\" class=\"wp-image-30877879 size-medium\" src=\"https:\/\/www.upo.es\/diario\/wp-content\/uploads\/2023\/04\/Conf-JLSanz-Est-2-385x257.jpg\" alt=\"\" width=\"385\" height=\"257\" srcset=\"https:\/\/www.upo.es\/diario\/wp-content\/uploads\/2023\/04\/Conf-JLSanz-Est-2-385x257.jpg 385w, https:\/\/www.upo.es\/diario\/wp-content\/uploads\/2023\/04\/Conf-JLSanz-Est-2-750x500.jpg 750w, https:\/\/www.upo.es\/diario\/wp-content\/uploads\/2023\/04\/Conf-JLSanz-Est-2-768x512.jpg 768w, https:\/\/www.upo.es\/diario\/wp-content\/uploads\/2023\/04\/Conf-JLSanz-Est-2-1536x1024.jpg 1536w, https:\/\/www.upo.es\/diario\/wp-content\/uploads\/2023\/04\/Conf-JLSanz-Est-2-2048x1366.jpg 2048w, https:\/\/www.upo.es\/diario\/wp-content\/uploads\/2023\/04\/Conf-JLSanz-Est-2-165x109.jpg 165w, https:\/\/www.upo.es\/diario\/wp-content\/uploads\/2023\/04\/Conf-JLSanz-Est-2-1320x880.jpg 1320w\" sizes=\"auto, (max-width: 385px) 100vw, 385px\" \/><\/a><figcaption id=\"caption-attachment-30877879\" class=\"wp-caption-text\">Estudiantes de Derecho, ADE y Ciencias Sociales han planteado a Jos\u00e9 Luis Sanz preguntas sobre temas que les preocupan de la ciudad<\/figcaption><\/figure>\n<p><strong>Con esta iniciativa la Universidad trata de promover la participaci\u00f3n de sus estudiantes en el debate pol\u00edtico generado con motivo de las pr\u00f3ximas elecciones municipales<\/strong>. As\u00ed, el objetivo es propiciar que el estudiantado universitario se involucre en la generaci\u00f3n de ideas, y en el desarrollo de proyectos fundamentales para la construcci\u00f3n de una sociedad de la que forman parte. De este modo, la Universidad, como instituci\u00f3n p\u00fablica, asume el compromiso de facilitar el di\u00e1logo y la participaci\u00f3n democr\u00e1tica.<\/p>\n<p><strong>Tras la participaci\u00f3n de Antonio Mu\u00f1oz el pasado 23 de marzo con la conferencia \u2018Sevilla, construir juntos un futuro lleno de oportunidades\u2019, Jos\u00e9 Luis Sanz ha impartido hoy la conferencia &#8216;Un proyecto llamado Sevilla para los j\u00f3venes&#8217;<\/strong>, en la que ha esbozado las principales l\u00edneas estrat\u00e9gicas que deber\u00edan seguirse en la construcci\u00f3n de un modelo alternativo de ciudad. Al acto de hoy han acudido estudiantes de los dobles grados de Derecho y ADE; Derecho y Ciencias Pol\u00edticas y de la Administraci\u00f3n; y Trabajo Social y Sociolog\u00eda, entre otros, quienes han planteado al conferenciante sus inquietudes sobre el empleo, el acceso a la vivienda, el transporte p\u00fablico, el turismo o la situaci\u00f3n de los distintos barrios.<\/p>\n<p>Como cierre de este programa, <strong>el pr\u00f3ximo 2 de mayo tendr\u00e1 lugar un debate en el Paraninfo del campus UPO en el que participar\u00e1n los representantes de los principales partidos pol\u00edticos que concurren a estas elecciones<\/strong>. Organizado por la asociaci\u00f3n estudiantil de la Universidad Pablo de Olavide Club de Debate, con la colaboraci\u00f3n del Vicerrectorado de Relaciones Institucionales y Fundaciones; en el mismo se abordar\u00e1n tres l\u00edneas tem\u00e1ticas: las infraestructuras, el patrimonio y la sostenibilidad; la juventud; y el futuro y modelo de la ciudad. El debate estar\u00e1 abierto al alumnado de las tres universidades sevillanas.<\/p>\n<p><a href=\"https:\/\/www.upo.es\/diario\/wp-content\/uploads\/2023\/04\/Conf-JLSanz-Est-1-scaled.jpg\"><img loading=\"lazy\" decoding=\"async\" class=\"aligncenter size-large wp-image-30877880\" src=\"https:\/\/www.upo.es\/diario\/wp-content\/uploads\/2023\/04\/Conf-JLSanz-Est-1-750x500.jpg\" alt=\"Estudiantes de la UPO preguntan a JL Sanz\" width=\"750\" height=\"500\" srcset=\"https:\/\/www.upo.es\/diario\/wp-content\/uploads\/2023\/04\/Conf-JLSanz-Est-1-750x500.jpg 750w, https:\/\/www.upo.es\/diario\/wp-content\/uploads\/2023\/04\/Conf-JLSanz-Est-1-385x257.jpg 385w, https:\/\/www.upo.es\/diario\/wp-content\/uploads\/2023\/04\/Conf-JLSanz-Est-1-768x512.jpg 768w, https:\/\/www.upo.es\/diario\/wp-content\/uploads\/2023\/04\/Conf-JLSanz-Est-1-1536x1024.jpg 1536w, https:\/\/www.upo.es\/diario\/wp-content\/uploads\/2023\/04\/Conf-JLSanz-Est-1-2048x1365.jpg 2048w\" sizes=\"auto, (max-width: 750px) 100vw, 750px\" \/><\/a><\/p>\n","protected":false},"excerpt":{"rendered":"<p>El candidato del Partido Popular a la alcald\u00eda de Sevilla, Jos\u00e9 Luis Sanz, ha participado esta ma\u00f1ana en un coloquio con estudiantes de la Universidad Pablo de Olavide, en un programa organizado por la UPO para propiciar el debate democr\u00e1tico y la participaci\u00f3n de la comunidad universitaria en las ideas y proyectos que los partidos pol\u00edticos presentan a la ciudadan\u00eda con motivo de las elecciones del 28 de mayo.<\/p>\n","protected":false},"author":6,"featured_media":30877878,"comment_status":"closed","ping_status":"open","sticky":false,"template":"","format":"standard","meta":{"_monsterinsights_skip_tracking":false,"_monsterinsights_sitenote_active":false,"_monsterinsights_sitenote_note":"","_monsterinsights_sitenote_category":0,"footnotes":""},"categories":[5842],"tags":[598,5973,7046,227,662,744,69,21,7047,2210],"class_list":["post-30877876","post","type-post","status-publish","format-standard","has-post-thumbnail","hentry","category-comunidad","tag-ciencias-politicas","tag-ciudad-de-sevilla","tag-club-de-debate","tag-conferencia","tag-debate","tag-democracia","tag-elecciones","tag-estudiantes","tag-participacion-ciudadana","tag-partidos-politicos"],"_links":{"self":[{"href":"https:\/\/www.upo.es\/diario\/wp-json\/wp\/v2\/posts\/30877876","targetHints":{"allow":["GET"]}}],"collection":[{"href":"https:\/\/www.upo.es\/diario\/wp-json\/wp\/v2\/posts"}],"about":[{"href":"https:\/\/www.upo.es\/diario\/wp-json\/wp\/v2\/types\/post"}],"author":[{"embeddable":true,"href":"https:\/\/www.upo.es\/diario\/wp-json\/wp\/v2\/users\/6"}],"replies":[{"embeddable":true,"href":"https:\/\/www.upo.es\/diario\/wp-json\/wp\/v2\/comments?post=30877876"}],"version-history":[{"count":6,"href":"https:\/\/www.upo.es\/diario\/wp-json\/wp\/v2\/posts\/30877876\/revisions"}],"predecessor-version":[{"id":30877886,"href":"https:\/\/www.upo.es\/diario\/wp-json\/wp\/v2\/posts\/30877876\/revisions\/30877886"}],"wp:featuredmedia":[{"embeddable":true,"href":"https:\/\/www.upo.es\/diario\/wp-json\/wp\/v2\/media\/30877878"}],"wp:attachment":[{"href":"https:\/\/www.upo.es\/diario\/wp-json\/wp\/v2\/media?parent=30877876"}],"wp:term":[{"taxonomy":"category","embeddable":true,"href":"https:\/\/www.upo.es\/diario\/wp-json\/wp\/v2\/categories?post=30877876"},{"taxonomy":"post_tag","embeddable":true,"href":"https:\/\/www.upo.es\/diario\/wp-json\/wp\/v2\/tags?post=30877876"}],"curies":[{"name":"wp","href":"https:\/\/api.w.org\/{rel}","templated":true}]}}