{"id":30877903,"date":"2023-04-13T12:39:06","date_gmt":"2023-04-13T10:39:06","guid":{"rendered":"https:\/\/www.upo.es\/diario\/?p=30877903"},"modified":"2023-04-18T14:10:28","modified_gmt":"2023-04-18T12:10:28","slug":"la-upo-acoge-el-i-congreso-estatal-de-estudiantado-universitario-con-discapacidad-intelectual","status":"publish","type":"post","link":"https:\/\/www.upo.es\/diario\/comunidad\/2023\/04\/la-upo-acoge-el-i-congreso-estatal-de-estudiantado-universitario-con-discapacidad-intelectual\/","title":{"rendered":"La UPO acoge el I Congreso estatal de estudiantado universitario con discapacidad intelectual"},"content":{"rendered":"<p><a href=\"https:\/\/www.upo.es\/diario\/wp-content\/uploads\/2023\/04\/imagen_CongreDisca.jpg\"><img loading=\"lazy\" decoding=\"async\" class=\"aligncenter size-large wp-image-30877904\" src=\"https:\/\/www.upo.es\/diario\/wp-content\/uploads\/2023\/04\/imagen_CongreDisca-750x421.jpg\" alt=\"\" width=\"750\" height=\"421\" srcset=\"https:\/\/www.upo.es\/diario\/wp-content\/uploads\/2023\/04\/imagen_CongreDisca-750x421.jpg 750w, https:\/\/www.upo.es\/diario\/wp-content\/uploads\/2023\/04\/imagen_CongreDisca-385x216.jpg 385w, https:\/\/www.upo.es\/diario\/wp-content\/uploads\/2023\/04\/imagen_CongreDisca-768x431.jpg 768w, https:\/\/www.upo.es\/diario\/wp-content\/uploads\/2023\/04\/imagen_CongreDisca.jpg 921w\" sizes=\"auto, (max-width: 750px) 100vw, 750px\" \/><\/a><\/p>\n<p>La Universidad Pablo de Olavide acoge en su Paraninfo durante los d\u00edas 18 y 19 abril el <strong>I Congreso estatal de estudiantado universitario con discapacidad intelectual<\/strong> que organiza junto con la <strong>Universidad Camilo Jos\u00e9 Cela<\/strong> y la <strong>Fundaci\u00f3n Altavista<\/strong> y que tiene como objetivo el desarrollo y la convivencia de los y las estudiantes para poner en valor el conocimiento y las vivencias en la ense\u00f1anza superior.<\/p>\n<p>En este encuentro, participar\u00e1 alumnado de hasta <strong>nueve universidades beneficiarias del Programa Unidiversidad financiado por la Fundaci\u00f3n ONCE y el Fondo Social Europeo<\/strong>, que permite estudiar en la universidad a j\u00f3venes con discapacidad intelectual. En concreto, de la Universidad de Almer\u00eda, Universidad de C\u00f3rdoba, Universidad de Ja\u00e9n, Universidad de Huelva, Universidad de Granada, Universidad de M\u00e1laga y Universidad de Sevilla, adem\u00e1s de las dos organizadoras.<\/p>\n<p>De esta forma, con la colaboraci\u00f3n del <strong>Vicerrectorado de Cultura y Pol\u00edticas Sociales<\/strong>, el <strong>Departamento de Trabajo Social y Servicios Sociales<\/strong> y el <strong>T\u00edtulo Propio FEVIDA de la UPO<\/strong>, este congreso da continuidad al I Encuentro estatal de estudiantado universitario con discapacidad intelectual que celebraron en Madrid durante el pasado curso 2021\/2022 la Universidad Pablo de Olavide junto con la Universidad Camilo Jos\u00e9 Cela y la Fundaci\u00f3n Altavista.<\/p>\n<p>En el programa dise\u00f1ado para este I Congreso estatal comparten espacio acad\u00e9mico el estudiantado con discapacidad intelectual, el estudiantado de Grado, docentes y personal de apoyo en tres mesas tem\u00e1ticas. La primera de ellas, sobre la vida acad\u00e9mica, recoger\u00e1 las ponencias y comunicaciones del estudiantado en relaci\u00f3n a las experiencias con el programa formativo, el aula, las asignaturas y las materias de car\u00e1cter inclusivo. La segunda, que se desarrollar\u00e1 ya en la segunda jornada del mi\u00e9rcoles, versar\u00e1 sobre la estancia en el campus y la implicaci\u00f3n del alumnado en las actividades de igualdad o deportivas. Finalmente, la \u00faltima mesa tiene como tema la autonom\u00eda personal y, en ella, el estudiantado con discapacidad expondr\u00e1 en primera persona la repercusi\u00f3n que ha tenido en su vida el acceso a la universidad.<\/p>\n<p>El congreso se completa con una mesa redonda bajo el t\u00edtulo \u2018La experiencia de las universidades andaluzas con estudiantado universitario con discapacidad intelectual\u2019, en la que participan directores y directoras acad\u00e9micas de programas Unidiversidad.<\/p>\n<h3><strong>FEVIDA en la UPO <\/strong><\/h3>\n<p>En la Universidad Pablo de Olavide, FEVIDA es el t\u00edtulo que da formaci\u00f3n universitaria a personas con discapacidad intelectual y contribuye a mejorar sus opciones de empleo y su autonom\u00eda. Asimismo, se ofrece formaci\u00f3n human\u00edstica de forma personalizada para el desarrollo integral de la persona.<\/p>\n<p>A lo largo de las cinco ediciones que ya se han llevado a cabo, el objetivo principal ha sido que las personas con discapacidad intelectual puedan participar como miembros de pleno derecho en su comunidad y proporcionarles experiencias inclusivas dentro de la comunidad universitaria.<\/p>\n<p>La participaci\u00f3n en el congreso puede realizarse de forma presencial u online. Para la asistencia presencial, la organizaci\u00f3n ha preparado una oferta cultural que incluye una actividad para conocer la ciudad de Sevilla impartida por el profesor Jos\u00e9 Mar\u00eda Miura, del Departamento de Geograf\u00eda, Historia y Filosof\u00eda de la Universidad Pablo de Olavide, y una visita al Real Alc\u00e1zar.<\/p>\n<ul>\n<li>M\u00e1s informaci\u00f3n: <a href=\"https:\/\/eventos.upo.es\/94762\/detail\/i-congreso-estatal-de-estudiantado-universitario-con-discapacidad-intelectual-ii-encuentro-estatal-.html\">https:\/\/eventos.upo.es\/94762\/detail\/i-congreso-estatal-de-estudiantado-universitario-con-discapacidad-intelectual-ii-encuentro-estatal-.html<\/a><\/li>\n<\/ul>\n<p>&nbsp;<\/p>\n","protected":false},"excerpt":{"rendered":"<p>La Universidad Pablo de Olavide acoge en su Paraninfo durante los d\u00edas 18 y 19 abril el I Congreso estatal de estudiantado universitario con discapacidad intelectual que organiza junto con la Universidad Camilo Jos\u00e9 Cela y que tiene como objetivo el desarrollo y la convivencia de los y las estudiantes para poner en valor el conocimiento y las vivencias en la ense\u00f1anza superior.<\/p>\n","protected":false},"author":14,"featured_media":30877906,"comment_status":"closed","ping_status":"open","sticky":false,"template":"","format":"standard","meta":{"_monsterinsights_skip_tracking":false,"_monsterinsights_sitenote_active":false,"_monsterinsights_sitenote_note":"","_monsterinsights_sitenote_category":0,"footnotes":""},"categories":[5842],"tags":[354,4499,21,5402,7405,2878,2540,8335,502],"class_list":["post-30877903","post","type-post","status-publish","format-standard","has-post-thumbnail","hentry","category-comunidad","tag-congreso","tag-discapacidad-intelectual","tag-estudiantes","tag-fondo-social-europeo","tag-fundacion-altavista","tag-fundacion-once","tag-inclusion-social","tag-programa-unidiversidad","tag-universidad"],"_links":{"self":[{"href":"https:\/\/www.upo.es\/diario\/wp-json\/wp\/v2\/posts\/30877903","targetHints":{"allow":["GET"]}}],"collection":[{"href":"https:\/\/www.upo.es\/diario\/wp-json\/wp\/v2\/posts"}],"about":[{"href":"https:\/\/www.upo.es\/diario\/wp-json\/wp\/v2\/types\/post"}],"author":[{"embeddable":true,"href":"https:\/\/www.upo.es\/diario\/wp-json\/wp\/v2\/users\/14"}],"replies":[{"embeddable":true,"href":"https:\/\/www.upo.es\/diario\/wp-json\/wp\/v2\/comments?post=30877903"}],"version-history":[{"count":3,"href":"https:\/\/www.upo.es\/diario\/wp-json\/wp\/v2\/posts\/30877903\/revisions"}],"predecessor-version":[{"id":30877923,"href":"https:\/\/www.upo.es\/diario\/wp-json\/wp\/v2\/posts\/30877903\/revisions\/30877923"}],"wp:featuredmedia":[{"embeddable":true,"href":"https:\/\/www.upo.es\/diario\/wp-json\/wp\/v2\/media\/30877906"}],"wp:attachment":[{"href":"https:\/\/www.upo.es\/diario\/wp-json\/wp\/v2\/media?parent=30877903"}],"wp:term":[{"taxonomy":"category","embeddable":true,"href":"https:\/\/www.upo.es\/diario\/wp-json\/wp\/v2\/categories?post=30877903"},{"taxonomy":"post_tag","embeddable":true,"href":"https:\/\/www.upo.es\/diario\/wp-json\/wp\/v2\/tags?post=30877903"}],"curies":[{"name":"wp","href":"https:\/\/api.w.org\/{rel}","templated":true}]}}