{"id":30877916,"date":"2023-04-13T14:45:17","date_gmt":"2023-04-13T12:45:17","guid":{"rendered":"https:\/\/www.upo.es\/diario\/?p=30877916"},"modified":"2023-04-18T14:10:17","modified_gmt":"2023-04-18T12:10:17","slug":"la-upo-estrecha-su-colaboracion-con-las-universidades-publicas-del-caribe-colombiano","status":"publish","type":"post","link":"https:\/\/www.upo.es\/diario\/institucional\/2023\/04\/la-upo-estrecha-su-colaboracion-con-las-universidades-publicas-del-caribe-colombiano\/","title":{"rendered":"La UPO estrecha su colaboraci\u00f3n con las universidades p\u00fablicas del Caribe colombiano"},"content":{"rendered":"<figure id=\"attachment_30877917\" aria-describedby=\"caption-attachment-30877917\" style=\"width: 750px\" class=\"wp-caption aligncenter\"><a href=\"https:\/\/www.upo.es\/diario\/wp-content\/uploads\/2023\/04\/Conv-SUE-Caribe-1-scaled.jpg\"><img loading=\"lazy\" decoding=\"async\" class=\"size-large wp-image-30877917\" src=\"https:\/\/www.upo.es\/diario\/wp-content\/uploads\/2023\/04\/Conv-SUE-Caribe-1-750x422.jpg\" alt=\"Jairo Torres Oviedo y Francisco Oliva tras la firma del acuerdo en presencia de los rectores de SUE Caribe\" width=\"750\" height=\"422\" srcset=\"https:\/\/www.upo.es\/diario\/wp-content\/uploads\/2023\/04\/Conv-SUE-Caribe-1-750x422.jpg 750w, https:\/\/www.upo.es\/diario\/wp-content\/uploads\/2023\/04\/Conv-SUE-Caribe-1-385x217.jpg 385w, https:\/\/www.upo.es\/diario\/wp-content\/uploads\/2023\/04\/Conv-SUE-Caribe-1-768x432.jpg 768w, https:\/\/www.upo.es\/diario\/wp-content\/uploads\/2023\/04\/Conv-SUE-Caribe-1-1536x864.jpg 1536w, https:\/\/www.upo.es\/diario\/wp-content\/uploads\/2023\/04\/Conv-SUE-Caribe-1-2048x1152.jpg 2048w\" sizes=\"auto, (max-width: 750px) 100vw, 750px\" \/><\/a><figcaption id=\"caption-attachment-30877917\" class=\"wp-caption-text\">En el centro de la imagen, Jairo Torres Oviedo y Francisco Oliva tras la firma del acuerdo en presencia de los rectores de SUE Caribe y del rector de la UNIA<\/figcaption><\/figure>\n<p>El rector de la Universidad Pablo de Olavide, <strong>Francisco Oliva Bl\u00e1zquez<\/strong>, y el presidente del Sistema Universitario Estatal del Caribe colombiano (SUE Caribe), <strong>Jairo Torres Oviedo<\/strong>, han firmado esta ma\u00f1ana un protocolo para estrechar lazos entre la UPO y las universidades p\u00fablicas de esta regi\u00f3n colombiana, con el fin de facilitar la movilidad entre profesorado y estudiantes y realizar actividades conjuntas de formaci\u00f3n e investigaci\u00f3n.<\/p>\n<p>El presidente de SUE Caribe, y rector de la Universidad de C\u00f3rdoba, ha estado acompa\u00f1ado durante la firma de los <strong>rectores que integran esta asociaci\u00f3n de universidades p\u00fablicas de Colombia<\/strong>. De este modo, han estado presentes en el campus de la UPO los rectores Jaime de la Ossa, de la Universidad de Sucre; Carlos Robles, de la Universidad de la Guajira; William Malk\u00fan, de la Universidad de Cartagena; Danilo Hern\u00e1ndez, de la Universidad del Atl\u00e1ntico; Robert Moreno, de la Universidad Popular del Cesar; Pablo Vera, de la Universidad de Magdalena; y David Mosquera, de la Universidad del Choc\u00f3.<\/p>\n<p>Las universidades colombianas que componen SUE Caribe han realizado una visita a Sevilla para<strong> fortalecer la internacionalizaci\u00f3n de los campus y establecer nuevas v\u00edas de colaboraci\u00f3n acad\u00e9mica en programas de grado y postgrado<\/strong>. As\u00ed, con motivo de su estancia en la UPO, han mantenido en la jornada de ayer una reuni\u00f3n de trabajo con el equipo de gobierno de la UPO, y, esta ma\u00f1ana, con los rectores de las universidades de C\u00e1diz, Francisco Piniella; de Huelva, Mar\u00eda Antonia Pe\u00f1a; e Internacional de Andaluc\u00eda, Jos\u00e9 Ignacio Garc\u00eda.<\/p>\n<p><a href=\"https:\/\/www.upo.es\/diario\/wp-content\/uploads\/2023\/04\/Visita-Rectores-Colombia-Familia-2-scaled.jpg\"><img loading=\"lazy\" decoding=\"async\" class=\"aligncenter size-large wp-image-30877919\" src=\"https:\/\/www.upo.es\/diario\/wp-content\/uploads\/2023\/04\/Visita-Rectores-Colombia-Familia-2-750x500.jpg\" alt=\"rectores de SUE Caribe en el campus UPO\" width=\"750\" height=\"500\" srcset=\"https:\/\/www.upo.es\/diario\/wp-content\/uploads\/2023\/04\/Visita-Rectores-Colombia-Familia-2-750x500.jpg 750w, https:\/\/www.upo.es\/diario\/wp-content\/uploads\/2023\/04\/Visita-Rectores-Colombia-Familia-2-385x257.jpg 385w, https:\/\/www.upo.es\/diario\/wp-content\/uploads\/2023\/04\/Visita-Rectores-Colombia-Familia-2-768x512.jpg 768w, https:\/\/www.upo.es\/diario\/wp-content\/uploads\/2023\/04\/Visita-Rectores-Colombia-Familia-2-1536x1024.jpg 1536w, https:\/\/www.upo.es\/diario\/wp-content\/uploads\/2023\/04\/Visita-Rectores-Colombia-Familia-2-2048x1365.jpg 2048w\" sizes=\"auto, (max-width: 750px) 100vw, 750px\" \/><\/a><\/p>\n","protected":false},"excerpt":{"rendered":"<p>El rector de la Universidad Pablo de Olavide, Francisco Oliva Bl\u00e1zquez, y el presidente del Sistema Universitario Estatal del Caribe colombiano (SUE Caribe), Jairo Torres Oviedo, han firmado esta ma\u00f1ana un protocolo para estrechar lazos entre la UPO y las universidades p\u00fablicas de esta regi\u00f3n colombiana, con el fin de facilitar la movilidad entre profesores y estudiantes y realizar actividades conjuntas de formaci\u00f3n e investigaci\u00f3n.<\/p>\n","protected":false},"author":6,"featured_media":30877917,"comment_status":"closed","ping_status":"open","sticky":false,"template":"","format":"standard","meta":{"_monsterinsights_skip_tracking":false,"_monsterinsights_sitenote_active":false,"_monsterinsights_sitenote_note":"","_monsterinsights_sitenote_category":0,"footnotes":""},"categories":[6],"tags":[3125,946,326,925,170,3190,2171,39],"class_list":["post-30877916","post","type-post","status-publish","format-standard","has-post-thumbnail","hentry","category-institucional","tag-caribe-colombiano","tag-colombia","tag-convenio","tag-internacionalizacion","tag-unia","tag-universidad-de-cadiz","tag-universidad-de-huelva","tag-universidades"],"_links":{"self":[{"href":"https:\/\/www.upo.es\/diario\/wp-json\/wp\/v2\/posts\/30877916","targetHints":{"allow":["GET"]}}],"collection":[{"href":"https:\/\/www.upo.es\/diario\/wp-json\/wp\/v2\/posts"}],"about":[{"href":"https:\/\/www.upo.es\/diario\/wp-json\/wp\/v2\/types\/post"}],"author":[{"embeddable":true,"href":"https:\/\/www.upo.es\/diario\/wp-json\/wp\/v2\/users\/6"}],"replies":[{"embeddable":true,"href":"https:\/\/www.upo.es\/diario\/wp-json\/wp\/v2\/comments?post=30877916"}],"version-history":[{"count":4,"href":"https:\/\/www.upo.es\/diario\/wp-json\/wp\/v2\/posts\/30877916\/revisions"}],"predecessor-version":[{"id":30877924,"href":"https:\/\/www.upo.es\/diario\/wp-json\/wp\/v2\/posts\/30877916\/revisions\/30877924"}],"wp:featuredmedia":[{"embeddable":true,"href":"https:\/\/www.upo.es\/diario\/wp-json\/wp\/v2\/media\/30877917"}],"wp:attachment":[{"href":"https:\/\/www.upo.es\/diario\/wp-json\/wp\/v2\/media?parent=30877916"}],"wp:term":[{"taxonomy":"category","embeddable":true,"href":"https:\/\/www.upo.es\/diario\/wp-json\/wp\/v2\/categories?post=30877916"},{"taxonomy":"post_tag","embeddable":true,"href":"https:\/\/www.upo.es\/diario\/wp-json\/wp\/v2\/tags?post=30877916"}],"curies":[{"name":"wp","href":"https:\/\/api.w.org\/{rel}","templated":true}]}}