{"id":30877944,"date":"2023-04-14T01:21:34","date_gmt":"2023-04-13T23:21:34","guid":{"rendered":"https:\/\/www.upo.es\/diario\/?p=30877944"},"modified":"2023-04-15T15:53:04","modified_gmt":"2023-04-15T13:53:04","slug":"la-universidad-pablo-de-olavide-celebra-este-sabado-la-vii-carrera-popular","status":"publish","type":"post","link":"https:\/\/www.upo.es\/diario\/comunidad\/2023\/04\/la-universidad-pablo-de-olavide-celebra-este-sabado-la-vii-carrera-popular\/","title":{"rendered":"La Universidad Pablo de Olavide celebra este s\u00e1bado la VII Carrera Popular"},"content":{"rendered":"<p><a href=\"https:\/\/www.upo.es\/diario\/wp-content\/uploads\/2023\/04\/carrera-popular-upo.jpg\"><img loading=\"lazy\" decoding=\"async\" class=\"aligncenter size-large wp-image-30877945\" src=\"https:\/\/www.upo.es\/diario\/wp-content\/uploads\/2023\/04\/carrera-popular-upo-750x412.jpg\" alt=\"\" width=\"750\" height=\"412\" srcset=\"https:\/\/www.upo.es\/diario\/wp-content\/uploads\/2023\/04\/carrera-popular-upo-750x412.jpg 750w, https:\/\/www.upo.es\/diario\/wp-content\/uploads\/2023\/04\/carrera-popular-upo-385x211.jpg 385w, https:\/\/www.upo.es\/diario\/wp-content\/uploads\/2023\/04\/carrera-popular-upo-768x422.jpg 768w, https:\/\/www.upo.es\/diario\/wp-content\/uploads\/2023\/04\/carrera-popular-upo.jpg 1268w\" sizes=\"auto, (max-width: 750px) 100vw, 750px\" \/><\/a><\/p>\n<p>Este s\u00e1bado 15 de abril, a las 11:00 horas, se celebra la <strong>VII Carrera Popular de la Universidad Pablo de Olavide,<\/strong> organizada por el <strong>Vicerrectorado de Campus Saludable y Deporte a trav\u00e9s del Servicio de Deportes y gestionada por la Fundaci\u00f3n UPO<\/strong>, y que cuenta, un a\u00f1o m\u00e1s, con el componente solidario de donar un euro de cada inscripci\u00f3n a la <strong>Asociaci\u00f3n Amiga por los Derechos Humanos de las Mujeres<\/strong>.<\/p>\n<p>El evento es una gran cita con el deporte y una jornada l\u00fadica y de convivencia que, adem\u00e1s, contar\u00e1 con un calentamiento previo dirigido por parte del personal t\u00e9cnico de la carrera y se ofrecer\u00e1 servicio de guardarropa y puntos de avituallamiento gratuito durante el recorrido y en la zona de meta, en los que se tendr\u00e1 acceso a agua, bebidas isot\u00f3nicas y frutas. Adem\u00e1s, tanto participantes como acompa\u00f1antes podr\u00e1n disfrutar durante la jornada de m\u00fasica, sorteos y actividades complementarias, con especial atenci\u00f3n a los m\u00e1s peque\u00f1os y peque\u00f1as.<\/p>\n<p>La prueba, un circuito de <strong>8 kil\u00f3metros<\/strong> (dos vueltas de 4 kil\u00f3metros), transcurre \u00edntegramente por las instalaciones de la universidad y \u00fanicamente en asfalto. <strong>Dar\u00e1 comienzo a las 11:00 horas y tendr\u00e1 la salida y meta en la Plaza Am\u00e9rica de la Olavide<\/strong>. En ella participar\u00e1n m\u00e1s de 300 corredores y corredoras en las modalidades: estudiantes UPO, personal UPO y absolutas ajenas a la universidad.<\/p>\n<p>Concretamente, en la prueba podr\u00e1n participar todas las personas nacidas en 2006 y a\u00f1os anteriores, estableci\u00e9ndose las siguientes categor\u00edas: juvenil, senior A, senior B, veterano A y veterano B. Asimismo, tambi\u00e9n est\u00e1n las categor\u00edas para personas con diversidad funcional en silla de ruedas y de pie que, a diferencia de las anteriores, se compiten en una categor\u00eda \u00fanica sin distinci\u00f3n de a\u00f1o y nacimiento.<\/p>\n<p>Habr\u00e1 trofeo para la primera persona clasificada de cada categor\u00eda y medalla para la segunda y tercera, as\u00ed como cheques regalo de distintas entidades colaboradoras. Los premios no son acumulativos, de tal forma que los tres primeros premios de la clasificaci\u00f3n general no podr\u00e1n optar a los de su categor\u00eda. Adem\u00e1s, se premiar\u00e1 a la facultad o centro de la UPO con mayor n\u00famero de inscritos e inscritas y a la persona de mayor edad que finalice la carrera.<\/p>\n<p>La recogida de dorsales con chip y la bolsa de la carrera podr\u00e1 realizarse durante la jornada del viernes previo, hasta las 20:00 horas, en las oficinas del Servicio de Deportes de la UPO, situada en el Edificio 18, Celestino Mutis. Asimismo, los y las participantes que no puedan recoger el dorsal en ese momento, podr\u00e1n hacerlo desde las 9:30 horas en el punto de informaci\u00f3n colocado en la Plaza de Am\u00e9rica.<\/p>\n<p>La VII Carrera Popular de la UPO cuenta con la financiaci\u00f3n del Ayuntamiento de Dos Hermanas, la Delegaci\u00f3n del Rector para la Igualdad de G\u00e9nero, el Consejo Social de la Universidad Pablo de Olavide, Metro de Sevilla, Mercasevilla, Laboceutics y el Club N\u00e1utico de Sevilla. Adem\u00e1s, tiene la colaboraci\u00f3n de El Corte Ingl\u00e9s, Coca-Cola, Instituto de la Grasa, Emasesa, Rroppas S.L., Pilates Salud, Diario de Sevilla, Hielos Barrera, Supermercados Supherme, Imprenta Simplificado y Almacenes Molero e Hijos.<\/p>\n<p>Fuente: Fundaci\u00f3n Universidad Pablo de Olavide<\/p>\n","protected":false},"excerpt":{"rendered":"<p>Este s\u00e1bado 15 de abril, a las 11:00 horas, se celebra la VII Carrera Popular de la Universidad Pablo de Olavide, organizada por el Vicerrectorado de Campus Saludable y Deporte a trav\u00e9s del Servicio de Deportes y gestionada por la Fundaci\u00f3n UPO, y que cuenta, un a\u00f1o m\u00e1s, con el componente solidario de donar un euro de cada inscripci\u00f3n a la Asociaci\u00f3n Amiga por los Derechos Humanos de las Mujeres.<\/p>\n","protected":false},"author":14,"featured_media":30877945,"comment_status":"closed","ping_status":"open","sticky":false,"template":"","format":"standard","meta":{"_monsterinsights_skip_tracking":false,"_monsterinsights_sitenote_active":false,"_monsterinsights_sitenote_note":"","_monsterinsights_sitenote_category":0,"footnotes":""},"categories":[5842],"tags":[8279,2238,3912,4778,492,7253],"class_list":["post-30877944","post","type-post","status-publish","format-standard","has-post-thumbnail","hentry","category-comunidad","tag-asociacion-amiga","tag-carrera-popular","tag-fundacion-upo","tag-running","tag-servicio-de-deportes","tag-vicerrectorado-de-campus-saludable-y-deporte"],"_links":{"self":[{"href":"https:\/\/www.upo.es\/diario\/wp-json\/wp\/v2\/posts\/30877944","targetHints":{"allow":["GET"]}}],"collection":[{"href":"https:\/\/www.upo.es\/diario\/wp-json\/wp\/v2\/posts"}],"about":[{"href":"https:\/\/www.upo.es\/diario\/wp-json\/wp\/v2\/types\/post"}],"author":[{"embeddable":true,"href":"https:\/\/www.upo.es\/diario\/wp-json\/wp\/v2\/users\/14"}],"replies":[{"embeddable":true,"href":"https:\/\/www.upo.es\/diario\/wp-json\/wp\/v2\/comments?post=30877944"}],"version-history":[{"count":2,"href":"https:\/\/www.upo.es\/diario\/wp-json\/wp\/v2\/posts\/30877944\/revisions"}],"predecessor-version":[{"id":30877958,"href":"https:\/\/www.upo.es\/diario\/wp-json\/wp\/v2\/posts\/30877944\/revisions\/30877958"}],"wp:featuredmedia":[{"embeddable":true,"href":"https:\/\/www.upo.es\/diario\/wp-json\/wp\/v2\/media\/30877945"}],"wp:attachment":[{"href":"https:\/\/www.upo.es\/diario\/wp-json\/wp\/v2\/media?parent=30877944"}],"wp:term":[{"taxonomy":"category","embeddable":true,"href":"https:\/\/www.upo.es\/diario\/wp-json\/wp\/v2\/categories?post=30877944"},{"taxonomy":"post_tag","embeddable":true,"href":"https:\/\/www.upo.es\/diario\/wp-json\/wp\/v2\/tags?post=30877944"}],"curies":[{"name":"wp","href":"https:\/\/api.w.org\/{rel}","templated":true}]}}