{"id":30877959,"date":"2023-04-15T15:10:01","date_gmt":"2023-04-15T13:10:01","guid":{"rendered":"https:\/\/www.upo.es\/diario\/?p=30877959"},"modified":"2023-04-20T14:37:35","modified_gmt":"2023-04-20T12:37:35","slug":"carmen-valle-said-elbouchikhi-ganadores-septima-carrera-popular-upo","status":"publish","type":"post","link":"https:\/\/www.upo.es\/diario\/comunidad\/2023\/04\/carmen-valle-said-elbouchikhi-ganadores-septima-carrera-popular-upo\/","title":{"rendered":"Carmen Valle y Said Elbouchikhi, ganadores de la VII Carrera Popular de la Universidad Pablo de Olavide"},"content":{"rendered":"<figure id=\"attachment_30877962\" aria-describedby=\"caption-attachment-30877962\" style=\"width: 750px\" class=\"wp-caption aligncenter\"><a href=\"https:\/\/www.upo.es\/diario\/wp-content\/uploads\/2023\/04\/VII-Carrera-Popular-UPO-9992-scaled.jpg\"><img loading=\"lazy\" decoding=\"async\" class=\"size-large wp-image-30877962\" src=\"https:\/\/www.upo.es\/diario\/wp-content\/uploads\/2023\/04\/VII-Carrera-Popular-UPO-9992-750x500.jpg\" alt=\"Salida de la Carrera\" width=\"750\" height=\"500\" srcset=\"https:\/\/www.upo.es\/diario\/wp-content\/uploads\/2023\/04\/VII-Carrera-Popular-UPO-9992-750x500.jpg 750w, https:\/\/www.upo.es\/diario\/wp-content\/uploads\/2023\/04\/VII-Carrera-Popular-UPO-9992-385x257.jpg 385w, https:\/\/www.upo.es\/diario\/wp-content\/uploads\/2023\/04\/VII-Carrera-Popular-UPO-9992-768x512.jpg 768w, https:\/\/www.upo.es\/diario\/wp-content\/uploads\/2023\/04\/VII-Carrera-Popular-UPO-9992-1536x1024.jpg 1536w\" sizes=\"auto, (max-width: 750px) 100vw, 750px\" \/><\/a><figcaption id=\"caption-attachment-30877962\" class=\"wp-caption-text\">Momento de la salida de la VII Carrera Popular<\/figcaption><\/figure>\n<p>La Universidad Pablo de Olavide se ha puesto la equipaci\u00f3n de <em>running<\/em> para acoger, este s\u00e1bado, la<strong> VII edici\u00f3n de la Carrera Popular de la Universidad<\/strong>. Un evento deportivo que ha congregado a cientos de corredores y que ha estado organizado por el Vicerrectorado de Campus Saludable y Deporte y el Servicio de Deportes de la universidad, gestionado por la Fundaci\u00f3n Universidad Pablo de Olavide.<\/p>\n<p>En el evento ha participado numeroso p\u00fablico que ha podido disfrutar de una <strong>jornada deportiva en un ambiente l\u00fadico y festivo<\/strong>. Mientras los adultos corr\u00edan, los m\u00e1s peque\u00f1os han podido divertirse en un espacio dedicado a las manualidades. Desde primera hora de la ma\u00f1ana, la Plaza de Am\u00e9rica de la UPO empez\u00f3 a acoger a los primeros corredores y corredoras, as\u00ed como sus acompa\u00f1antes, que iban llegando poco a poco para realizar el calentamiento que la organizaci\u00f3n ten\u00eda preparado de la mano de Mu\u00e9vete Sevilla. Tras este calentamiento, los corredores empezaban a tomar posiciones en torno al arco de meta.<\/p>\n<p>A las 11 horas, la concejala de Deportes del Ayuntamiento de Dos Hermanas, Victoria Tirsa Herv\u00e1s y la secretaria general de la Universidad, Mar\u00eda Holgado, han dado el pistoletazo de salida a los corredores y corredoras que han participado en esta VII Carrera Popular.<\/p>\n<figure id=\"attachment_30877961\" aria-describedby=\"caption-attachment-30877961\" style=\"width: 385px\" class=\"wp-caption alignright\"><a href=\"https:\/\/www.upo.es\/diario\/wp-content\/uploads\/2023\/04\/VII-Carrera-Popular-UPO-0208-scaled.jpg\"><img loading=\"lazy\" decoding=\"async\" class=\"size-medium wp-image-30877961\" src=\"https:\/\/www.upo.es\/diario\/wp-content\/uploads\/2023\/04\/VII-Carrera-Popular-UPO-0208-385x257.jpg\" alt=\"Said Elbouchikhi\" width=\"385\" height=\"257\" srcset=\"https:\/\/www.upo.es\/diario\/wp-content\/uploads\/2023\/04\/VII-Carrera-Popular-UPO-0208-385x257.jpg 385w, https:\/\/www.upo.es\/diario\/wp-content\/uploads\/2023\/04\/VII-Carrera-Popular-UPO-0208-750x500.jpg 750w, https:\/\/www.upo.es\/diario\/wp-content\/uploads\/2023\/04\/VII-Carrera-Popular-UPO-0208-768x512.jpg 768w, https:\/\/www.upo.es\/diario\/wp-content\/uploads\/2023\/04\/VII-Carrera-Popular-UPO-0208-1536x1024.jpg 1536w, https:\/\/www.upo.es\/diario\/wp-content\/uploads\/2023\/04\/VII-Carrera-Popular-UPO-0208-2048x1365.jpg 2048w\" sizes=\"auto, (max-width: 385px) 100vw, 385px\" \/><\/a><figcaption id=\"caption-attachment-30877961\" class=\"wp-caption-text\">Said Elbouchikhi cruza la meta<\/figcaption><\/figure>\n<p>Cuando apenas hab\u00edan pasado 25 minutos el ganador de la edici\u00f3n anterior, <strong>Said Elbouchikhi<\/strong>, llegaba a la l\u00ednea de meta en uno de los tiempos m\u00e1s r\u00e1pidos de la historia de la prueba (00:25:39), perteneciente al club ASM Marchena. Le han seguido los atletas, Pablo Fern\u00e1ndez, con un tiempo de 00:25:51, y Juan Sig\u00fcenza, que ha hecho la carrera en 00:27:03.<\/p>\n<p>Por su parte, en categor\u00eda femenina, la primera en llegar ha sido <strong>Carmen Valle<\/strong>, del Club Trotasierra, que ha hecho en un tiempo de 00:30:30, seguida de Roc\u00edo Rodr\u00edguez y Julia Garc\u00eda, que han marcado un tiempo de 00:31:14 y 00:31:40, respectivamente.<\/p>\n<p>Entre los premiados se ha reconocido tambi\u00e9n a los clubes con mayor n\u00famero de participantes que en esta ocasi\u00f3n han sido el <strong>Club Orippo<\/strong>, en primer lugar; Club Atletismo Camas, en segundo lugar; y Club de Triatl\u00f3n Isbilya Sloppy Joe\u2019s.<\/p>\n<figure id=\"attachment_30877964\" aria-describedby=\"caption-attachment-30877964\" style=\"width: 385px\" class=\"wp-caption alignright\"><a href=\"https:\/\/www.upo.es\/diario\/wp-content\/uploads\/2023\/04\/VII-Carrera-Popular-UPO-0255-scaled.jpg\"><img loading=\"lazy\" decoding=\"async\" class=\"size-medium wp-image-30877964\" src=\"https:\/\/www.upo.es\/diario\/wp-content\/uploads\/2023\/04\/VII-Carrera-Popular-UPO-0255-385x257.jpg\" alt=\"Carmen Valle\" width=\"385\" height=\"257\" srcset=\"https:\/\/www.upo.es\/diario\/wp-content\/uploads\/2023\/04\/VII-Carrera-Popular-UPO-0255-385x257.jpg 385w, https:\/\/www.upo.es\/diario\/wp-content\/uploads\/2023\/04\/VII-Carrera-Popular-UPO-0255-750x500.jpg 750w, https:\/\/www.upo.es\/diario\/wp-content\/uploads\/2023\/04\/VII-Carrera-Popular-UPO-0255-768x512.jpg 768w, https:\/\/www.upo.es\/diario\/wp-content\/uploads\/2023\/04\/VII-Carrera-Popular-UPO-0255-1536x1024.jpg 1536w, https:\/\/www.upo.es\/diario\/wp-content\/uploads\/2023\/04\/VII-Carrera-Popular-UPO-0255-2048x1365.jpg 2048w\" sizes=\"auto, (max-width: 385px) 100vw, 385px\" \/><\/a><figcaption id=\"caption-attachment-30877964\" class=\"wp-caption-text\">Carmen Valle, ganadora en categor\u00eda femenina<\/figcaption><\/figure>\n<p>Adem\u00e1s, entre los participantes en este evento deportivo y solidario se ha podido ver a grupos de amigos, compa\u00f1eros de trabajo, parejas y familias con ni\u00f1os que no han querido perderse la cita y disfrutar de esta carrera solidaria, donde se ha hecho un reconocimiento a la <strong>Asociaci\u00f3n AMIGA<\/strong> por los Derechos Humanos de las Mujeres, que entre sus funciones destaca la asistencia directa, inmediata, especializada y multidisciplinar a mujeres migrantes v\u00edctimas de g\u00e9nero.<\/p>\n<p>Todo ello amenizado con m\u00fasica por parte del <em>speaker<\/em> Juan Garrido Acevedo. Una carrera sin incidencias que ha finalizado con un reconocimiento a la facultad de Ciencias Experimentales que ha sido la que mayor n\u00famero de inscritos ha tenido en esta edici\u00f3n. Durante la entrega de premios se ha hecho un sorteo de regalos donados por Pilates Salud, el Instituto de la Grasa y El Corte Ingl\u00e9s.<\/p>\n<p>La carrera, organizada por el Vicerrectorado de Campus Saludable y Deporte a trav\u00e9s del Servicio de Deportes y gestionada por la Fundaci\u00f3n UPO, ha contado con la financiaci\u00f3n del <strong>Ayuntamiento de Dos Hermanas, la Delegaci\u00f3n del Rector para la Igualdad de G\u00e9nero, el Consejo Social de la Universidad Pablo de Olavide, Metro de Sevilla, Mercasevilla, Laboceutics y el Club N\u00e1utico de Sevilla<\/strong>. Adem\u00e1s, ha tenido la colaboraci\u00f3n de El Corte Ingl\u00e9s, Coca-Cola, Instituto de la Grasa, Emasesa, Rroppas S.L., Pilates Salud Diario de Sevilla, Nazarena del Hielo, Supermercados Supherme, Imprenta Simplificado y Almacenes Molero e Hijos.<\/p>\n<p><a title=\"VII Carrera Popular de la UPO\" href=\"https:\/\/www.flickr.com\/photos\/pablodeolavide\/albums\/72177720307579778\" data-flickr-embed=\"true\" data-header=\"true\"><img loading=\"lazy\" decoding=\"async\" src=\"https:\/\/live.staticflickr.com\/65535\/52824740113_516194ba4c_z.jpg\" alt=\"VII Carrera Popular de la UPO\" width=\"640\" height=\"480\" \/><\/a><script async src=\"\/\/embedr.flickr.com\/assets\/client-code.js\" charset=\"utf-8\"><\/script><\/p>\n<p>Fuente: Fundaci\u00f3n Universidad Pablo de Olavide<\/p>\n","protected":false},"excerpt":{"rendered":"<p>La Universidad Pablo de Olavide se ha puesto la equipaci\u00f3n de running para acoger, este s\u00e1bado, la VII edici\u00f3n de la Carrera Popular de la Universidad. Un evento deportivo que ha congregado a cientos de corredores y que ha estado organizado por el Vicerrectorado de Campus Saludable y Deporte y el Servicio de Deportes de la universidad, gestionado por la Fundaci\u00f3n Universidad Pablo de Olavide. <\/p>\n","protected":false},"author":6,"featured_media":30877962,"comment_status":"closed","ping_status":"open","sticky":false,"template":"","format":"standard","meta":{"_monsterinsights_skip_tracking":false,"_monsterinsights_sitenote_active":false,"_monsterinsights_sitenote_note":"","_monsterinsights_sitenote_category":0,"footnotes":""},"categories":[5842],"tags":[31,2238,231,2474,232,7253],"class_list":["post-30877959","post","type-post","status-publish","format-standard","has-post-thumbnail","hentry","category-comunidad","tag-atletismo","tag-carrera-popular","tag-deportes-2","tag-fundacion-universidad-pablo-de-olavide","tag-sdupo","tag-vicerrectorado-de-campus-saludable-y-deporte"],"_links":{"self":[{"href":"https:\/\/www.upo.es\/diario\/wp-json\/wp\/v2\/posts\/30877959","targetHints":{"allow":["GET"]}}],"collection":[{"href":"https:\/\/www.upo.es\/diario\/wp-json\/wp\/v2\/posts"}],"about":[{"href":"https:\/\/www.upo.es\/diario\/wp-json\/wp\/v2\/types\/post"}],"author":[{"embeddable":true,"href":"https:\/\/www.upo.es\/diario\/wp-json\/wp\/v2\/users\/6"}],"replies":[{"embeddable":true,"href":"https:\/\/www.upo.es\/diario\/wp-json\/wp\/v2\/comments?post=30877959"}],"version-history":[{"count":6,"href":"https:\/\/www.upo.es\/diario\/wp-json\/wp\/v2\/posts\/30877959\/revisions"}],"predecessor-version":[{"id":30877989,"href":"https:\/\/www.upo.es\/diario\/wp-json\/wp\/v2\/posts\/30877959\/revisions\/30877989"}],"wp:featuredmedia":[{"embeddable":true,"href":"https:\/\/www.upo.es\/diario\/wp-json\/wp\/v2\/media\/30877962"}],"wp:attachment":[{"href":"https:\/\/www.upo.es\/diario\/wp-json\/wp\/v2\/media?parent=30877959"}],"wp:term":[{"taxonomy":"category","embeddable":true,"href":"https:\/\/www.upo.es\/diario\/wp-json\/wp\/v2\/categories?post=30877959"},{"taxonomy":"post_tag","embeddable":true,"href":"https:\/\/www.upo.es\/diario\/wp-json\/wp\/v2\/tags?post=30877959"}],"curies":[{"name":"wp","href":"https:\/\/api.w.org\/{rel}","templated":true}]}}