{"id":30877980,"date":"2023-04-17T14:19:39","date_gmt":"2023-04-17T12:19:39","guid":{"rendered":"https:\/\/www.upo.es\/diario\/?p=30877980"},"modified":"2023-04-24T13:10:08","modified_gmt":"2023-04-24T11:10:08","slug":"el-rector-recoge-el-premio-social-de-la-junta-de-andalucia-a-la-oficina-de-voluntariado-de-la-upo","status":"publish","type":"post","link":"https:\/\/www.upo.es\/diario\/institucional\/2023\/04\/el-rector-recoge-el-premio-social-de-la-junta-de-andalucia-a-la-oficina-de-voluntariado-de-la-upo\/","title":{"rendered":"El rector recoge el Premio + Social de la Junta de Andaluc\u00eda a la Oficina de Voluntariado de la UPO"},"content":{"rendered":"<figure id=\"attachment_30877981\" aria-describedby=\"caption-attachment-30877981\" style=\"width: 750px\" class=\"wp-caption aligncenter\"><a href=\"https:\/\/www.upo.es\/diario\/wp-content\/uploads\/2023\/04\/foto1_MasSocial1.jpg\"><img loading=\"lazy\" decoding=\"async\" class=\"wp-image-30877981 size-large\" src=\"https:\/\/www.upo.es\/diario\/wp-content\/uploads\/2023\/04\/foto1_MasSocial1-750x499.jpg\" alt=\"\" width=\"750\" height=\"499\" srcset=\"https:\/\/www.upo.es\/diario\/wp-content\/uploads\/2023\/04\/foto1_MasSocial1-750x499.jpg 750w, https:\/\/www.upo.es\/diario\/wp-content\/uploads\/2023\/04\/foto1_MasSocial1-385x256.jpg 385w, https:\/\/www.upo.es\/diario\/wp-content\/uploads\/2023\/04\/foto1_MasSocial1-768x511.jpg 768w, https:\/\/www.upo.es\/diario\/wp-content\/uploads\/2023\/04\/foto1_MasSocial1-165x109.jpg 165w, https:\/\/www.upo.es\/diario\/wp-content\/uploads\/2023\/04\/foto1_MasSocial1.jpg 1024w\" sizes=\"auto, (max-width: 750px) 100vw, 750px\" \/><\/a><figcaption id=\"caption-attachment-30877981\" class=\"wp-caption-text\">La secretar\u00eda general de Familias, Igualdad, Violencia de G\u00e9nero y Diversidad, Ana Mata, entrega el Premio Andaluc\u00eda + Social a Francisco Oliva<\/figcaption><\/figure>\n<p>El rector de la Universidad Pablo de Olavide, <strong>Francisco Oliva<\/strong>, ha recogido el <strong>Premio Andaluc\u00eda + Social<\/strong> que ha concedido la <strong>Consejer\u00eda de Inclusi\u00f3n Social, Juventud, Familias e Igualdad<\/strong> de la Junta de Andaluc\u00eda a la <a href=\"https:\/\/www.upo.es\/upsc\/voluntariado\/\"><strong>Oficina de Voluntariado y Compromiso Social<\/strong><\/a> en la modalidad de buenas pr\u00e1cticas en materia de voluntariado en una gala que ha tenido lugar en el Parque de las Ciencias de Andaluc\u00eda en Granada.<\/p>\n<p>Francisco Oliva ha se\u00f1alado que, desde su creaci\u00f3n, la Universidad Pablo de Olavide ha tenido el compromiso social entre sus se\u00f1as de identidad y ha destacado <strong>la creaci\u00f3n de la Oficina de Voluntariado y Compromiso Social en 1999, la primera en las universidades p\u00fablicas andaluzas<\/strong>. \u201cM\u00e1s de 10.000 universitarios y universitarias han colaborado en actividades, programas y proyectos de voluntariado a lo largo de estos a\u00f1os, con la participaci\u00f3n de unas 300 entidades del tercer sector con las que se han firmado convenios de colaboraci\u00f3n\u201d, ha remarcado. Por su parte, la consejera de Inclusi\u00f3n Social, Juventud, Familias e Igualdad, Loles L\u00f3pez, ha subrayado que estos galardones evidencian \u201cla calidez humana y el arraigado compromiso social que hay en nuestra Comunidad Aut\u00f3noma\u201d.<\/p>\n<p>Junto con el rector, la representaci\u00f3n de la UPO ha estado formada por el vicerrector de Cultura y Pol\u00edticas Sociales, <strong>David Cobos<\/strong>; la directora general de Inclusi\u00f3n y Pol\u00edticas Socioculturales, <strong>Mar\u00eda Jos\u00e9 Parejo<\/strong>; la jefa de la Unidad de Pol\u00edticas Sociales, Igualdad y Cultura, <strong>Teresa Moreno<\/strong>; la responsable de la Oficina de Voluntariado, <strong>Inmaculada Sancho<\/strong>; el coordinador del \u00c1rea de Cultura y Pol\u00edticas Sociales de la FUPO, <strong>Alfonso Bl\u00e1zquez<\/strong>; y las t\u00e9cnicas de la FUPO adscritas, <strong>Paula Carmona y Vanessa Mar\u00edn<\/strong>.<\/p>\n<p>Actualmente adscrita al Vicerrectorado de Cultura y Pol\u00edticas Sociales, la Oficina de Voluntariado desarrolla acciones en cuatro l\u00edneas de trabajo como son sensibilizaci\u00f3n, formaci\u00f3n, intervenci\u00f3n e investigaci\u00f3n. Por otra parte, desde el a\u00f1o 2009, la Universidad est\u00e1 acreditada como entidad de acogida y env\u00edo de personas voluntarias para participar en proyectos solidarios y, en la actualidad, es la \u00fanica universidad andaluza acreditada con el Sello de Calidad para participar en el Cuerpo Europeo de Solidaridad.<\/p>\n<p>Para la concesi\u00f3n del Premio Andaluc\u00eda + Social a la Universidad Pablo de Olavide, la Junta de Andaluc\u00eda tambi\u00e9n ha tenido en cuenta la creaci\u00f3n del Observatorio Andaluz de Voluntariado en 2002, que se transform\u00f3 en el <strong>Observatorio Andaluz del Voluntariado Universitario<\/strong> en 2007 para convertirse en una estructura liderada por la UPO, pero con la participaci\u00f3n de las universidades p\u00fablicas andaluzas, para la investigaci\u00f3n, el diagn\u00f3stico y la evaluaci\u00f3n del fen\u00f3meno del voluntariado universitario, as\u00ed como para visibilizar todas sus acciones.<\/p>\n<p>Este reconocimiento a la Oficina de Voluntariado se suma al Premio Sevilla Joven 2003, el Premio del Centro Regional de Transfusiones Sangu\u00edneas, la audiencia en el Palacio de la Zarzuela por su d\u00e9cimo aniversario, el Premio a la Solidaridad 2010 de la Fundaci\u00f3n Prodean y el Premio al Voluntariado 2018 de Cruz Roja.<\/p>\n<h3><strong>Hasta 19 premios y una Menci\u00f3n Especial<\/strong><\/h3>\n<p><a href=\"https:\/\/www.upo.es\/diario\/wp-content\/uploads\/2023\/04\/foto4_MasSocial4.jpg\"><img loading=\"lazy\" decoding=\"async\" class=\"alignright size-medium wp-image-30877982\" src=\"https:\/\/www.upo.es\/diario\/wp-content\/uploads\/2023\/04\/foto4_MasSocial4-385x257.jpg\" alt=\"\" width=\"385\" height=\"257\" srcset=\"https:\/\/www.upo.es\/diario\/wp-content\/uploads\/2023\/04\/foto4_MasSocial4-385x257.jpg 385w, https:\/\/www.upo.es\/diario\/wp-content\/uploads\/2023\/04\/foto4_MasSocial4-750x500.jpg 750w, https:\/\/www.upo.es\/diario\/wp-content\/uploads\/2023\/04\/foto4_MasSocial4-768x512.jpg 768w, https:\/\/www.upo.es\/diario\/wp-content\/uploads\/2023\/04\/foto4_MasSocial4-1536x1024.jpg 1536w, https:\/\/www.upo.es\/diario\/wp-content\/uploads\/2023\/04\/foto4_MasSocial4-165x109.jpg 165w, https:\/\/www.upo.es\/diario\/wp-content\/uploads\/2023\/04\/foto4_MasSocial4-1320x880.jpg 1320w, https:\/\/www.upo.es\/diario\/wp-content\/uploads\/2023\/04\/foto4_MasSocial4.jpg 1599w\" sizes=\"auto, (max-width: 385px) 100vw, 385px\" \/><\/a>Junto con la UPO, la Consejer\u00eda de Inclusi\u00f3n Social ha entregado, en la modalidad auton\u00f3mica, los premios al Centro de Innovaci\u00f3n Social \u2018La Noria\u2019 de la Diputaci\u00f3n de M\u00e1laga; la Asociaci\u00f3n de Familiares de Enfermos de Alzheimer de Lepe y Entorno \u2018AFALE\u2019; la Asociaci\u00f3n \u00cdtaca para el Desarrollo e Inclusi\u00f3n de la Infancia y Juventud; la Asociaci\u00f3n de personas con discapacidad f\u00edsica, ps\u00edquica, sensorial y org\u00e1nica Anpehi; el proyecto \u2018Compartir es Vida\u2019 del Ayuntamiento de Churriana de la Vega (Granada); la Asociaci\u00f3n Entre Amigos de Sevilla; el Servicio de Asistencia a V\u00edctimas en Andaluc\u00eda (SAVA); la Asociaci\u00f3n VIH\/SIDA Adhara; el programa UniverDI de la Universidad de Ja\u00e9n; y el proyecto \u2018Espacio de respiro familiar en el mercadillo municipal del Arenal\u2019 promovido por la Asociaci\u00f3n de Comerciantes Aut\u00f3nomos Ambulantes de C\u00f3rdoba.<\/p>\n<p>A estos reconocimientos, se a\u00f1ade una Menci\u00f3n Especial a la Fundaci\u00f3n Granadina Solidaridad Virgen de las Angustias de Proyecto Hombre Granada y los ocho premios provinciales concedidos: Asociaci\u00f3n de Personas con Discapacidad Ver de Olula (Almer\u00eda); \u2018Capacitad@s: Servicio de Fegadi Cocemfe para la inclusi\u00f3n social\u2019 de la Federaci\u00f3n Gaditana de personas con discapacidad f\u00edsica y\/u org\u00e1nica (C\u00e1diz); Fundaci\u00f3n Hogar Renacer (C\u00f3rdoba); Hospital San Rafael de la Orden Hospitalaria de San Juan de Dios (Granada); el joven conocido como \u2018Luippi\u2019, con el proyecto \u2018Con Limitaciones pero Sin L\u00edmites\u2019 (Huelva); el IES Fuente de la Pe\u00f1a (Ja\u00e9n); Asociaci\u00f3n Familiares de Enfermos de Alzheimer y otras demencias de Fuengirola-Mijas Costa (M\u00e1laga); y Compa\u00f1\u00eda Danza Mobile SL (Sevilla).<\/p>\n<p>Las estatuillas de los Premios Andaluc\u00eda + Social han sido realizadas por los usuarios y usuarias del centro ocupacional de personas con discapacidad intelectual \u2018Javier Pe\u00f1a\u2019 de Almer\u00eda.<\/p>\n<figure id=\"attachment_30877985\" aria-describedby=\"caption-attachment-30877985\" style=\"width: 750px\" class=\"wp-caption aligncenter\"><a href=\"https:\/\/www.upo.es\/diario\/wp-content\/uploads\/2023\/04\/foto7_MasSocial7.jpg\"><img loading=\"lazy\" decoding=\"async\" class=\"size-large wp-image-30877985\" src=\"https:\/\/www.upo.es\/diario\/wp-content\/uploads\/2023\/04\/foto7_MasSocial7-750x493.jpg\" alt=\"\" width=\"750\" height=\"493\" srcset=\"https:\/\/www.upo.es\/diario\/wp-content\/uploads\/2023\/04\/foto7_MasSocial7-750x493.jpg 750w, https:\/\/www.upo.es\/diario\/wp-content\/uploads\/2023\/04\/foto7_MasSocial7-385x253.jpg 385w, https:\/\/www.upo.es\/diario\/wp-content\/uploads\/2023\/04\/foto7_MasSocial7-768x505.jpg 768w, https:\/\/www.upo.es\/diario\/wp-content\/uploads\/2023\/04\/foto7_MasSocial7-1536x1010.jpg 1536w, https:\/\/www.upo.es\/diario\/wp-content\/uploads\/2023\/04\/foto7_MasSocial7-380x250.jpg 380w, https:\/\/www.upo.es\/diario\/wp-content\/uploads\/2023\/04\/foto7_MasSocial7-760x500.jpg 760w, https:\/\/www.upo.es\/diario\/wp-content\/uploads\/2023\/04\/foto7_MasSocial7-165x109.jpg 165w, https:\/\/www.upo.es\/diario\/wp-content\/uploads\/2023\/04\/foto7_MasSocial7-1320x868.jpg 1320w, https:\/\/www.upo.es\/diario\/wp-content\/uploads\/2023\/04\/foto7_MasSocial7.jpg 1539w\" sizes=\"auto, (max-width: 750px) 100vw, 750px\" \/><\/a><figcaption id=\"caption-attachment-30877985\" class=\"wp-caption-text\">Paula Carmona, Alfonso Bl\u00e1zquez, Mar\u00eda Jos\u00e9 Parejo, Francisco Oliva, David Cobos, Inmaculada Sancho, Vanessa Mar\u00edn y Teresa Moreno<\/figcaption><\/figure>\n","protected":false},"excerpt":{"rendered":"<p>El rector de la Universidad Pablo de Olavide, Francisco Oliva, ha recogido el Premio Andaluc\u00eda + Social que ha concedido la Consejer\u00eda de Inclusi\u00f3n Social, Juventud, Familias e Igualdad de la Junta de Andaluc\u00eda a la Oficina de Voluntariado y Compromiso Social en la modalidad de buenas pr\u00e1cticas en materia de voluntariado en una gala que ha tenido lugar en el Parque de las Ciencias de Andaluc\u00eda en Granada.<\/p>\n","protected":false},"author":14,"featured_media":30877981,"comment_status":"closed","ping_status":"open","sticky":false,"template":"","format":"standard","meta":{"_monsterinsights_skip_tracking":false,"_monsterinsights_sitenote_active":false,"_monsterinsights_sitenote_note":"","_monsterinsights_sitenote_category":0,"footnotes":""},"categories":[6],"tags":[8123,517,1391,1315,394,8339,7194,86],"class_list":["post-30877980","post","type-post","status-publish","format-standard","has-post-thumbnail","hentry","category-institucional","tag-consejeria-de-inclusion-social","tag-igualdad","tag-observatorio-andaluz-de-voluntariado-universitario","tag-oficina-de-voluntariado","tag-participacion-social","tag-premio-andalucia-social","tag-vicerrectorado-de-cultura-y-politicas-sociales","tag-voluntariado"],"_links":{"self":[{"href":"https:\/\/www.upo.es\/diario\/wp-json\/wp\/v2\/posts\/30877980","targetHints":{"allow":["GET"]}}],"collection":[{"href":"https:\/\/www.upo.es\/diario\/wp-json\/wp\/v2\/posts"}],"about":[{"href":"https:\/\/www.upo.es\/diario\/wp-json\/wp\/v2\/types\/post"}],"author":[{"embeddable":true,"href":"https:\/\/www.upo.es\/diario\/wp-json\/wp\/v2\/users\/14"}],"replies":[{"embeddable":true,"href":"https:\/\/www.upo.es\/diario\/wp-json\/wp\/v2\/comments?post=30877980"}],"version-history":[{"count":5,"href":"https:\/\/www.upo.es\/diario\/wp-json\/wp\/v2\/posts\/30877980\/revisions"}],"predecessor-version":[{"id":30877990,"href":"https:\/\/www.upo.es\/diario\/wp-json\/wp\/v2\/posts\/30877980\/revisions\/30877990"}],"wp:featuredmedia":[{"embeddable":true,"href":"https:\/\/www.upo.es\/diario\/wp-json\/wp\/v2\/media\/30877981"}],"wp:attachment":[{"href":"https:\/\/www.upo.es\/diario\/wp-json\/wp\/v2\/media?parent=30877980"}],"wp:term":[{"taxonomy":"category","embeddable":true,"href":"https:\/\/www.upo.es\/diario\/wp-json\/wp\/v2\/categories?post=30877980"},{"taxonomy":"post_tag","embeddable":true,"href":"https:\/\/www.upo.es\/diario\/wp-json\/wp\/v2\/tags?post=30877980"}],"curies":[{"name":"wp","href":"https:\/\/api.w.org\/{rel}","templated":true}]}}