{"id":30877992,"date":"2023-04-18T13:45:51","date_gmt":"2023-04-18T11:45:51","guid":{"rendered":"https:\/\/www.upo.es\/diario\/?p=30877992"},"modified":"2023-04-20T14:37:32","modified_gmt":"2023-04-20T12:37:32","slug":"mas-de-200-participantes-en-el-i-congreso-estatal-de-estudiantado-universitario-con-discapacidad-intelectual-en-la-upo","status":"publish","type":"post","link":"https:\/\/www.upo.es\/diario\/comunidad\/2023\/04\/mas-de-200-participantes-en-el-i-congreso-estatal-de-estudiantado-universitario-con-discapacidad-intelectual-en-la-upo\/","title":{"rendered":"M\u00e1s de 200 participantes en el I Congreso estatal de estudiantado universitario con discapacidad intelectual en la UPO"},"content":{"rendered":"<figure id=\"attachment_30877993\" aria-describedby=\"caption-attachment-30877993\" style=\"width: 750px\" class=\"wp-caption aligncenter\"><a href=\"https:\/\/www.upo.es\/diario\/wp-content\/uploads\/2023\/04\/Cong-Est-Discap-Intelect-2-scaled.jpg\"><img loading=\"lazy\" decoding=\"async\" class=\"size-large wp-image-30877993\" src=\"https:\/\/www.upo.es\/diario\/wp-content\/uploads\/2023\/04\/Cong-Est-Discap-Intelect-2-750x500.jpg\" alt=\"\" width=\"750\" height=\"500\" srcset=\"https:\/\/www.upo.es\/diario\/wp-content\/uploads\/2023\/04\/Cong-Est-Discap-Intelect-2-750x500.jpg 750w, https:\/\/www.upo.es\/diario\/wp-content\/uploads\/2023\/04\/Cong-Est-Discap-Intelect-2-385x257.jpg 385w, https:\/\/www.upo.es\/diario\/wp-content\/uploads\/2023\/04\/Cong-Est-Discap-Intelect-2-768x512.jpg 768w, https:\/\/www.upo.es\/diario\/wp-content\/uploads\/2023\/04\/Cong-Est-Discap-Intelect-2-1536x1024.jpg 1536w, https:\/\/www.upo.es\/diario\/wp-content\/uploads\/2023\/04\/Cong-Est-Discap-Intelect-2-2048x1365.jpg 2048w\" sizes=\"auto, (max-width: 750px) 100vw, 750px\" \/><\/a><figcaption id=\"caption-attachment-30877993\" class=\"wp-caption-text\">Inauguraci\u00f3n del I Congreso estatal de estudiantado universitario con discapacidad intelectual<\/figcaption><\/figure>\n<p>El vicerrector de Cultura y Pol\u00edticas Sociales de la Universidad Pablo de Olavide, <strong>David Cobos Sanchiz<\/strong>, ha inaugurado el <strong>I Congreso estatal de estudiantado universitario con discapacidad intelectual<\/strong> que organiza la UPO durante los d\u00edas 18 y 19 abril junto con la Universidad Camilo Jos\u00e9 Celta y la Fundaci\u00f3n Altavista. Con <strong>m\u00e1s de 200 participantes<\/strong>, este foro tiene como objetivo el desarrollo y la convivencia de los y las estudiantes para poner en valor el conocimiento y las vivencias en la ense\u00f1anza superior.<\/p>\n<p>La mesa inaugural ha contado, adem\u00e1s, con la participaci\u00f3n del vicerrector de Investigaci\u00f3n y Ciencia de la Universidad Camilo Jos\u00e9 Cela, <strong>Francisco L\u00f3pez Mu\u00f1oz<\/strong>; la directora acad\u00e9mica del T\u00edtulo Propio FEVIDA de la UPO y decana de la Facultad de Ciencias Sociales, <strong>Rosa Mar\u00eda D\u00edaz Jim\u00e9nez<\/strong>; la directora acad\u00e9mica del Experto Universitario en Competencias Sociolaborales de la Universidad Camilo Jos\u00e9 Cela, <strong>Joanne Mampaso Desbrow<\/strong>; la responsable del Programas de Universidades y Promoci\u00f3n del Talento Joven de la Fundaci\u00f3n ONCE, <strong>Carolina L\u00f3pez Carracedo<\/strong>; y el director general de la Fundaci\u00f3n Altavista, <strong>Alejandro Hern\u00e1ndez Jaramillo<\/strong>. Tambi\u00e9n ha asistido a la inauguraci\u00f3n la directora general de Inclusi\u00f3n y Pol\u00edticas Socioculturales de la UPO, <strong>Mar\u00eda Jos\u00e9 Parejo Guzm\u00e1n<\/strong>.<\/p>\n<p>El vicerrector ha destacado \u201cel impresionante desarrollo de esta iniciativa\u201d al pasar de encuentro a congreso con la incorporaci\u00f3n de m\u00e1s universidades porque \u201ceste es el inicio de un proceso con cada vez m\u00e1s relevancia tanto en lo social como en lo acad\u00e9mico, es decir, una experiencia de aprendizaje de alto nivel\u201d. Asimismo, ha recordado que el compromiso social \u201ces una marca de la Universidad Pablo de Olavide desde sus inicios\u201d y el trabajo que ha desarrollado para convertirse en una universidad de referencia en este \u00e1mbito.<\/p>\n<p>Por su parte, Francisco L\u00f3pez ha calificado de \u201cprivilegio\u201d el hecho de llevar a cabo este congreso junto con la Universidad Pablo de Olavide. \u201cEste proyecto supone un hito muy relevante porque es pionero en cuanto a la promoci\u00f3n de la movilidad e intercambio de experiencias para crear un espacio universitario permanente para el estudiantado con discapacidad intelectual\u201d, ha remarcado.<\/p>\n<p>En este I Congreso estatal participar\u00e1 alumnado de hasta nueve universidades beneficiarias del Programa Unidiversidad financiado por la Fundaci\u00f3n ONCE y el Fondo Social Europeo, que permite estudiar en la universidad a j\u00f3venes con discapacidad intelectual. En concreto, de la<strong> Universidad de Almer\u00eda, Universidad de C\u00f3rdoba, Universidad de Ja\u00e9n, Universidad de Huelva, Universidad de Granada, Universidad de M\u00e1laga y Universidad de Sevilla<\/strong>, adem\u00e1s de las dos organizadoras.<\/p>\n<figure id=\"attachment_30877995\" aria-describedby=\"caption-attachment-30877995\" style=\"width: 385px\" class=\"wp-caption alignright\"><a href=\"https:\/\/www.upo.es\/diario\/wp-content\/uploads\/2023\/04\/Cong-Est-Discap-Intelect-1-scaled.jpg\"><img loading=\"lazy\" decoding=\"async\" class=\"size-medium wp-image-30877995\" src=\"https:\/\/www.upo.es\/diario\/wp-content\/uploads\/2023\/04\/Cong-Est-Discap-Intelect-1-385x217.jpg\" alt=\"\" width=\"385\" height=\"217\" srcset=\"https:\/\/www.upo.es\/diario\/wp-content\/uploads\/2023\/04\/Cong-Est-Discap-Intelect-1-385x217.jpg 385w, https:\/\/www.upo.es\/diario\/wp-content\/uploads\/2023\/04\/Cong-Est-Discap-Intelect-1-750x422.jpg 750w, https:\/\/www.upo.es\/diario\/wp-content\/uploads\/2023\/04\/Cong-Est-Discap-Intelect-1-768x432.jpg 768w, https:\/\/www.upo.es\/diario\/wp-content\/uploads\/2023\/04\/Cong-Est-Discap-Intelect-1-1536x864.jpg 1536w, https:\/\/www.upo.es\/diario\/wp-content\/uploads\/2023\/04\/Cong-Est-Discap-Intelect-1-2048x1152.jpg 2048w\" sizes=\"auto, (max-width: 385px) 100vw, 385px\" \/><\/a><figcaption id=\"caption-attachment-30877995\" class=\"wp-caption-text\">Carolina L\u00f3pez, Rosa D\u00edaz, David Cobos, Francisco L\u00f3pez, Joanne Mampaso y Alejandro Hern\u00e1ndez<\/figcaption><\/figure>\n<p>De esta forma, con la colaboraci\u00f3n del<strong> Vicerrectorado de Cultura y Pol\u00edticas Sociales, el Departamento de Trabajo Social y Servicios Sociales y el T\u00edtulo Propio FEVIDA de la UPO<\/strong>, este congreso da continuidad al I Encuentro estatal de estudiantado universitario con discapacidad intelectual que celebraron en Madrid durante el pasado curso la Universidad Pablo de Olavide junto con la Camilo Jos\u00e9 Cela y la Fundaci\u00f3n Altavista.<\/p>\n<p>En el programa dise\u00f1ado para este I Congreso estatal comparten espacio acad\u00e9mico el estudiantado con discapacidad intelectual, el estudiantado de Grado, docentes y personal de apoyo en tres mesas tem\u00e1ticas. La primera de ellas, sobre la vida acad\u00e9mica, recoger\u00e1 las ponencias y comunicaciones del estudiantado en relaci\u00f3n a las experiencias con el programa formativo, el aula, las asignaturas y las materias de car\u00e1cter inclusivo. La segunda, que se desarrollar\u00e1 ya en la segunda jornada del mi\u00e9rcoles, versar\u00e1 sobre la estancia en el campus y la implicaci\u00f3n del alumnado en las actividades de igualdad o deportivas. Finalmente, la \u00faltima mesa tiene como tema la autonom\u00eda personal y, en ella, el estudiantado con discapacidad expondr\u00e1 en primera persona la repercusi\u00f3n que ha tenido en su vida el acceso a la universidad.<\/p>\n<p>El congreso se completa con una mesa redonda bajo el t\u00edtulo \u2018La experiencia de las universidades andaluzas con estudiantado universitario con discapacidad intelectual\u2019, en la que participan directores y directoras acad\u00e9micas de programas Unidiversidad.<\/p>\n<p>La participaci\u00f3n en el congreso puede realizarse de forma presencial u <em>online<\/em>. Para la asistencia presencial, la organizaci\u00f3n ha preparado una oferta cultural que incluye una actividad para conocer la ciudad de Sevilla impartida por el profesor Jos\u00e9 Mar\u00eda Miura, del Departamento de Geograf\u00eda, Historia y Filosof\u00eda de la Universidad Pablo de Olavide, y una visita al Real Alc\u00e1zar.<\/p>\n<ul>\n<li>M\u00e1s informaci\u00f3n: <a href=\"https:\/\/eventos.upo.es\/94762\/detail\/i-congreso-estatal-de-estudiantado-universitario-con-discapacidad-intelectual-ii-encuentro-estatal-.html\">https:\/\/eventos.upo.es\/94762\/detail\/i-congreso-estatal-de-estudiantado-universitario-con-discapacidad-intelectual-ii-encuentro-estatal-.html<\/a><\/li>\n<\/ul>\n<p><a title=\"I Congreso estatal de estudiantado universitario con discapacidad intelectual\" href=\"https:\/\/www.flickr.com\/photos\/pablodeolavide\/albums\/72177720307595692\" data-flickr-embed=\"true\" data-header=\"true\"><img loading=\"lazy\" decoding=\"async\" src=\"https:\/\/live.staticflickr.com\/65535\/52827434049_fca6fc8f8a_z.jpg\" alt=\"I Congreso estatal de estudiantado universitario con discapacidad intelectual\" width=\"640\" height=\"480\" \/><\/a><script async src=\"\/\/embedr.flickr.com\/assets\/client-code.js\" charset=\"utf-8\"><\/script><\/p>\n","protected":false},"excerpt":{"rendered":"<p>El vicerrector de Cultura y Pol\u00edticas Sociales de la Universidad Pablo de Olavide, David Cobos Sanchiz, ha inaugurado el I Congreso estatal de estudiantado universitario con discapacidad intelectual que organiza la UPO durante los d\u00edas 18 y 19 abril junto con la Universidad Camilo Jos\u00e9 Celta y la Fundaci\u00f3n Altavista. Con m\u00e1s de 200 participantes, este foro tiene como objetivo el desarrollo y la convivencia de los y las estudiantes para poner en valor el conocimiento y las vivencias en la ense\u00f1anza superior.<\/p>\n","protected":false},"author":14,"featured_media":30877993,"comment_status":"closed","ping_status":"open","sticky":false,"template":"","format":"standard","meta":{"_monsterinsights_skip_tracking":false,"_monsterinsights_sitenote_active":false,"_monsterinsights_sitenote_note":"","_monsterinsights_sitenote_category":0,"footnotes":""},"categories":[5842],"tags":[354,4499,21,5056,7405,2878,7917,7194],"class_list":["post-30877992","post","type-post","status-publish","format-standard","has-post-thumbnail","hentry","category-comunidad","tag-congreso","tag-discapacidad-intelectual","tag-estudiantes","tag-fevida","tag-fundacion-altavista","tag-fundacion-once","tag-universidad-camilo-jose-cela","tag-vicerrectorado-de-cultura-y-politicas-sociales"],"_links":{"self":[{"href":"https:\/\/www.upo.es\/diario\/wp-json\/wp\/v2\/posts\/30877992","targetHints":{"allow":["GET"]}}],"collection":[{"href":"https:\/\/www.upo.es\/diario\/wp-json\/wp\/v2\/posts"}],"about":[{"href":"https:\/\/www.upo.es\/diario\/wp-json\/wp\/v2\/types\/post"}],"author":[{"embeddable":true,"href":"https:\/\/www.upo.es\/diario\/wp-json\/wp\/v2\/users\/14"}],"replies":[{"embeddable":true,"href":"https:\/\/www.upo.es\/diario\/wp-json\/wp\/v2\/comments?post=30877992"}],"version-history":[{"count":4,"href":"https:\/\/www.upo.es\/diario\/wp-json\/wp\/v2\/posts\/30877992\/revisions"}],"predecessor-version":[{"id":30878045,"href":"https:\/\/www.upo.es\/diario\/wp-json\/wp\/v2\/posts\/30877992\/revisions\/30878045"}],"wp:featuredmedia":[{"embeddable":true,"href":"https:\/\/www.upo.es\/diario\/wp-json\/wp\/v2\/media\/30877993"}],"wp:attachment":[{"href":"https:\/\/www.upo.es\/diario\/wp-json\/wp\/v2\/media?parent=30877992"}],"wp:term":[{"taxonomy":"category","embeddable":true,"href":"https:\/\/www.upo.es\/diario\/wp-json\/wp\/v2\/categories?post=30877992"},{"taxonomy":"post_tag","embeddable":true,"href":"https:\/\/www.upo.es\/diario\/wp-json\/wp\/v2\/tags?post=30877992"}],"curies":[{"name":"wp","href":"https:\/\/api.w.org\/{rel}","templated":true}]}}