{"id":30878046,"date":"2023-04-19T09:56:20","date_gmt":"2023-04-19T07:56:20","guid":{"rendered":"https:\/\/www.upo.es\/diario\/?p=30878046"},"modified":"2023-04-20T12:17:24","modified_gmt":"2023-04-20T10:17:24","slug":"mas-de-3-000-estudiantes-de-secundaria-y-bachillerato-visitan-la-upo-en-las-jornadas-de-puertas-abiertas","status":"publish","type":"post","link":"https:\/\/www.upo.es\/diario\/institucional\/2023\/04\/mas-de-3-000-estudiantes-de-secundaria-y-bachillerato-visitan-la-upo-en-las-jornadas-de-puertas-abiertas\/","title":{"rendered":"M\u00e1s de 3.000 estudiantes de Secundaria y Bachillerato visitan la UPO en las Jornadas de Puertas Abiertas"},"content":{"rendered":"<p><a href=\"https:\/\/www.upo.es\/diario\/wp-content\/uploads\/2023\/04\/Jornadas-Puertas-Abiertas-2023-scaled.jpg\"><img loading=\"lazy\" decoding=\"async\" class=\"alignright size-medium wp-image-30878047\" src=\"https:\/\/www.upo.es\/diario\/wp-content\/uploads\/2023\/04\/Jornadas-Puertas-Abiertas-2023-272x385.jpg\" alt=\"\" width=\"272\" height=\"385\" srcset=\"https:\/\/www.upo.es\/diario\/wp-content\/uploads\/2023\/04\/Jornadas-Puertas-Abiertas-2023-272x385.jpg 272w, https:\/\/www.upo.es\/diario\/wp-content\/uploads\/2023\/04\/Jornadas-Puertas-Abiertas-2023-530x750.jpg 530w, https:\/\/www.upo.es\/diario\/wp-content\/uploads\/2023\/04\/Jornadas-Puertas-Abiertas-2023-768x1087.jpg 768w, https:\/\/www.upo.es\/diario\/wp-content\/uploads\/2023\/04\/Jornadas-Puertas-Abiertas-2023-1085x1536.jpg 1085w, https:\/\/www.upo.es\/diario\/wp-content\/uploads\/2023\/04\/Jornadas-Puertas-Abiertas-2023-1447x2048.jpg 1447w, https:\/\/www.upo.es\/diario\/wp-content\/uploads\/2023\/04\/Jornadas-Puertas-Abiertas-2023-1320x1868.jpg 1320w, https:\/\/www.upo.es\/diario\/wp-content\/uploads\/2023\/04\/Jornadas-Puertas-Abiertas-2023-scaled.jpg 1809w\" sizes=\"auto, (max-width: 272px) 100vw, 272px\" \/><\/a>El campus de la Universidad Pablo de Olavide dar\u00e1 la bienvenida a <strong>m\u00e1s de 3.000 estudiantes de 61 centros educativos de Secundaria, Bachillerato y Ciclos Formativos de la provincia de Sevilla que participar\u00e1n este jueves 20 y viernes 21 de abril en las Jornadas de Puertas Abiertas<\/strong>, una actividad organizada por el <strong>Vicerrectorado de Estudiantes<\/strong> que pretende trasladar una experiencia de aprendizaje, formaci\u00f3n y vida universitaria en un campus \u00fanico como el de la UPO.<\/p>\n<p>Con las Jornadas de Puertas Abiertas, la Universidad Pablo de Olavide <strong>presenta a los y las futuras estudiantes su campus y su oferta acad\u00e9mica gracias a la colaboraci\u00f3n de las Facultades y la Escuela Polit\u00e9cnica Superior, as\u00ed como los servicios para la atenci\u00f3n y apoyo del alumnado<\/strong>. Para ello, han colaborado el estudiantado del programa \u2018Lazarillo\u2019, las asociaciones y delegaciones de estudiantes y el Consejo de Estudiantes (CEUPO).<\/p>\n<p>Seg\u00fan explica la vicerrectora de Estudiantes, <strong>Mari\u00e1n Mor\u00f3n Mart\u00edn<\/strong>, estas Jornadas son \u201cel momento de presentar la Pablo de Olavide a los estudiantes de nuevo acceso y lo hacemos de una manera especial, celebrando nuestro 25\u00ba Aniversario y mostrando lo que hemos construido en estos a\u00f1os: una universidad de calidad, que se enorgullece de su comunidad y que espera ser el futuro para muchos de quienes nos visiten estos d\u00edas\u201d.<\/p>\n<p>El programa de las Jornadas de Puertas Abiertas da comienzo a las 9:00 horas con la bienvenida al alumnado en la Plaza de Am\u00e9rica del campus. A continuaci\u00f3n, las visitas est\u00e1n organizadas con itinerarios marcados y recomendados seg\u00fan ramas de Bachillerato, de forma que los paseos guiados por los y las estudiantes participantes en el programa \u2018Lazarillo\u2019 permitir\u00e1n realizar visitas a las instalaciones del campus y participar en las actividades propuestas por los centros propios de la universidad, como complemento a sus sesiones informativas sobre la oferta acad\u00e9mica.<\/p>\n<p>En el caso de la Facultad de Ciencias Experimentales, se visitar\u00e1n los laboratorios y cocinas; y en el de la Facultad de Ciencias del Deporte, los y las participantes podr\u00e1n realizar el circuito \u2018Investigaci\u00f3n y Pr\u00e1ctica Deportiva\u2019. Por otro lado, para el alumnado del Bachillerato de Tecnolog\u00eda, se ha programado \u2018Experiencia 360. De lo f\u00edsico al metaverso\u2019, junto con la sesi\u00f3n de la Escuela Polit\u00e9cnica Superior; y para el de Humanidades, el teatro \u2018Estico\u2019 de Plauto por parte de la Facultad de Humanidades.<\/p>\n<p>El alumnado que cursa estudios de Ciencias Sociales podr\u00e1 visitar los laboratorios de la Facultad de Ciencias Sociales y la simulaci\u00f3n de un juicio con estudiantes y profesorado de las Facultades de Ciencias Empresariales y Derecho. A ello se suma la actividad \u2018El futuro profesional del egresado\/a de Econom\u00eda y Empresa\u2019.<\/p>\n<p>Durante los dos d\u00edas, el estudiantado de Secundaria, Bachillerato y Ciclos Formativos podr\u00e1 visitar stands informativos en la Plaza de Am\u00e9rica. Asimismo, se incluyen sorteos de premios entre las personas que completen la encuesta de satisfacci\u00f3n, que podr\u00e1n seguirse en <em>streaming<\/em> desde el Paraninfo a las 14:00 horas.<\/p>\n<p>Las Jornadas se completan con actividades organizadas por el Vicerrectorado de Estudiantes como \u2018Claves para saberlo todo de la UPO\u2019, con informaci\u00f3n sobre becas y vida universitaria; as\u00ed como sesiones en las que se abordan servicios claves para el estudiantado como la Oficina para la Igualdad, el Servicio de Atenci\u00f3n a la Diversidad Funcional y Voluntariado y el \u00c1rea de Relaciones Internacionales y Cooperaci\u00f3n, centrada en la presentaci\u00f3n de los programas formativos internacionales de la Universidad.<\/p>\n<h3><strong>Charlas para familias y docentes<\/strong><\/h3>\n<p>El programa incluye una jornada espec\u00edfica para las familias, que tendr\u00e1 lugar el jueves a las 16:30 horas, en la que, adem\u00e1s de informar sobre la oferta acad\u00e9mica de la Universidad Pablo de Olavide, se informar\u00e1 sobre las Pruebas de Evaluaci\u00f3n de Bachillerato para el Acceso a la Universidad y\/o Pruebas de Admisi\u00f3n (PEvAU), los procesos de acceso y admisi\u00f3n y su futuro.<\/p>\n<p>Asimismo, entre las 10:30 y las 12:00 horas del jueves y viernes, se ha programado una charla para los equipos directivos, docentes y orientadores y orientadoras de los centros educativos sobre el acceso y la admisi\u00f3n a la universidad.<\/p>\n<ul>\n<li>M\u00e1s informaci\u00f3n en:<\/li>\n<\/ul>\n<p><a href=\"https:\/\/eventos.upo.es\/_files\/_partner\/_101\/144451\/file\/Jornadas%20de%20Bienvenida%20%202023.pdf\">https:\/\/eventos.upo.es\/_files\/_partner\/_101\/144451\/file\/Jornadas%20de%20Bienvenida%20%202023.pdf<\/a><\/p>\n","protected":false},"excerpt":{"rendered":"<p>El campus de la Universidad Pablo de Olavide dar\u00e1 la bienvenida a m\u00e1s de 3.000 estudiantes de 61 centros educativos de Secundaria, Bachillerato y Ciclos Formativos de la provincia de Sevilla que participar\u00e1n este jueves 20 y viernes 21 de abril en las Jornadas de Puertas Abiertas, una actividad organizada por el Vicerrectorado de Estudiantes que pretende trasladar una experiencia de aprendizaje, formaci\u00f3n y vida universitaria en un campus \u00fanico como el de la UPO.<\/p>\n","protected":false},"author":14,"featured_media":30878048,"comment_status":"closed","ping_status":"open","sticky":false,"template":"","format":"standard","meta":{"_monsterinsights_skip_tracking":false,"_monsterinsights_sitenote_active":false,"_monsterinsights_sitenote_note":"","_monsterinsights_sitenote_category":0,"footnotes":""},"categories":[5842,6],"tags":[644,107,1099,1783,152,21,857,2730,1382,2114],"class_list":["post-30878046","post","type-post","status-publish","format-standard","has-post-thumbnail","hentry","category-comunidad","category-institucional","tag-bachillerato","tag-campus","tag-centros-educativos","tag-ciclos-formativos","tag-escuela-politecnica-superior","tag-estudiantes","tag-facultades","tag-jornada-de-puertas-abiertas","tag-secundaria","tag-vicerrectorado-de-estudiantes"],"_links":{"self":[{"href":"https:\/\/www.upo.es\/diario\/wp-json\/wp\/v2\/posts\/30878046","targetHints":{"allow":["GET"]}}],"collection":[{"href":"https:\/\/www.upo.es\/diario\/wp-json\/wp\/v2\/posts"}],"about":[{"href":"https:\/\/www.upo.es\/diario\/wp-json\/wp\/v2\/types\/post"}],"author":[{"embeddable":true,"href":"https:\/\/www.upo.es\/diario\/wp-json\/wp\/v2\/users\/14"}],"replies":[{"embeddable":true,"href":"https:\/\/www.upo.es\/diario\/wp-json\/wp\/v2\/comments?post=30878046"}],"version-history":[{"count":1,"href":"https:\/\/www.upo.es\/diario\/wp-json\/wp\/v2\/posts\/30878046\/revisions"}],"predecessor-version":[{"id":30878049,"href":"https:\/\/www.upo.es\/diario\/wp-json\/wp\/v2\/posts\/30878046\/revisions\/30878049"}],"wp:featuredmedia":[{"embeddable":true,"href":"https:\/\/www.upo.es\/diario\/wp-json\/wp\/v2\/media\/30878048"}],"wp:attachment":[{"href":"https:\/\/www.upo.es\/diario\/wp-json\/wp\/v2\/media?parent=30878046"}],"wp:term":[{"taxonomy":"category","embeddable":true,"href":"https:\/\/www.upo.es\/diario\/wp-json\/wp\/v2\/categories?post=30878046"},{"taxonomy":"post_tag","embeddable":true,"href":"https:\/\/www.upo.es\/diario\/wp-json\/wp\/v2\/tags?post=30878046"}],"curies":[{"name":"wp","href":"https:\/\/api.w.org\/{rel}","templated":true}]}}