{"id":30878050,"date":"2023-04-19T12:10:21","date_gmt":"2023-04-19T10:10:21","guid":{"rendered":"https:\/\/www.upo.es\/diario\/?p=30878050"},"modified":"2023-04-19T12:10:21","modified_gmt":"2023-04-19T10:10:21","slug":"la-upo-formara-parte-de-la-junta-asesora-de-la-incubadora-de-empresas-de-la-agencia-espacial-europea-en-sevilla","status":"publish","type":"post","link":"https:\/\/www.upo.es\/diario\/institucional\/2023\/04\/la-upo-formara-parte-de-la-junta-asesora-de-la-incubadora-de-empresas-de-la-agencia-espacial-europea-en-sevilla\/","title":{"rendered":"La UPO formar\u00e1 parte de la junta asesora de la incubadora de empresas de la Agencia Espacial Europea en Sevilla"},"content":{"rendered":"<p><a href=\"https:\/\/www.upo.es\/diario\/wp-content\/uploads\/2023\/04\/descarga.png\"><img loading=\"lazy\" decoding=\"async\" class=\"alignright size-full wp-image-30878051\" src=\"https:\/\/www.upo.es\/diario\/wp-content\/uploads\/2023\/04\/descarga.png\" alt=\"\" width=\"320\" height=\"125\" \/><\/a>La Universidad Pablo de Olavide formar\u00e1 parte de la junta asesora de la <strong>incubadora de empresas de la <a href=\"https:\/\/www.esa.int\/\">Agencia Espacial Europea (ESA)<\/a><\/strong> que el <strong>Ministerio de Ciencia e Innovaci\u00f3n<\/strong> ha adjudicado al <a href=\"http:\/\/www.catec.aero\/es\"><strong>Centro Avanzado de Tecnolog\u00edas Aeroespaciales (FADA-CATEC)<\/strong><\/a> en Sevilla por medio de la convocatoria gestionada por el <strong>Centro para el Desarrollo Tecnol\u00f3gico Industrial (CDTI)<\/strong>. La UPO, a trav\u00e9s del <strong>Vicerrectorado de Relaciones Institucionales y Fundaciones<\/strong>, aval\u00f3 la petici\u00f3n al organismo europeo como miembro de la academia.<\/p>\n<p>La participaci\u00f3n en esta iniciativa de gran inter\u00e9s para la ciudad de Sevilla ha sido posible gracias a las colaboraciones previas que el <strong>\u00c1rea de Ingenier\u00eda de Sistemas y Autom\u00e1tica<\/strong> de la UPO viene realizando con FADA-CATEC en el campo de la rob\u00f3tica y en el sector aeroespacial. Entre ellas, la participaci\u00f3n conjunta en proyectos europeos de investigaci\u00f3n y las colaboraciones docentes en el Grado de Ingenier\u00eda Inform\u00e1tica de la Escuela Polit\u00e9cnica Superior y en el M\u00e1ster de Ingenier\u00eda Inform\u00e1tica.<\/p>\n<p>La Universidad Pablo de Olavide, como instituci\u00f3n de educaci\u00f3n superior, a trav\u00e9s de la <strong>Escuela Polit\u00e9cnica Superior<\/strong>, forma ingenieros e ingenieras inform\u00e1ticas y cuenta con equipos de investigaci\u00f3n con una dilatada y consolidada experiencia en el \u00e1mbito de la industria aeroespacial.<\/p>\n<p>La propuesta presentada, <strong>SVQ ANDALUC\u00cdA ESA-BIC<\/strong>, brindar\u00e1 apoyo a las start-ups para que puedan desarrollar su negocio y su tecnolog\u00eda hasta que est\u00e9n preparadas para salir de la fase de incubaci\u00f3n y continuar operando y creciendo independientemente. De esta forma, contribuir\u00e1 a la creaci\u00f3n, crecimiento y fortalecimiento del cl\u00faster espacial en Andaluc\u00eda, a las estrategias espaciales y de innovaci\u00f3n nacionales, fomentar\u00e1 una mayor aceptaci\u00f3n de los servicios basados en el espacio, apoyar\u00e1 la transferencia de tecnolog\u00edas con el sector y generar\u00e1 empleo.<\/p>\n<p>Gracias al trabajo conjunto entre el Ayuntamiento de Sevilla, FADA-CATEC y la Junta de Andaluc\u00eda, la incubadora de empresas de la Agencia Espacial Europa ser\u00e1 una realidad en las naves de Renfe en el barrio sevillano de San Jer\u00f3nimo, un proyecto que tiene una duraci\u00f3n de 36 meses y un presupuesto de m\u00e1s de un mill\u00f3n de euros. Su comienzo est\u00e1 previsto para enero del pr\u00f3ximo a\u00f1o.<\/p>\n","protected":false},"excerpt":{"rendered":"<p>La Universidad Pablo de Olavide formar\u00e1 parte de la junta asesora de la incubadora de empresas de la Agencia Espacial Europea (ESA) que el Ministerio de Ciencia e Innovaci\u00f3n ha adjudicado al Centro Avanzado de Tecnolog\u00edas Aeroespaciales (FADA-CATEC) en Sevilla por medio de la convocatoria gestionada por el Centro para el Desarrollo Tecnol\u00f3gico Industrial (CDTI). La UPO, a trav\u00e9s del Vicerrectorado de Relaciones Institucionales y Fundaciones, aval\u00f3 la petici\u00f3n al organismo europeo como miembro de la academia.<\/p>\n","protected":false},"author":14,"featured_media":30878051,"comment_status":"closed","ping_status":"open","sticky":false,"template":"","format":"standard","meta":{"_monsterinsights_skip_tracking":false,"_monsterinsights_sitenote_active":false,"_monsterinsights_sitenote_note":"","_monsterinsights_sitenote_category":0,"footnotes":""},"categories":[6],"tags":[8340,8342,152,8341,7225,8343,5512],"class_list":["post-30878050","post","type-post","status-publish","format-standard","has-post-thumbnail","hentry","category-institucional","tag-agencia-espacial-europea","tag-area-de-ingenieria-de-sistemas","tag-escuela-politecnica-superior","tag-fada-catec","tag-ministerio-de-ciencia","tag-svq-andalucia-esa-bic","tag-vicerrectorado-de-relaciones-institucionales"],"_links":{"self":[{"href":"https:\/\/www.upo.es\/diario\/wp-json\/wp\/v2\/posts\/30878050","targetHints":{"allow":["GET"]}}],"collection":[{"href":"https:\/\/www.upo.es\/diario\/wp-json\/wp\/v2\/posts"}],"about":[{"href":"https:\/\/www.upo.es\/diario\/wp-json\/wp\/v2\/types\/post"}],"author":[{"embeddable":true,"href":"https:\/\/www.upo.es\/diario\/wp-json\/wp\/v2\/users\/14"}],"replies":[{"embeddable":true,"href":"https:\/\/www.upo.es\/diario\/wp-json\/wp\/v2\/comments?post=30878050"}],"version-history":[{"count":1,"href":"https:\/\/www.upo.es\/diario\/wp-json\/wp\/v2\/posts\/30878050\/revisions"}],"predecessor-version":[{"id":30878052,"href":"https:\/\/www.upo.es\/diario\/wp-json\/wp\/v2\/posts\/30878050\/revisions\/30878052"}],"wp:featuredmedia":[{"embeddable":true,"href":"https:\/\/www.upo.es\/diario\/wp-json\/wp\/v2\/media\/30878051"}],"wp:attachment":[{"href":"https:\/\/www.upo.es\/diario\/wp-json\/wp\/v2\/media?parent=30878050"}],"wp:term":[{"taxonomy":"category","embeddable":true,"href":"https:\/\/www.upo.es\/diario\/wp-json\/wp\/v2\/categories?post=30878050"},{"taxonomy":"post_tag","embeddable":true,"href":"https:\/\/www.upo.es\/diario\/wp-json\/wp\/v2\/tags?post=30878050"}],"curies":[{"name":"wp","href":"https:\/\/api.w.org\/{rel}","templated":true}]}}