{"id":30878073,"date":"2023-04-20T12:11:43","date_gmt":"2023-04-20T10:11:43","guid":{"rendered":"https:\/\/www.upo.es\/diario\/?p=30878073"},"modified":"2023-04-25T11:28:10","modified_gmt":"2023-04-25T09:28:10","slug":"la-upo-abre-sus-puertas-a-estudiantes-de-secundaria-bachillerato-y-ciclos-formativos-de-toda-la-provincia","status":"publish","type":"post","link":"https:\/\/www.upo.es\/diario\/institucional\/2023\/04\/la-upo-abre-sus-puertas-a-estudiantes-de-secundaria-bachillerato-y-ciclos-formativos-de-toda-la-provincia\/","title":{"rendered":"La UPO abre sus puertas a estudiantes de Secundaria, Bachillerato y Ciclos Formativos de toda la provincia"},"content":{"rendered":"<figure id=\"attachment_30878074\" aria-describedby=\"caption-attachment-30878074\" style=\"width: 750px\" class=\"wp-caption aligncenter\"><a href=\"https:\/\/www.upo.es\/diario\/wp-content\/uploads\/2023\/04\/Jorn-Puertas-Abiertas-2-scaled.jpg\"><img loading=\"lazy\" decoding=\"async\" class=\"size-large wp-image-30878074\" src=\"https:\/\/www.upo.es\/diario\/wp-content\/uploads\/2023\/04\/Jorn-Puertas-Abiertas-2-750x500.jpg\" alt=\"\" width=\"750\" height=\"500\" srcset=\"https:\/\/www.upo.es\/diario\/wp-content\/uploads\/2023\/04\/Jorn-Puertas-Abiertas-2-750x500.jpg 750w, https:\/\/www.upo.es\/diario\/wp-content\/uploads\/2023\/04\/Jorn-Puertas-Abiertas-2-385x257.jpg 385w, https:\/\/www.upo.es\/diario\/wp-content\/uploads\/2023\/04\/Jorn-Puertas-Abiertas-2-768x512.jpg 768w, https:\/\/www.upo.es\/diario\/wp-content\/uploads\/2023\/04\/Jorn-Puertas-Abiertas-2-1536x1024.jpg 1536w, https:\/\/www.upo.es\/diario\/wp-content\/uploads\/2023\/04\/Jorn-Puertas-Abiertas-2-2048x1365.jpg 2048w\" sizes=\"auto, (max-width: 750px) 100vw, 750px\" \/><\/a><figcaption id=\"caption-attachment-30878074\" class=\"wp-caption-text\">Bienvenida a centros educativos<\/figcaption><\/figure>\n<p>La Universidad Pablo de Olavide ha abierto sus puertas hoy a m\u00e1s de 1.500 estudiantes en el primer d\u00eda de los dos que componen las <strong>Jornadas de Puertas Abiertas de la UPO<\/strong>, una iniciativa del <strong>Vicerrectorado de Estudiantes<\/strong> para que <strong>alumnado de Secundaria, Bachillerato y Ciclos Formativos de centros educativos de toda la provincia de Sevilla<\/strong> conozcan su campus \u00fanico y su oferta acad\u00e9mica.<\/p>\n<p>En total, m\u00e1s de <strong>3.000 estudiantes de 61 centros educativos<\/strong> vivir\u00e1n una experiencia de aprendizaje, formaci\u00f3n y vida universitaria semanas antes de la realizaci\u00f3n de la Prueba de Evaluaci\u00f3n y Acceso a la Universidad y Pruebas de Admisi\u00f3n (PEvAU), que en Andaluc\u00eda tendr\u00e1 lugar entre el 13 y el 15 del mes de junio.<\/p>\n<figure id=\"attachment_30878076\" aria-describedby=\"caption-attachment-30878076\" style=\"width: 385px\" class=\"wp-caption alignright\"><a href=\"https:\/\/www.upo.es\/diario\/wp-content\/uploads\/2023\/04\/Jorn-Puertas-Abiertas-1-scaled.jpg\"><img loading=\"lazy\" decoding=\"async\" class=\"size-medium wp-image-30878076\" src=\"https:\/\/www.upo.es\/diario\/wp-content\/uploads\/2023\/04\/Jorn-Puertas-Abiertas-1-385x257.jpg\" alt=\"\" width=\"385\" height=\"257\" srcset=\"https:\/\/www.upo.es\/diario\/wp-content\/uploads\/2023\/04\/Jorn-Puertas-Abiertas-1-385x257.jpg 385w, https:\/\/www.upo.es\/diario\/wp-content\/uploads\/2023\/04\/Jorn-Puertas-Abiertas-1-750x500.jpg 750w, https:\/\/www.upo.es\/diario\/wp-content\/uploads\/2023\/04\/Jorn-Puertas-Abiertas-1-768x512.jpg 768w, https:\/\/www.upo.es\/diario\/wp-content\/uploads\/2023\/04\/Jorn-Puertas-Abiertas-1-1536x1024.jpg 1536w, https:\/\/www.upo.es\/diario\/wp-content\/uploads\/2023\/04\/Jorn-Puertas-Abiertas-1-2048x1365.jpg 2048w\" sizes=\"auto, (max-width: 385px) 100vw, 385px\" \/><\/a><figcaption id=\"caption-attachment-30878076\" class=\"wp-caption-text\">Stands informativos a estudiantes<\/figcaption><\/figure>\n<p>Las visitas est\u00e1n organizadas con itinerarios marcados y recomendados seg\u00fan ramas de Bachillerato, de forma que los paseos guiados permitan realizar visitas a las instalaciones del campus y participar en las actividades propuestas por los centros propios de la universidad.<\/p>\n<p>La oferta acad\u00e9mica de la Universidad Pablo de Olavide la componen <strong>23 t\u00edtulos de Grado y 17 Dobles Grados<\/strong> que ofertan las Facultades de Derecho, Ciencias Empresariales, Ciencias Sociales, Ciencias Experimentales, Humanidades, Ciencias del Deporte y la Escuela Polit\u00e9cnica Superior.<\/p>\n<p><a title=\"Jornadas de Puertas Abiertas 2023\" href=\"https:\/\/www.flickr.com\/photos\/pablodeolavide\/albums\/72177720307656654\" data-flickr-embed=\"true\" data-header=\"true\"><img loading=\"lazy\" decoding=\"async\" src=\"https:\/\/live.staticflickr.com\/65535\/52832216740_53d131b7ea_z.jpg\" alt=\"Jornadas de Puertas Abiertas 2023\" width=\"640\" height=\"480\" \/><\/a><script async src=\"\/\/embedr.flickr.com\/assets\/client-code.js\" charset=\"utf-8\"><\/script><\/p>\n","protected":false},"excerpt":{"rendered":"<p>La Universidad Pablo de Olavide ha abierto sus puertas hoy a m\u00e1s de 1.500 estudiantes en el primer d\u00eda de los dos que componen las Jornadas de Puertas Abiertas de la UPO, una iniciativa del Vicerrectorado de Estudiantes para que alumnado de Secundaria, Bachillerato y Ciclos Formativos de centros educativos de toda la provincia de Sevilla conozcan su campus \u00fanico y su oferta acad\u00e9mica.<\/p>\n","protected":false},"author":14,"featured_media":30878074,"comment_status":"closed","ping_status":"open","sticky":false,"template":"","format":"standard","meta":{"_monsterinsights_skip_tracking":false,"_monsterinsights_sitenote_active":false,"_monsterinsights_sitenote_note":"","_monsterinsights_sitenote_category":0,"footnotes":""},"categories":[6],"tags":[644,1099,1783,21,2581,2730,4082,1382,2114],"class_list":["post-30878073","post","type-post","status-publish","format-standard","has-post-thumbnail","hentry","category-institucional","tag-bachillerato","tag-centros-educativos","tag-ciclos-formativos","tag-estudiantes","tag-grados-y-dobles-grados","tag-jornada-de-puertas-abiertas","tag-pevau","tag-secundaria","tag-vicerrectorado-de-estudiantes"],"_links":{"self":[{"href":"https:\/\/www.upo.es\/diario\/wp-json\/wp\/v2\/posts\/30878073","targetHints":{"allow":["GET"]}}],"collection":[{"href":"https:\/\/www.upo.es\/diario\/wp-json\/wp\/v2\/posts"}],"about":[{"href":"https:\/\/www.upo.es\/diario\/wp-json\/wp\/v2\/types\/post"}],"author":[{"embeddable":true,"href":"https:\/\/www.upo.es\/diario\/wp-json\/wp\/v2\/users\/14"}],"replies":[{"embeddable":true,"href":"https:\/\/www.upo.es\/diario\/wp-json\/wp\/v2\/comments?post=30878073"}],"version-history":[{"count":5,"href":"https:\/\/www.upo.es\/diario\/wp-json\/wp\/v2\/posts\/30878073\/revisions"}],"predecessor-version":[{"id":30878080,"href":"https:\/\/www.upo.es\/diario\/wp-json\/wp\/v2\/posts\/30878073\/revisions\/30878080"}],"wp:featuredmedia":[{"embeddable":true,"href":"https:\/\/www.upo.es\/diario\/wp-json\/wp\/v2\/media\/30878074"}],"wp:attachment":[{"href":"https:\/\/www.upo.es\/diario\/wp-json\/wp\/v2\/media?parent=30878073"}],"wp:term":[{"taxonomy":"category","embeddable":true,"href":"https:\/\/www.upo.es\/diario\/wp-json\/wp\/v2\/categories?post=30878073"},{"taxonomy":"post_tag","embeddable":true,"href":"https:\/\/www.upo.es\/diario\/wp-json\/wp\/v2\/tags?post=30878073"}],"curies":[{"name":"wp","href":"https:\/\/api.w.org\/{rel}","templated":true}]}}