{"id":30878081,"date":"2023-04-20T14:34:40","date_gmt":"2023-04-20T12:34:40","guid":{"rendered":"https:\/\/www.upo.es\/diario\/?p=30878081"},"modified":"2023-04-24T13:17:25","modified_gmt":"2023-04-24T11:17:25","slug":"jovenes-de-san-juan-de-aznalfarache-participan-en-una-investigacion-de-la-upo-sobre-sus-tiempos-de-ocio","status":"publish","type":"post","link":"https:\/\/www.upo.es\/diario\/docencia-formacion\/2023\/04\/jovenes-de-san-juan-de-aznalfarache-participan-en-una-investigacion-de-la-upo-sobre-sus-tiempos-de-ocio\/","title":{"rendered":"J\u00f3venes de San Juan de Aznalfarache participan en una investigaci\u00f3n de la UPO sobre sus tiempos de ocio"},"content":{"rendered":"<figure id=\"attachment_30878082\" aria-describedby=\"caption-attachment-30878082\" style=\"width: 750px\" class=\"wp-caption aligncenter\"><a href=\"https:\/\/www.upo.es\/diario\/wp-content\/uploads\/2023\/04\/CON_LecerSanJuan-1-scaled.jpg\"><img loading=\"lazy\" decoding=\"async\" class=\"size-large wp-image-30878082\" src=\"https:\/\/www.upo.es\/diario\/wp-content\/uploads\/2023\/04\/CON_LecerSanJuan-1-750x500.jpg\" alt=\"\" width=\"750\" height=\"500\" srcset=\"https:\/\/www.upo.es\/diario\/wp-content\/uploads\/2023\/04\/CON_LecerSanJuan-1-750x500.jpg 750w, https:\/\/www.upo.es\/diario\/wp-content\/uploads\/2023\/04\/CON_LecerSanJuan-1-385x257.jpg 385w, https:\/\/www.upo.es\/diario\/wp-content\/uploads\/2023\/04\/CON_LecerSanJuan-1-768x512.jpg 768w, https:\/\/www.upo.es\/diario\/wp-content\/uploads\/2023\/04\/CON_LecerSanJuan-1-1536x1024.jpg 1536w, https:\/\/www.upo.es\/diario\/wp-content\/uploads\/2023\/04\/CON_LecerSanJuan-1-2048x1365.jpg 2048w\" sizes=\"auto, (max-width: 750px) 100vw, 750px\" \/><\/a><figcaption id=\"caption-attachment-30878082\" class=\"wp-caption-text\">Las profesoras Teresa Rebolledo y Victoria P\u00e9rez de Guzm\u00e1n dirigen la sesi\u00f3n con las estudiantes<\/figcaption><\/figure>\n<p>Estudiantes del <strong>IES Mateo Alem\u00e1n y del IES Severo Ochoa de San Juan de Aznalfarache<\/strong> (Sevilla) han visitado el campus de la Universidad Pablo de Olavide para participar en la actividad <strong>\u2018CON_LecerSan Juan: explorando nuestros tiempos de ocio\u2019<\/strong> que forma parte de un proyecto de investigaci\u00f3n de la UPO sobre la consideraci\u00f3n del ocio y el impacto en el desarrollo de la infancia y la adolescencia. En concreto, \u2018Educaci\u00f3n y conciliaci\u00f3n para la equidad: an\u00e1lisis de su incidencia en los tiempos escolares y sociales de la infancia\u2019 es un proyecto liderado por la profesora del Departamento de Educaci\u00f3n y Psicolog\u00eda Social <strong>Victoria P\u00e9rez de Guzm\u00e1n Puya<\/strong>, que est\u00e1 financiado por el Ministerio de Ciencia, Innovaci\u00f3n y Universidades.<\/p>\n<p>Desde septiembre de 2022, el <a href=\"https:\/\/www.upo.es\/investiga\/gias\/\"><strong>Grupo de Investigaci\u00f3n en Acci\u00f3n Socioeducativa<\/strong><\/a> de la Universidad Pablo de Olavide viene desarrollando una investigaci\u00f3n acci\u00f3n participativa con dos grupos de estudiantes de primero de Bachillerato en la que el alumnado est\u00e1 investigando, en la asignatura \u2018Sociolog\u00eda y Antropolog\u00eda\u2019, sobre sus tiempos de ocio con la idea de hacer propuestas de mejora al Ayuntamiento de su localidad. En la jornada en la UPO, se ha desarrollado una actividad en colaboraci\u00f3n con la Facultad de Ciencias Sociales y un encuentro con el grupo de primer curso del Doble Grado en Trabajo Social y Educaci\u00f3n Social en la que han participado la decana de la Facultad, Rosa Mar\u00eda D\u00edaz, y el delegado de Juventud del Ayuntamiento de San Juan de Aznalfarache, Juan Manuel Santos.<\/p>\n<p>La actividad que el alumnado ha desarrollado hoy se enmarca en el convenio de colaboraci\u00f3n firmado entre la Universidad Pablo de Olavide, a trav\u00e9s del Grupo de Investigaci\u00f3n en Acci\u00f3n Socioeducativa, y el Ayuntamiento de San Juan de Aznalfarache para recoger informaci\u00f3n sobre las distintas tem\u00e1ticas relacionadas con los tiempos y el ocio, sobre los tiempos de vida cotidiana de la infancia y la juventud y c\u00f3mo impactan en los problemas de conciliaci\u00f3n horaria de las familias.<\/p>\n","protected":false},"excerpt":{"rendered":"<p>Estudiantes del IES Mateo Alem\u00e1n y del IES Severo Ochoa de San Juan de Aznalfarache (Sevilla) han visitado el campus de la Universidad Pablo de Olavide para participar en la actividad \u2018CON_LecerSan Juan: explorando nuestros tiempos de ocio\u2019 que forma parte de un proyecto de investigaci\u00f3n de la UPO sobre la consideraci\u00f3n del ocio y el impacto en el desarrollo de la infancia y la adolescencia.<\/p>\n","protected":false},"author":14,"featured_media":30878082,"comment_status":"closed","ping_status":"open","sticky":false,"template":"","format":"standard","meta":{"_monsterinsights_skip_tracking":false,"_monsterinsights_sitenote_active":false,"_monsterinsights_sitenote_note":"","_monsterinsights_sitenote_category":0,"footnotes":""},"categories":[2779],"tags":[8348,1045,6791,465,487,8346,8347,3328,7226,104],"class_list":["post-30878081","post","type-post","status-publish","format-standard","has-post-thumbnail","hentry","category-docencia-formacion","tag-accion-socioeducativa","tag-antropologia","tag-conciliacion","tag-educacion","tag-facultad-ciencias-sociales","tag-ies-mateo-aleman","tag-ies-severo-ochoa","tag-ocio","tag-san-juan-de-aznalfarache","tag-sociologia"],"_links":{"self":[{"href":"https:\/\/www.upo.es\/diario\/wp-json\/wp\/v2\/posts\/30878081","targetHints":{"allow":["GET"]}}],"collection":[{"href":"https:\/\/www.upo.es\/diario\/wp-json\/wp\/v2\/posts"}],"about":[{"href":"https:\/\/www.upo.es\/diario\/wp-json\/wp\/v2\/types\/post"}],"author":[{"embeddable":true,"href":"https:\/\/www.upo.es\/diario\/wp-json\/wp\/v2\/users\/14"}],"replies":[{"embeddable":true,"href":"https:\/\/www.upo.es\/diario\/wp-json\/wp\/v2\/comments?post=30878081"}],"version-history":[{"count":3,"href":"https:\/\/www.upo.es\/diario\/wp-json\/wp\/v2\/posts\/30878081\/revisions"}],"predecessor-version":[{"id":30878086,"href":"https:\/\/www.upo.es\/diario\/wp-json\/wp\/v2\/posts\/30878081\/revisions\/30878086"}],"wp:featuredmedia":[{"embeddable":true,"href":"https:\/\/www.upo.es\/diario\/wp-json\/wp\/v2\/media\/30878082"}],"wp:attachment":[{"href":"https:\/\/www.upo.es\/diario\/wp-json\/wp\/v2\/media?parent=30878081"}],"wp:term":[{"taxonomy":"category","embeddable":true,"href":"https:\/\/www.upo.es\/diario\/wp-json\/wp\/v2\/categories?post=30878081"},{"taxonomy":"post_tag","embeddable":true,"href":"https:\/\/www.upo.es\/diario\/wp-json\/wp\/v2\/tags?post=30878081"}],"curies":[{"name":"wp","href":"https:\/\/api.w.org\/{rel}","templated":true}]}}