{"id":30878104,"date":"2023-04-24T09:15:48","date_gmt":"2023-04-24T07:15:48","guid":{"rendered":"https:\/\/www.upo.es\/diario\/?p=30878104"},"modified":"2023-04-24T09:16:20","modified_gmt":"2023-04-24T07:16:20","slug":"ceremonia-de-alumnado-egresado-de-la-promocion-2019-23-del-grado-en-administracion-y-direccion-de-empresas","status":"publish","type":"post","link":"https:\/\/www.upo.es\/diario\/comunidad\/2023\/04\/ceremonia-de-alumnado-egresado-de-la-promocion-2019-23-del-grado-en-administracion-y-direccion-de-empresas\/","title":{"rendered":"Ceremonia de alumnado egresado de la promoci\u00f3n 2019\/23 del Grado en Administraci\u00f3n y Direcci\u00f3n de Empresas"},"content":{"rendered":"<figure id=\"attachment_30878105\" aria-describedby=\"caption-attachment-30878105\" style=\"width: 750px\" class=\"wp-caption aligncenter\"><a href=\"https:\/\/www.upo.es\/diario\/wp-content\/uploads\/2023\/04\/230421UPO_191-scaled.jpg\"><img loading=\"lazy\" decoding=\"async\" class=\"wp-image-30878105 size-large\" src=\"https:\/\/www.upo.es\/diario\/wp-content\/uploads\/2023\/04\/230421UPO_191-750x499.jpg\" alt=\"\" width=\"750\" height=\"499\" srcset=\"https:\/\/www.upo.es\/diario\/wp-content\/uploads\/2023\/04\/230421UPO_191-750x499.jpg 750w, https:\/\/www.upo.es\/diario\/wp-content\/uploads\/2023\/04\/230421UPO_191-385x256.jpg 385w, https:\/\/www.upo.es\/diario\/wp-content\/uploads\/2023\/04\/230421UPO_191-768x511.jpg 768w, https:\/\/www.upo.es\/diario\/wp-content\/uploads\/2023\/04\/230421UPO_191-1536x1021.jpg 1536w, https:\/\/www.upo.es\/diario\/wp-content\/uploads\/2023\/04\/230421UPO_191-2048x1362.jpg 2048w, https:\/\/www.upo.es\/diario\/wp-content\/uploads\/2023\/04\/230421UPO_191-165x109.jpg 165w, https:\/\/www.upo.es\/diario\/wp-content\/uploads\/2023\/04\/230421UPO_191-1320x878.jpg 1320w\" sizes=\"auto, (max-width: 750px) 100vw, 750px\" \/><\/a><figcaption id=\"caption-attachment-30878105\" class=\"wp-caption-text\">Promoci\u00f3n 2019\/23 del Grado en Administraci\u00f3n y Direcci\u00f3n de Empresas. Foto: Foto\u00c9xito<\/figcaption><\/figure>\n<p>La ceremonia de egresados y egresadas de <strong>la promoci\u00f3n 2019\/23 del Grado en Administraci\u00f3n y Direcci\u00f3n de Empresas <\/strong>se celebr\u00f3 el pasado viernes en el Paraninfo de la Universidad Pablo de Olavide. El acto fue presidido por el decano Jes\u00fas Juan Cambra Fierro, de la Facultad de Ciencias Empresariales.<\/p>\n<p>El padrino de la promoci\u00f3n ha sido Alberto Blanca Retamero, director de Hoteles Silken. A la ceremonia tambi\u00e9n han asistido Guadalupe Valera Blanes, vicedecana de Ordenaci\u00f3n Acad\u00e9mica; Cecilia T\u00e9llez Valle, vicedecana de Relaciones Internacionales; Macarena Lozano Oyola, vicedecana de Pr\u00e1cticas y Relaciones Externas de la Facultad de Ciencias Empresariales; y Juan Ba\u00f1os S\u00e1nchez-Matamoros, profesor del Departamento de Econom\u00eda Financiera y Contabilidad.<\/p>\n<figure id=\"attachment_30878106\" aria-describedby=\"caption-attachment-30878106\" style=\"width: 385px\" class=\"wp-caption alignright\"><a href=\"https:\/\/www.upo.es\/diario\/wp-content\/uploads\/2023\/04\/230421UPO_016-scaled.jpg\"><img loading=\"lazy\" decoding=\"async\" class=\"size-medium wp-image-30878106\" src=\"https:\/\/www.upo.es\/diario\/wp-content\/uploads\/2023\/04\/230421UPO_016-385x256.jpg\" alt=\"\" width=\"385\" height=\"256\" srcset=\"https:\/\/www.upo.es\/diario\/wp-content\/uploads\/2023\/04\/230421UPO_016-385x256.jpg 385w, https:\/\/www.upo.es\/diario\/wp-content\/uploads\/2023\/04\/230421UPO_016-750x499.jpg 750w, https:\/\/www.upo.es\/diario\/wp-content\/uploads\/2023\/04\/230421UPO_016-768x511.jpg 768w, https:\/\/www.upo.es\/diario\/wp-content\/uploads\/2023\/04\/230421UPO_016-1536x1021.jpg 1536w, https:\/\/www.upo.es\/diario\/wp-content\/uploads\/2023\/04\/230421UPO_016-2048x1362.jpg 2048w, https:\/\/www.upo.es\/diario\/wp-content\/uploads\/2023\/04\/230421UPO_016-165x109.jpg 165w, https:\/\/www.upo.es\/diario\/wp-content\/uploads\/2023\/04\/230421UPO_016-1320x878.jpg 1320w\" sizes=\"auto, (max-width: 385px) 100vw, 385px\" \/><\/a><figcaption id=\"caption-attachment-30878106\" class=\"wp-caption-text\">Mesa de la ceremonia de alumnado egresado de ADE<\/figcaption><\/figure>\n<p>En representaci\u00f3n del alumnado egresado, pronunciaron los discursos Lucas V\u00e9lez Conde y Juan Antonio Perales Qui\u00f1ones. Un total de 60 egresados y egresadas han asistido, junto a sus familiares, a este acto con el que la Universidad Pablo de Olavide recupera una antigua tradici\u00f3n de las universidades europeas.<\/p>\n","protected":false},"excerpt":{"rendered":"<p>La ceremonia de egresados y egresadas de la promoci\u00f3n 2019\/23 del Grado en Administraci\u00f3n y Direcci\u00f3n de Empresas se celebr\u00f3 el pasado viernes en el Paraninfo de la Universidad Pablo de Olavide. El acto fue presidido por el decano Jes\u00fas Juan Cambra Fierro, de la Facultad de Ciencias Empresariales.<\/p>\n","protected":false},"author":14,"featured_media":30878105,"comment_status":"closed","ping_status":"open","sticky":false,"template":"","format":"standard","meta":{"_monsterinsights_skip_tracking":false,"_monsterinsights_sitenote_active":false,"_monsterinsights_sitenote_note":"","_monsterinsights_sitenote_category":0,"footnotes":""},"categories":[5842],"tags":[8352,1059,21,360,8350,8351],"class_list":["post-30878104","post","type-post","status-publish","format-standard","has-post-thumbnail","hentry","category-comunidad","tag-alumnado-egresado","tag-empresas","tag-estudiantes","tag-facultad-de-ciencias-empresariales","tag-grado-en-ade","tag-hoteles-silken"],"_links":{"self":[{"href":"https:\/\/www.upo.es\/diario\/wp-json\/wp\/v2\/posts\/30878104","targetHints":{"allow":["GET"]}}],"collection":[{"href":"https:\/\/www.upo.es\/diario\/wp-json\/wp\/v2\/posts"}],"about":[{"href":"https:\/\/www.upo.es\/diario\/wp-json\/wp\/v2\/types\/post"}],"author":[{"embeddable":true,"href":"https:\/\/www.upo.es\/diario\/wp-json\/wp\/v2\/users\/14"}],"replies":[{"embeddable":true,"href":"https:\/\/www.upo.es\/diario\/wp-json\/wp\/v2\/comments?post=30878104"}],"version-history":[{"count":2,"href":"https:\/\/www.upo.es\/diario\/wp-json\/wp\/v2\/posts\/30878104\/revisions"}],"predecessor-version":[{"id":30878108,"href":"https:\/\/www.upo.es\/diario\/wp-json\/wp\/v2\/posts\/30878104\/revisions\/30878108"}],"wp:featuredmedia":[{"embeddable":true,"href":"https:\/\/www.upo.es\/diario\/wp-json\/wp\/v2\/media\/30878105"}],"wp:attachment":[{"href":"https:\/\/www.upo.es\/diario\/wp-json\/wp\/v2\/media?parent=30878104"}],"wp:term":[{"taxonomy":"category","embeddable":true,"href":"https:\/\/www.upo.es\/diario\/wp-json\/wp\/v2\/categories?post=30878104"},{"taxonomy":"post_tag","embeddable":true,"href":"https:\/\/www.upo.es\/diario\/wp-json\/wp\/v2\/tags?post=30878104"}],"curies":[{"name":"wp","href":"https:\/\/api.w.org\/{rel}","templated":true}]}}