{"id":30878126,"date":"2023-04-27T12:19:20","date_gmt":"2023-04-27T10:19:20","guid":{"rendered":"https:\/\/www.upo.es\/diario\/?p=30878126"},"modified":"2023-05-02T20:32:36","modified_gmt":"2023-05-02T18:32:36","slug":"el-debate-de-las-elecciones-municipales-de-sevilla-en-la-universidad-pablo-de-olavide-el-proximo-martes","status":"publish","type":"post","link":"https:\/\/www.upo.es\/diario\/comunidad\/2023\/04\/el-debate-de-las-elecciones-municipales-de-sevilla-en-la-universidad-pablo-de-olavide-el-proximo-martes\/","title":{"rendered":"El debate de las elecciones municipales de Sevilla, en la Universidad Pablo de Olavide este martes"},"content":{"rendered":"<p><a href=\"https:\/\/www.upo.es\/diario\/wp-content\/uploads\/2023\/04\/Cartel-Debate-por-Sevilla-BUENO.png\"><img loading=\"lazy\" decoding=\"async\" class=\"aligncenter size-large wp-image-30878134\" src=\"https:\/\/www.upo.es\/diario\/wp-content\/uploads\/2023\/04\/Cartel-Debate-por-Sevilla-BUENO-750x563.png\" alt=\"\" width=\"750\" height=\"563\" srcset=\"https:\/\/www.upo.es\/diario\/wp-content\/uploads\/2023\/04\/Cartel-Debate-por-Sevilla-BUENO-750x563.png 750w, https:\/\/www.upo.es\/diario\/wp-content\/uploads\/2023\/04\/Cartel-Debate-por-Sevilla-BUENO-385x289.png 385w, https:\/\/www.upo.es\/diario\/wp-content\/uploads\/2023\/04\/Cartel-Debate-por-Sevilla-BUENO-768x576.png 768w, https:\/\/www.upo.es\/diario\/wp-content\/uploads\/2023\/04\/Cartel-Debate-por-Sevilla-BUENO-1536x1152.png 1536w, https:\/\/www.upo.es\/diario\/wp-content\/uploads\/2023\/04\/Cartel-Debate-por-Sevilla-BUENO-1320x990.png 1320w, https:\/\/www.upo.es\/diario\/wp-content\/uploads\/2023\/04\/Cartel-Debate-por-Sevilla-BUENO.png 1600w\" sizes=\"auto, (max-width: 750px) 100vw, 750px\" \/><\/a><\/p>\n<p>La Universidad Pablo de Olavide celebra este martes 2 de mayo <strong>\u2018Debate por Sevilla\u2019, un coloquio entre los candidatos y candidatas de los principales partidos pol\u00edticos a la Alcald\u00eda de la ciudad en las elecciones municipales<\/strong>. Organizado por el Club de Debate con la colaboraci\u00f3n del Vicerrectorado de Relaciones Institucionales y Fundaciones, tendr\u00e1 lugar a partir de las 18:00 horas en el Paraninfo. <strong>El acceso es libre hasta completar aforo.<\/strong><\/p>\n<p>Antonio Mu\u00f1oz (PSOE), Jos\u00e9 Luis Sanz (PP), Miguel \u00c1ngel Aumesquet (Ciudadanos), Susana Hornillo (Podemos-IU), Cristina Pel\u00e1ez (Vox) y Sandra Heredia (Adelante Andaluc\u00eda) abordar\u00e1n tres l\u00edneas tem\u00e1ticas: las infraestructuras, el patrimonio y la sostenibilidad; la juventud; y el futuro y modelo de la ciudad. Moderan Samuel Chac\u00f3n y Mar\u00eda Casquel, del Club de Debate.<\/p>\n<p>Esta iniciativa, que ya se llev\u00f3 a cabo en las anteriores elecciones municipales, se enmarca en un programa organizado por la Universidad Pablo de Olavide para propiciar el debate democr\u00e1tico y la participaci\u00f3n de la comunidad universitaria en las ideas y proyectos que los partidos pol\u00edticos presentan a la ciudadan\u00eda para el 28 de mayo.<\/p>\n<p>De esta forma, la Universidad trata de promover la participaci\u00f3n de sus estudiantes en el debate pol\u00edtico generado con motivo de las pr\u00f3ximas elecciones municipales. El objetivo es propiciar que el estudiantado universitario se involucre en la generaci\u00f3n de ideas y en el desarrollo de proyectos fundamentales para la construcci\u00f3n de una sociedad de la que forma parte. De este modo, la Universidad, como instituci\u00f3n p\u00fablica, asume el compromiso de facilitar el di\u00e1logo y la participaci\u00f3n democr\u00e1tica.<\/p>\n","protected":false},"excerpt":{"rendered":"<p>La Universidad Pablo de Olavide celebra el pr\u00f3ximo martes 2 de mayo \u2018Debate por Sevilla\u2019, un coloquio entre los candidatos y candidatas de los principales partidos pol\u00edticos a la Alcald\u00eda de la ciudad en las elecciones municipales. Organizado por el Club de Debate con la colaboraci\u00f3n del Vicerrectorado de Relaciones Institucionales y Fundaciones, tendr\u00e1 lugar a partir de las 18:00 horas en el Paraninfo. El acceso es libre hasta completar aforo.<\/p>\n","protected":false},"author":14,"featured_media":30878134,"comment_status":"closed","ping_status":"open","sticky":false,"template":"","format":"standard","meta":{"_monsterinsights_skip_tracking":false,"_monsterinsights_sitenote_active":false,"_monsterinsights_sitenote_note":"","_monsterinsights_sitenote_category":0,"footnotes":""},"categories":[5842],"tags":[458,7046,2330,8360,2210,76,161,7429],"class_list":["post-30878126","post","type-post","status-publish","format-standard","has-post-thumbnail","hentry","category-comunidad","tag-ciudadania","tag-club-de-debate","tag-debate-electoral","tag-elecciones-municipales","tag-partidos-politicos","tag-politica","tag-sevilla","tag-vicerrectorado-de-relaciones-institucionales-y-fundaciones"],"_links":{"self":[{"href":"https:\/\/www.upo.es\/diario\/wp-json\/wp\/v2\/posts\/30878126","targetHints":{"allow":["GET"]}}],"collection":[{"href":"https:\/\/www.upo.es\/diario\/wp-json\/wp\/v2\/posts"}],"about":[{"href":"https:\/\/www.upo.es\/diario\/wp-json\/wp\/v2\/types\/post"}],"author":[{"embeddable":true,"href":"https:\/\/www.upo.es\/diario\/wp-json\/wp\/v2\/users\/14"}],"replies":[{"embeddable":true,"href":"https:\/\/www.upo.es\/diario\/wp-json\/wp\/v2\/comments?post=30878126"}],"version-history":[{"count":5,"href":"https:\/\/www.upo.es\/diario\/wp-json\/wp\/v2\/posts\/30878126\/revisions"}],"predecessor-version":[{"id":30878136,"href":"https:\/\/www.upo.es\/diario\/wp-json\/wp\/v2\/posts\/30878126\/revisions\/30878136"}],"wp:featuredmedia":[{"embeddable":true,"href":"https:\/\/www.upo.es\/diario\/wp-json\/wp\/v2\/media\/30878134"}],"wp:attachment":[{"href":"https:\/\/www.upo.es\/diario\/wp-json\/wp\/v2\/media?parent=30878126"}],"wp:term":[{"taxonomy":"category","embeddable":true,"href":"https:\/\/www.upo.es\/diario\/wp-json\/wp\/v2\/categories?post=30878126"},{"taxonomy":"post_tag","embeddable":true,"href":"https:\/\/www.upo.es\/diario\/wp-json\/wp\/v2\/tags?post=30878126"}],"curies":[{"name":"wp","href":"https:\/\/api.w.org\/{rel}","templated":true}]}}