{"id":30878181,"date":"2023-05-03T15:14:07","date_gmt":"2023-05-03T13:14:07","guid":{"rendered":"https:\/\/www.upo.es\/diario\/?p=30878181"},"modified":"2023-05-08T10:56:46","modified_gmt":"2023-05-08T08:56:46","slug":"la-upo-organiza-el-i-workshop-para-la-co-construccion-del-modelo-olavide-dual","status":"publish","type":"post","link":"https:\/\/www.upo.es\/diario\/institucional\/2023\/05\/la-upo-organiza-el-i-workshop-para-la-co-construccion-del-modelo-olavide-dual\/","title":{"rendered":"La UPO organiza el I Workshop para la co-construcci\u00f3n del Modelo Olavide DUAL"},"content":{"rendered":"<figure id=\"attachment_30878179\" aria-describedby=\"caption-attachment-30878179\" style=\"width: 750px\" class=\"wp-caption aligncenter\"><a href=\"https:\/\/www.upo.es\/diario\/wp-content\/uploads\/2023\/05\/IMG_9758-scaled.jpg\"><img loading=\"lazy\" decoding=\"async\" class=\"wp-image-30878179 size-large\" src=\"https:\/\/www.upo.es\/diario\/wp-content\/uploads\/2023\/05\/IMG_9758-750x500.jpg\" alt=\"\" width=\"750\" height=\"500\" srcset=\"https:\/\/www.upo.es\/diario\/wp-content\/uploads\/2023\/05\/IMG_9758-750x500.jpg 750w, https:\/\/www.upo.es\/diario\/wp-content\/uploads\/2023\/05\/IMG_9758-385x257.jpg 385w, https:\/\/www.upo.es\/diario\/wp-content\/uploads\/2023\/05\/IMG_9758-768x512.jpg 768w, https:\/\/www.upo.es\/diario\/wp-content\/uploads\/2023\/05\/IMG_9758-1536x1024.jpg 1536w\" sizes=\"auto, (max-width: 750px) 100vw, 750px\" \/><\/a><figcaption id=\"caption-attachment-30878179\" class=\"wp-caption-text\">La directora general de Empleabilidad y Emprendimiento Amapola Povedano D\u00edaz durante el Workshop &#8216;Construyendo el Modelo Olavide Dual&#8217;<\/figcaption><\/figure>\n<p>El rector de la Universidad Pablo de Olavide, Francisco Oliva Bl\u00e1zquez, y la directora general de Empleabilidad y Emprendimiento, Amapola Povedano D\u00edaz, han inaugurado el<strong> I Workshop &#8216;Construyendo el Modelo Olavide Dual&#8217;<\/strong>, cuyo objetivo principal es generar conocimiento compartido entre los agentes que forman parte del ecosistema de aprendizaje en el Modelo de Ense\u00f1anza DUAL para la construcci\u00f3n de un Modelo v\u00e1lido y exitoso.<\/p>\n<p><a href=\"https:\/\/www.upo.es\/diario\/wp-content\/uploads\/2023\/05\/IMG_9666-scaled.jpg\"><img loading=\"lazy\" decoding=\"async\" class=\"alignright size-medium wp-image-30878178\" src=\"https:\/\/www.upo.es\/diario\/wp-content\/uploads\/2023\/05\/IMG_9666-385x257.jpg\" alt=\"\" width=\"385\" height=\"257\" srcset=\"https:\/\/www.upo.es\/diario\/wp-content\/uploads\/2023\/05\/IMG_9666-385x257.jpg 385w, https:\/\/www.upo.es\/diario\/wp-content\/uploads\/2023\/05\/IMG_9666-750x500.jpg 750w, https:\/\/www.upo.es\/diario\/wp-content\/uploads\/2023\/05\/IMG_9666-768x512.jpg 768w, https:\/\/www.upo.es\/diario\/wp-content\/uploads\/2023\/05\/IMG_9666-1536x1024.jpg 1536w\" sizes=\"auto, (max-width: 385px) 100vw, 385px\" \/><\/a>Francisco Oliva ha agradecido personalmente a las empresas su participaci\u00f3n, resaltado la importancia de \u201ceste proyecto estrat\u00e9gico para la Universidad Pablo de Olavide\u201d. Asimismo, Amapola Povedano ha destacado que \u201clos modelos exitosos en otras universidades se basan en una co-construcci\u00f3n con las entidades colaboradoras. Apostamos por ese modelo para el proyecto Olavide DUAL\u201d.<\/p>\n<p><a href=\"https:\/\/www.upo.es\/diario\/wp-content\/uploads\/2023\/05\/IMG_9798.jpg\"><img loading=\"lazy\" decoding=\"async\" class=\"alignright size-large wp-image-30878180\" src=\"https:\/\/www.upo.es\/diario\/wp-content\/uploads\/2023\/05\/IMG_9798.jpg\" alt=\"\" width=\"1\" height=\"1\" \/><\/a>La formaci\u00f3n dual universitaria es una modalidad de ense\u00f1anza que combina la formaci\u00f3n te\u00f3rica y pr\u00e1ctica de los estudiantes en el \u00e1mbito local. Esta formaci\u00f3n se materializa mediante un convenio de colaboraci\u00f3n Universidad-Empresa, en el que el estudiante alterna su formaci\u00f3n en el aula con su trabajo en la entidad empresarial, con un contrato laboral denominado contrato en alternancia, adquiriendo habilidades y conocimientos que le permitir\u00e1n una mayor inserci\u00f3n laboral y una mejor adaptaci\u00f3n al mercado laboral.<\/p>\n<p><a href=\"https:\/\/www.upo.es\/diario\/wp-content\/uploads\/2023\/05\/IMG_9798.jpg\"><img loading=\"lazy\" decoding=\"async\" class=\"alignright size-large wp-image-30878180\" src=\"https:\/\/www.upo.es\/diario\/wp-content\/uploads\/2023\/05\/IMG_9798.jpg\" alt=\"\" width=\"1\" height=\"1\" \/><\/a><a href=\"https:\/\/www.upo.es\/diario\/wp-content\/uploads\/2023\/05\/IMG_9798.jpg\"><img loading=\"lazy\" decoding=\"async\" class=\"alignright size-large wp-image-30878180\" src=\"https:\/\/www.upo.es\/diario\/wp-content\/uploads\/2023\/05\/IMG_9798.jpg\" alt=\"\" width=\"1\" height=\"1\" \/><\/a>Durante la celebraci\u00f3n del evento, las diferentes mesas de trabajo, divididas por cada Centro o Facultad, han puesto en com\u00fan el an\u00e1lisis de la situaci\u00f3n actual para el desarrollo del Modelo de Ense\u00f1anza DUAL, identificando las necesidades y demandas de las empresas y entidades, la evaluaci\u00f3n de los recursos disponibles, la definici\u00f3n de los objetivos y la identificaci\u00f3n de los obst\u00e1culos y oportunidades.<\/p>\n<p>En el Workshop han participado las empresa y entidades: Agencia Andaluza de Cooperaci\u00f3n Internacional para el Desarrollo (AACID), Areafit, Asociaci\u00f3n Andaluza de Centros de Ense\u00f1anza de la Econom\u00eda Social (ACES), Carto, Catec, Centro de Formaci\u00f3n Profesional Arenal, Colegio de Ambient\u00f3logos, Cruz Roja, Cuatrecasas, Deloitte , Ecoterrae, Emergya, Ernst &amp; Young, Firma Quattro, Fundaci\u00f3n UPO, Garrigues, Integra, Ntt Data, Omawa, Paz y Bien, PricewaterhouseCoopers, Sano Center Mairena, Sevilla F\u00fatbol Club, Soltel, Taraceas, Tatutrad, Teachlabs y Tu Entorno.<\/p>\n<p>&nbsp;<\/p>\n<p>&nbsp;<\/p>\n","protected":false},"excerpt":{"rendered":"<p>El rector de la Universidad Pablo de Olavide, Francisco Oliva Bl\u00e1zquez, y la directora general de Empleabilidad y Emprendimiento, Amapola Povedano D\u00edaz, han inaugurado el I Workshop \u201cConstruyendo el Modelo Olavide Dual\u201d, cuyo objetivo principal es generar conocimiento compartido entre los agentes que forman parte del ecosistema de aprendizaje en el Modelo de Ense\u00f1anza DUAL para la construcci\u00f3n de un Modelo v\u00e1lido y exitoso.<\/p>\n","protected":false},"author":4,"featured_media":30878178,"comment_status":"closed","ping_status":"open","sticky":false,"template":"","format":"standard","meta":{"_monsterinsights_skip_tracking":false,"_monsterinsights_sitenote_active":false,"_monsterinsights_sitenote_note":"","_monsterinsights_sitenote_category":0,"footnotes":""},"categories":[6],"tags":[3989,689,509,2474,8375,5837],"class_list":["post-30878181","post","type-post","status-publish","format-standard","has-post-thumbnail","hentry","category-institucional","tag-empleabilidad","tag-emprendimiento","tag-formacion","tag-fundacion-universidad-pablo-de-olavide","tag-olavide-dual","tag-workshop"],"_links":{"self":[{"href":"https:\/\/www.upo.es\/diario\/wp-json\/wp\/v2\/posts\/30878181","targetHints":{"allow":["GET"]}}],"collection":[{"href":"https:\/\/www.upo.es\/diario\/wp-json\/wp\/v2\/posts"}],"about":[{"href":"https:\/\/www.upo.es\/diario\/wp-json\/wp\/v2\/types\/post"}],"author":[{"embeddable":true,"href":"https:\/\/www.upo.es\/diario\/wp-json\/wp\/v2\/users\/4"}],"replies":[{"embeddable":true,"href":"https:\/\/www.upo.es\/diario\/wp-json\/wp\/v2\/comments?post=30878181"}],"version-history":[{"count":6,"href":"https:\/\/www.upo.es\/diario\/wp-json\/wp\/v2\/posts\/30878181\/revisions"}],"predecessor-version":[{"id":30878190,"href":"https:\/\/www.upo.es\/diario\/wp-json\/wp\/v2\/posts\/30878181\/revisions\/30878190"}],"wp:featuredmedia":[{"embeddable":true,"href":"https:\/\/www.upo.es\/diario\/wp-json\/wp\/v2\/media\/30878178"}],"wp:attachment":[{"href":"https:\/\/www.upo.es\/diario\/wp-json\/wp\/v2\/media?parent=30878181"}],"wp:term":[{"taxonomy":"category","embeddable":true,"href":"https:\/\/www.upo.es\/diario\/wp-json\/wp\/v2\/categories?post=30878181"},{"taxonomy":"post_tag","embeddable":true,"href":"https:\/\/www.upo.es\/diario\/wp-json\/wp\/v2\/tags?post=30878181"}],"curies":[{"name":"wp","href":"https:\/\/api.w.org\/{rel}","templated":true}]}}