{"id":30878213,"date":"2023-05-04T15:17:13","date_gmt":"2023-05-04T13:17:13","guid":{"rendered":"https:\/\/www.upo.es\/diario\/?p=30878213"},"modified":"2023-05-08T12:02:25","modified_gmt":"2023-05-08T10:02:25","slug":"la-upo-celebra-un-congreso-internacional-sobre-la-incidencia-de-las-ultimas-reformas-penales-en-espana","status":"publish","type":"post","link":"https:\/\/www.upo.es\/diario\/docencia-formacion\/2023\/05\/la-upo-celebra-un-congreso-internacional-sobre-la-incidencia-de-las-ultimas-reformas-penales-en-espana\/","title":{"rendered":"La UPO celebra un congreso internacional sobre la incidencia de las \u00faltimas reformas penales en Espa\u00f1a"},"content":{"rendered":"<figure id=\"attachment_30878214\" aria-describedby=\"caption-attachment-30878214\" style=\"width: 750px\" class=\"wp-caption aligncenter\"><a href=\"https:\/\/www.upo.es\/diario\/wp-content\/uploads\/2023\/05\/FOTOS-PRESENTACION-CONGRESO.jpg\"><img loading=\"lazy\" decoding=\"async\" class=\"wp-image-30878214 size-large\" src=\"https:\/\/www.upo.es\/diario\/wp-content\/uploads\/2023\/05\/FOTOS-PRESENTACION-CONGRESO-750x500.jpg\" alt=\"\" width=\"750\" height=\"500\" srcset=\"https:\/\/www.upo.es\/diario\/wp-content\/uploads\/2023\/05\/FOTOS-PRESENTACION-CONGRESO-750x500.jpg 750w, https:\/\/www.upo.es\/diario\/wp-content\/uploads\/2023\/05\/FOTOS-PRESENTACION-CONGRESO-385x257.jpg 385w, https:\/\/www.upo.es\/diario\/wp-content\/uploads\/2023\/05\/FOTOS-PRESENTACION-CONGRESO-768x512.jpg 768w, https:\/\/www.upo.es\/diario\/wp-content\/uploads\/2023\/05\/FOTOS-PRESENTACION-CONGRESO-165x109.jpg 165w, https:\/\/www.upo.es\/diario\/wp-content\/uploads\/2023\/05\/FOTOS-PRESENTACION-CONGRESO-1320x880.jpg 1320w, https:\/\/www.upo.es\/diario\/wp-content\/uploads\/2023\/05\/FOTOS-PRESENTACION-CONGRESO.jpg 1500w\" sizes=\"auto, (max-width: 750px) 100vw, 750px\" \/><\/a><figcaption id=\"caption-attachment-30878214\" class=\"wp-caption-text\">Alfonso Gal\u00e1n y Silvia Mendoza en la mesa inaugural del Congreso Internacional<\/figcaption><\/figure>\n<p>El <strong>Grupo PAIDI de Investigaci\u00f3n sobre Sistema penal y Criminolog\u00eda<\/strong> de la Universidad Pablo de Olavide, en colaboraci\u00f3n con la <strong>Facultad de Derecho<\/strong> y el <strong>Programa de doctorado en Ciencias Jur\u00eddicas y Pol\u00edticas<\/strong>, ha organizado el <strong>Congreso Internacional \u2018Incidencia y problemas de las \u00faltimas reformas penales: una perspectiva cr\u00edtica\u2019<\/strong> que se desarrolla hasta este viernes en la Sala de Grados de la Biblioteca \u2013 CRAI. La asistencia es libre hasta completar aforo.<\/p>\n<p>La inauguraci\u00f3n ha estado a cargo de la decana de la Facultad de Derecho de la Universidad Pablo de Olavide, <strong>Mar\u00eda Dom\u00ednguez Serrano<\/strong>, y el profesorado director del congreso: el catedr\u00e1tico de Derecho Penal <strong>Alfonso Gal\u00e1n Mu\u00f1oz<\/strong> y la profesora de Derecho Penal de la UPO <strong>Silvia Mendoza Calder\u00f3n<\/strong>.<\/p>\n<p>Este congreso tiene como objetivo el <strong>an\u00e1lisis de las numerosas reformas penales que se han producido en Espa\u00f1a durante los a\u00f1os 2021 y 2022 en materias relacionadas con la integridad moral, la libertad sexual y los delitos socioecon\u00f3micos o de des\u00f3rdenes p\u00fablicos<\/strong>, entre otras. Para ello, intervendr\u00e1n reputadas personas especialistas nacionales e internacionales y miembros de organismos como el Consejo de Europa.<\/p>\n<p>Como explica el catedr\u00e1tico Alfonso Gal\u00e1n, \u201ceste conglomerado de reformas de nuestra normativa penal obliga al jurista a reciclarse y replantearse el an\u00e1lisis de los diferentes tipos delictivos afectados. Tambi\u00e9n, a valorar a qu\u00e9 l\u00edneas pol\u00edtico criminales obedecen estas modificaciones, los referentes de Derecho Penal comparado tenidos en cuenta o qu\u00e9 legislaci\u00f3n de car\u00e1cter supranacional se ha visto invocada como raz\u00f3n de ser de la correspondiente modificaci\u00f3n de nuestro C\u00f3digo Penal\u201d.<\/p>\n<p>Durante las dos jornadas del congreso, se desarrollar\u00e1n mesas bajo tem\u00e1ticas como las soluciones pol\u00edtico criminales de Derecho comparado, las reformas sobre corrupci\u00f3n y los delitos contra la libertad sexual o de los delitos patrimoniales y socioecon\u00f3micos, entre otras.<\/p>\n<p>La mesa de clausura tendr\u00e1 lugar en la ma\u00f1ana del viernes a partir de las 10:00 horas bajo el t\u00edtulo \u2018La reforma de los delitos de sedici\u00f3n y des\u00f3rdenes p\u00fablicos\u2019. En ella participar\u00e1n el catedr\u00e1tico de Derecho Penal de la Universidad Rovira i Virgili <strong>Gonzalo Quintero Olivares<\/strong>, el catedr\u00e1tico de Derecho Penal de la Universidad de Valencia <strong>Jos\u00e9 Luis Gonz\u00e1lez Cussac<\/strong> y la catedr\u00e1tica de Derecho Penal de la Universidad de Sevilla <strong>Carmen G\u00f3mez Rivero<\/strong>. Posteriormente, el rector de la Universidad Pablo de Olavide, Francisco Oliva Bl\u00e1zquez, clausurar\u00e1 el congreso.<\/p>\n","protected":false},"excerpt":{"rendered":"<p>El Grupo PAIDI de Investigaci\u00f3n sobre Sistema penal y Criminolog\u00eda de la Universidad Pablo de Olavide, en colaboraci\u00f3n con la Facultad de Derecho y el Programa de doctorado en Ciencias Jur\u00eddicas y Pol\u00edticas, ha organizado el Congreso Internacional \u2018Incidencia y problemas de las \u00faltimas reformas penales: una perspectiva cr\u00edtica\u2019 que se desarrolla hasta este viernes en la Sala de Grados de la Biblioteca \u2013 CRAI. La asistencia es libre hasta completar aforo.<\/p>\n","protected":false},"author":14,"featured_media":30878214,"comment_status":"closed","ping_status":"open","sticky":false,"template":"","format":"standard","meta":{"_monsterinsights_skip_tracking":false,"_monsterinsights_sitenote_active":false,"_monsterinsights_sitenote_note":"","_monsterinsights_sitenote_category":0,"footnotes":""},"categories":[2779],"tags":[2491,1971,1880,842,81,8377,8379,8378],"class_list":["post-30878213","post","type-post","status-publish","format-standard","has-post-thumbnail","hentry","category-docencia-formacion","tag-biblioteca-crai","tag-ciencias-juridicas-y-politicas","tag-congreso-internacional","tag-derecho-penal","tag-facultad-de-derecho","tag-grupo-de-investigacion","tag-reformas-penales","tag-sistema-penal-y-criminologia"],"_links":{"self":[{"href":"https:\/\/www.upo.es\/diario\/wp-json\/wp\/v2\/posts\/30878213","targetHints":{"allow":["GET"]}}],"collection":[{"href":"https:\/\/www.upo.es\/diario\/wp-json\/wp\/v2\/posts"}],"about":[{"href":"https:\/\/www.upo.es\/diario\/wp-json\/wp\/v2\/types\/post"}],"author":[{"embeddable":true,"href":"https:\/\/www.upo.es\/diario\/wp-json\/wp\/v2\/users\/14"}],"replies":[{"embeddable":true,"href":"https:\/\/www.upo.es\/diario\/wp-json\/wp\/v2\/comments?post=30878213"}],"version-history":[{"count":1,"href":"https:\/\/www.upo.es\/diario\/wp-json\/wp\/v2\/posts\/30878213\/revisions"}],"predecessor-version":[{"id":30878215,"href":"https:\/\/www.upo.es\/diario\/wp-json\/wp\/v2\/posts\/30878213\/revisions\/30878215"}],"wp:featuredmedia":[{"embeddable":true,"href":"https:\/\/www.upo.es\/diario\/wp-json\/wp\/v2\/media\/30878214"}],"wp:attachment":[{"href":"https:\/\/www.upo.es\/diario\/wp-json\/wp\/v2\/media?parent=30878213"}],"wp:term":[{"taxonomy":"category","embeddable":true,"href":"https:\/\/www.upo.es\/diario\/wp-json\/wp\/v2\/categories?post=30878213"},{"taxonomy":"post_tag","embeddable":true,"href":"https:\/\/www.upo.es\/diario\/wp-json\/wp\/v2\/tags?post=30878213"}],"curies":[{"name":"wp","href":"https:\/\/api.w.org\/{rel}","templated":true}]}}