{"id":30878254,"date":"2023-05-10T05:56:08","date_gmt":"2023-05-10T03:56:08","guid":{"rendered":"https:\/\/www.upo.es\/diario\/?p=30878254"},"modified":"2023-05-11T14:36:18","modified_gmt":"2023-05-11T12:36:18","slug":"la-feria-de-la-ciencia-vuelve-a-sevilla-con-la-participacion-de-la-universidad-pablo-de-olavide","status":"publish","type":"post","link":"https:\/\/www.upo.es\/diario\/docencia-formacion\/2023\/05\/la-feria-de-la-ciencia-vuelve-a-sevilla-con-la-participacion-de-la-universidad-pablo-de-olavide\/","title":{"rendered":"La Feria de la Ciencia vuelve a Sevilla con la participaci\u00f3n de la Universidad Pablo de Olavide"},"content":{"rendered":"<figure id=\"attachment_30878355\" aria-describedby=\"caption-attachment-30878355\" style=\"width: 525px\" class=\"wp-caption alignright\"><a href=\"https:\/\/www.upo.es\/diario\/wp-content\/uploads\/2023\/05\/Feria-Ciencia-2023_28.jpg\"><img loading=\"lazy\" decoding=\"async\" class=\"wp-image-30878355 size-large\" src=\"https:\/\/www.upo.es\/diario\/wp-content\/uploads\/2023\/05\/Feria-Ciencia-2023_28-525x525.jpg\" alt=\"Stand de la UPO en la Feria de la Ciencia 2023\" width=\"525\" height=\"525\" srcset=\"https:\/\/www.upo.es\/diario\/wp-content\/uploads\/2023\/05\/Feria-Ciencia-2023_28-525x525.jpg 525w, https:\/\/www.upo.es\/diario\/wp-content\/uploads\/2023\/05\/Feria-Ciencia-2023_28-420x420.jpg 420w, https:\/\/www.upo.es\/diario\/wp-content\/uploads\/2023\/05\/Feria-Ciencia-2023_28-150x150.jpg 150w, https:\/\/www.upo.es\/diario\/wp-content\/uploads\/2023\/05\/Feria-Ciencia-2023_28-768x768.jpg 768w, https:\/\/www.upo.es\/diario\/wp-content\/uploads\/2023\/05\/Feria-Ciencia-2023_28-1536x1536.jpg 1536w, https:\/\/www.upo.es\/diario\/wp-content\/uploads\/2023\/05\/Feria-Ciencia-2023_28.jpg 2048w, https:\/\/www.upo.es\/diario\/wp-content\/uploads\/2023\/05\/Feria-Ciencia-2023_28-1320x1320.jpg 1320w\" sizes=\"auto, (max-width: 525px) 100vw, 525px\" \/><\/a><figcaption id=\"caption-attachment-30878355\" class=\"wp-caption-text\">Stand de la UPO en la Feria de la Ciencia 2023<\/figcaption><\/figure>\n<p>La Universidad Pablo de Olavide est\u00e1 presente, un a\u00f1o m\u00e1s, en la <strong>Feria de la Ciencia<\/strong> que se celebra los d\u00edas <strong>10, 11 y 12 de mayo en el Palacio de Congresos y Exposiciones de Sevilla (FIBES)<\/strong>. En concreto, en los stands 74 y 75, las personas visitantes podr\u00e1n conocer el trabajo cient\u00edfico de investigadores e investigadoras de la UPO a trav\u00e9s de talleres, juegos, proyecciones, demostraciones y observaciones micro y macrosc\u00f3picas relacionadas con la <strong>Biotecnolog\u00eda, Biolog\u00eda del Desarrollo, Biodiversidad y Cambio clim\u00e1tico, Energ\u00eda sostenible, Salud y Deporte y Sociolog\u00eda<\/strong>.<\/p>\n<p>El <strong>Vicerrectorado de Investigaci\u00f3n, Transferencia y Doctorado<\/strong>, a trav\u00e9s de la <strong>Oficina de Transferencia de Resultados de Investigaci\u00f3n (OTRI)<\/strong>, coordina las diferentes actividades programadas para este evento organizadas por investigadores e investigadoras de la Facultad10 de Ciencias Experimentales, la Facultad de Ciencias del Deporte, la Facultad de Ciencias Sociales, el Centro Andaluz de Biolog\u00eda del Desarrollo (CABD) y la Asociaci\u00f3n de Biotecn\u00f3logos de Andaluc\u00eda (ASBAN).<\/p>\n<p><a href=\"https:\/\/www.upo.es\/diario\/wp-content\/uploads\/2023\/05\/Cartel-UPO-Feria-Cienciared.jpg\"><img loading=\"lazy\" decoding=\"async\" class=\"alignright size-large wp-image-30878255\" src=\"https:\/\/www.upo.es\/diario\/wp-content\/uploads\/2023\/05\/Cartel-UPO-Feria-Cienciared-304x430.jpg\" alt=\"\" width=\"304\" height=\"430\" srcset=\"https:\/\/www.upo.es\/diario\/wp-content\/uploads\/2023\/05\/Cartel-UPO-Feria-Cienciared-304x430.jpg 304w, https:\/\/www.upo.es\/diario\/wp-content\/uploads\/2023\/05\/Cartel-UPO-Feria-Cienciared-297x420.jpg 297w, https:\/\/www.upo.es\/diario\/wp-content\/uploads\/2023\/05\/Cartel-UPO-Feria-Cienciared-768x1088.jpg 768w, https:\/\/www.upo.es\/diario\/wp-content\/uploads\/2023\/05\/Cartel-UPO-Feria-Cienciared-1085x1536.jpg 1085w, https:\/\/www.upo.es\/diario\/wp-content\/uploads\/2023\/05\/Cartel-UPO-Feria-Cienciared-1446x2048.jpg 1446w, https:\/\/www.upo.es\/diario\/wp-content\/uploads\/2023\/05\/Cartel-UPO-Feria-Cienciared-1320x1869.jpg 1320w, https:\/\/www.upo.es\/diario\/wp-content\/uploads\/2023\/05\/Cartel-UPO-Feria-Cienciared.jpg 1754w\" sizes=\"auto, (max-width: 304px) 100vw, 304px\" \/><\/a>As\u00ed, para los tres d\u00edas que dura la Feria, se han organizado actividades donde investigadores e investigadoras del \u00c1rea de Zoolog\u00eda, coordinados por la cient\u00edfica Mar\u00eda Jos\u00e9 Reyes Mart\u00ednez, descubrir\u00e1n a los y las visitantes la <strong>vida secreta de nuestras playas y r\u00edos<\/strong> a trav\u00e9s de la observaci\u00f3n directa de invertebrados bent\u00f3nicos caracter\u00edsticos de los ecosistemas costeros de playas (crust\u00e1ceos, moluscos y an\u00e9lidos) y de invertebrados planct\u00f3nicos (zooplancton) t\u00edpicos del r\u00edo Guadalquivir.<\/p>\n<p>De otro lado, el \u00c1rea de Qu\u00edmica F\u00edsica de la Universidad Pablo de Olavide, a trav\u00e9s del taller <strong>\u2018Hidr\u00f3geno y Energ\u00eda de nuestro Sol\u2019<\/strong> que coordina el profesor Juan A. Anta, mostrar\u00e1 dos veh\u00edculos futuristas que no utilizan gasolina ni ning\u00fan combustible f\u00f3sil o no-renovable ni tienen bater\u00edas. Asimismo, se hablar\u00e1 del potencial que la rotura de la mol\u00e9cula de agua tiene para producir combustibles sostenibles como el hidr\u00f3geno.<\/p>\n<p>Por su parte, la Asociaci\u00f3n de Biotecn\u00f3logos de Andaluc\u00eda (ASBAN) ha organizado el taller <strong>\u2018\u00bfBio&#8230; qu\u00e9? La Biotecnolog\u00eda de tu d\u00eda a d\u00eda y del futuro\u2019,<\/strong> donde se har\u00e1 especial hincapi\u00e9 en c\u00f3mo esta disciplina es fundamental para alcanzar objetivos de desarrollo sostenible. A trav\u00e9s de microscopios, se observar\u00e1n muestras relacionadas con la Biotecnolog\u00eda y las personas participantes podr\u00e1n llevarse a casa placas de Petri cultivadas con microorganismos que viven en nuestras manos o en objetos del d\u00eda a d\u00eda.<\/p>\n<p>El Centro Andaluz de Biolog\u00eda al Desarrollo (CABD) vuelve a poner en marcha sus talleres donde permitir\u00e1 la <strong>observaci\u00f3n de algunos de los microorganismos<\/strong> con los que habitualmente trabaja, como el gusano <em>Caenorhabditis elegans<\/em>, la mosca de la fruta <em>Drosophila Melanogaster<\/em>, los peces medaka y cebra o embriones de rat\u00f3n.<\/p>\n<p>Para el mi\u00e9rcoles 10 y jueves 11, bajo la coordinaci\u00f3n del profesor Diego Mungu\u00eda Izquierdo, los investigadores e investigadoras del \u00c1rea de Educaci\u00f3n F\u00edsica y Deportiva pondr\u00e1n en marcha el taller<strong> \u2018PowerONyou: Entrenamiento, h\u00e1bitos y salud\u2019<\/strong>, donde los y las participantes podr\u00e1n valorar su estilo de vida, condici\u00f3n f\u00edsica y otros par\u00e1metros de salud mediante distintas herramientas y test validados cient\u00edficamente.<\/p>\n<p>El viernes 12 de mayo, investigadores y alumnado del Departamento de Sociolog\u00eda, con la coordinaci\u00f3n de Luis Navarro Ardoy, han organizado un <strong>\u2018Jenga sociol\u00f3gico\u2019<\/strong> con el objetivo de acercar de una forma atractiva y divertida la investigaci\u00f3n sociol\u00f3gica a tem\u00e1ticas de actualidad como recurso que puede despertar el inter\u00e9s de las nuevas generaciones para el an\u00e1lisis de situaciones sociales y conflictos del mundo actual.<\/p>\n<p>Por \u00faltimo, en el espacio <strong>\u2018As\u00f3mate a la Ciencia\u2019<\/strong> de la Feria, el jueves 11 y viernes 12 de mayo, se ofrecer\u00e1n las micro charlas \u2018Invertebrados: la vida secreta de nuestras playas y r\u00edos\u2019, de la mano de Mar\u00eda Jos\u00e9 Reyes Mart\u00ednez, investigadora del \u00c1rea de Zoolog\u00eda; y la titulada \u2018Energ\u00eda \u00bfDe d\u00f3nde la obtenemos?\u2019, impartida por Renan Andr\u00e9s Escalante Quijano, investigador del \u00c1rea de Qu\u00edmica F\u00edsica.<\/p>\n<p>La Feria de la Ciencia, organizada por la <strong>Sociedad Andaluza para la Divulgaci\u00f3n de la Ciencia<\/strong> y la <strong>Fundaci\u00f3n Descubre<\/strong>, constituye un evento divulgativo que, cada a\u00f1o, re\u00fane a centros educativos, universidades, CSIC, museos, empresas y otros centros de investigaci\u00f3n con el objetivo de compartir y generar inquietudes y vocaciones en el \u00e1mbito cient\u00edfico y de la investigaci\u00f3n.<\/p>\n<p>M\u00e1s informaci\u00f3n: <a href=\"https:\/\/feriadelaciencia.org\/01_FERIACIENCIA\/\">https:\/\/feriadelaciencia.org\/01_FERIACIENCIA\/<\/a><\/p>\n<p>Fuente: Oficina de Transferencia de Resultados de Investigaci\u00f3n (OTRI) de la UPO<\/p>\n","protected":false},"excerpt":{"rendered":"<p>La Universidad Pablo de Olavide est\u00e1 presente, un a\u00f1o m\u00e1s, en la Feria de la Ciencia que se celebra los d\u00edas 10, 11 y 12 de mayo en el Palacio de Congresos y Exposiciones de Sevilla (FIBES). En concreto, en los stands 74 y 75, las personas visitantes podr\u00e1n conocer el trabajo cient\u00edfico de investigadores e investigadoras de la UPO a trav\u00e9s de talleres, juegos, proyecciones, demostraciones y observaciones micro y macrosc\u00f3picas relacionadas con la Biotecnolog\u00eda, Biolog\u00eda del Desarrollo, Biodiversidad y Cambio clim\u00e1tico, Energ\u00eda sostenible, Salud y Deporte y Sociolog\u00eda.<\/p>\n","protected":false},"author":14,"featured_media":30878355,"comment_status":"closed","ping_status":"open","sticky":false,"template":"","format":"standard","meta":{"_monsterinsights_skip_tracking":false,"_monsterinsights_sitenote_active":false,"_monsterinsights_sitenote_note":"","_monsterinsights_sitenote_category":0,"footnotes":""},"categories":[2779],"tags":[123,43,1990,4639,545,2645,5019,5020,56,83,7331],"class_list":["post-30878254","post","type-post","status-publish","format-standard","has-post-thumbnail","hentry","category-docencia-formacion","tag-asban","tag-cabd","tag-ciencias-del-deporte","tag-ciencias-experimentales","tag-ciencias-sociales","tag-divulgacion-cientifica","tag-feria-de-la-ciencia","tag-fibes","tag-investigacion","tag-otri","tag-vicerrectorado-de-investigacion"],"_links":{"self":[{"href":"https:\/\/www.upo.es\/diario\/wp-json\/wp\/v2\/posts\/30878254","targetHints":{"allow":["GET"]}}],"collection":[{"href":"https:\/\/www.upo.es\/diario\/wp-json\/wp\/v2\/posts"}],"about":[{"href":"https:\/\/www.upo.es\/diario\/wp-json\/wp\/v2\/types\/post"}],"author":[{"embeddable":true,"href":"https:\/\/www.upo.es\/diario\/wp-json\/wp\/v2\/users\/14"}],"replies":[{"embeddable":true,"href":"https:\/\/www.upo.es\/diario\/wp-json\/wp\/v2\/comments?post=30878254"}],"version-history":[{"count":3,"href":"https:\/\/www.upo.es\/diario\/wp-json\/wp\/v2\/posts\/30878254\/revisions"}],"predecessor-version":[{"id":30878357,"href":"https:\/\/www.upo.es\/diario\/wp-json\/wp\/v2\/posts\/30878254\/revisions\/30878357"}],"wp:featuredmedia":[{"embeddable":true,"href":"https:\/\/www.upo.es\/diario\/wp-json\/wp\/v2\/media\/30878355"}],"wp:attachment":[{"href":"https:\/\/www.upo.es\/diario\/wp-json\/wp\/v2\/media?parent=30878254"}],"wp:term":[{"taxonomy":"category","embeddable":true,"href":"https:\/\/www.upo.es\/diario\/wp-json\/wp\/v2\/categories?post=30878254"},{"taxonomy":"post_tag","embeddable":true,"href":"https:\/\/www.upo.es\/diario\/wp-json\/wp\/v2\/tags?post=30878254"}],"curies":[{"name":"wp","href":"https:\/\/api.w.org\/{rel}","templated":true}]}}