{"id":30878332,"date":"2023-05-11T12:08:51","date_gmt":"2023-05-11T10:08:51","guid":{"rendered":"https:\/\/www.upo.es\/diario\/?p=30878332"},"modified":"2023-05-11T12:08:51","modified_gmt":"2023-05-11T10:08:51","slug":"la-universidad-pablo-de-olavide-disputa-en-valladolid-el-campeonato-de-espana-universitario-de-orientacion","status":"publish","type":"post","link":"https:\/\/www.upo.es\/diario\/comunidad\/2023\/05\/la-universidad-pablo-de-olavide-disputa-en-valladolid-el-campeonato-de-espana-universitario-de-orientacion\/","title":{"rendered":"La Universidad Pablo de Olavide disputa en Valladolid el Campeonato de Espa\u00f1a Universitario de orientaci\u00f3n"},"content":{"rendered":"<figure id=\"attachment_30878333\" aria-describedby=\"caption-attachment-30878333\" style=\"width: 750px\" class=\"wp-caption aligncenter\"><a href=\"https:\/\/www.upo.es\/diario\/wp-content\/uploads\/2023\/05\/imagen1-CEUOrientacion.jpg\"><img loading=\"lazy\" decoding=\"async\" class=\"size-large wp-image-30878333\" src=\"https:\/\/www.upo.es\/diario\/wp-content\/uploads\/2023\/05\/imagen1-CEUOrientacion-750x523.jpg\" alt=\"\" width=\"750\" height=\"523\" srcset=\"https:\/\/www.upo.es\/diario\/wp-content\/uploads\/2023\/05\/imagen1-CEUOrientacion-750x523.jpg 750w, https:\/\/www.upo.es\/diario\/wp-content\/uploads\/2023\/05\/imagen1-CEUOrientacion-420x293.jpg 420w, https:\/\/www.upo.es\/diario\/wp-content\/uploads\/2023\/05\/imagen1-CEUOrientacion-768x535.jpg 768w, https:\/\/www.upo.es\/diario\/wp-content\/uploads\/2023\/05\/imagen1-CEUOrientacion-95x67.jpg 95w, https:\/\/www.upo.es\/diario\/wp-content\/uploads\/2023\/05\/imagen1-CEUOrientacion.jpg 1271w\" sizes=\"auto, (max-width: 750px) 100vw, 750px\" \/><\/a><figcaption id=\"caption-attachment-30878333\" class=\"wp-caption-text\">Ana Madoz, el vicerrector Antonio Fern\u00e1ndez y Alejandra Sol\u00eds<\/figcaption><\/figure>\n<p>La Universidad Pablo de Olavide participa este fin de semana en el <strong>Campeonato de Espa\u00f1a Universitario (CEU) 2023 en la modalidad de orientaci\u00f3n<\/strong>, evento organizado por la Universidad de Valladolid. La cita, que arrancar\u00e1 el viernes con las acreditaciones y la prueba sprint, se desarrollar\u00e1 en diferentes instalaciones deportivas de la localidad de Portillo.<\/p>\n<p>La UPO ser\u00e1 representada por las estudiantes <strong>Ana Madoz<\/strong>, del Grado en Ciencias de la Actividad F\u00edsica y Deporte, y <strong>Alejandra Sol\u00eds<\/strong>, del Doble Grado en Derecho y Criminolog\u00eda. Ambas llegan a Valladolid con la ilusi\u00f3n de hacer algo importante y, sobre todo, sabedoras de que no ser\u00e1 nada f\u00e1cil llevarse una medalla de una competici\u00f3n donde la competencia es muy alta.<\/p>\n<p>Dicha competici\u00f3n arrancar\u00e1 este viernes, 12 de mayo, a las 17:30 horas con la prueba sprint en las piscinas municipales de Portillo. Mientras tanto, el s\u00e1bado 13 de mayo, entre las 10:00 y las 17:00 horas, se disputar\u00e1n las pruebas de media y larga distancia en el \u00c1rea Recreativa de Fuentem\u00edngez. Por \u00faltimo, la cuarta y \u00faltima prueba, denominada de precisi\u00f3n, se realizar\u00e1 el domingo, 14 de mayo, a las 10:00 horas en Plaza de las Piscinas Viejas.<\/p>\n<p>Para el correcto desarrollo de la competici\u00f3n, los <a href=\"https:\/\/www.ceu2023cyl.com\/wp-content\/uploads\/2020\/01\/BOLETIN-0-ORIENTACION-CEU-2023.pdf\">deportistas dispondr\u00e1n de un mapa espec\u00edfico para la pr\u00e1ctica del deporte de orientaci\u00f3n<\/a>, cartografiado seg\u00fan normativa I.O.F. (Federaci\u00f3n Internacional de Orientaci\u00f3n), a escala 1:15.000 preferentemente o 1:10.000 para la carrera larga, 1:10.000 para la media, 1:5.000 o 1:4000 para el sprint o equidistancia entre curvas de nivel de 5 metros o inferior en el caso de que lo requiera la orograf\u00eda del terreno.<\/p>\n<p>Para la prueba de precisi\u00f3n (O-Precisi\u00f3n), se utilizar\u00e1 la escala 1:4000 y equidistancia de 2,5 metros. Todo ello, estar\u00e1 homologado por la Federaci\u00f3n Espa\u00f1ola de Orientaci\u00f3n. Igualmente, para esta prueba, adem\u00e1s de poder adaptar el nivel de la misma, en el caso de que la universidad organizadora tenga alg\u00fan tipo de dificultad (conocimientos t\u00e9cnicos, cartograf\u00eda, recursos humanos), la <a href=\"https:\/\/www.fedo.org\/web\/\">FEDO<\/a> se ofrece para cualquier tipo de ayuda en la organizaci\u00f3n de la prueba para que esta disciplina sea 100% viable en el CEU.<\/p>\n<p>El desarrollo de las pruebas se har\u00e1 de acuerdo con el Reglamento General de los Campeonatos de Espa\u00f1a Universitarios (CEU) y el <a href=\"https:\/\/www.csd.gob.es\/sites\/default\/files\/media\/files\/2023-02\/RT%20ORIENTACIO\u0301N.pdf\">Reglamento T\u00e9cnico de los CEU<\/a> de dicha modalidad. Todo lo que no est\u00e9 contemplado en estos documentos, estar\u00e1 sujeto a lo dispuesto en el Reglamento de la Federaci\u00f3n Espa\u00f1ola de Orientaci\u00f3n, y la Federaci\u00f3n Internacional de Orientaci\u00f3n (IOF).<\/p>\n<p>M\u00e1s informaci\u00f3n sobre los CEU 2023 de Orientaci\u00f3n: <a href=\"https:\/\/www.ceu2023cyl.com\/orientacion\/\">https:\/\/www.ceu2023cyl.com\/orientacion\/<\/a><\/p>\n<p>Fuente: Fundaci\u00f3n Universidad Pablo de Olavide<\/p>\n","protected":false},"excerpt":{"rendered":"<p>La Universidad Pablo de Olavide participa este fin de semana en el Campeonato de Espa\u00f1a Universitario (CEU) 2023 en la modalidad de orientaci\u00f3n, evento organizado por la Universidad de Valladolid. La cita, que arrancar\u00e1 el viernes con las acreditaciones y la prueba sprint, se desarrollar\u00e1 en diferentes instalaciones deportivas de la localidad de Portillo.<\/p>\n","protected":false},"author":14,"featured_media":30878333,"comment_status":"closed","ping_status":"open","sticky":false,"template":"","format":"standard","meta":{"_monsterinsights_skip_tracking":false,"_monsterinsights_sitenote_active":false,"_monsterinsights_sitenote_note":"","_monsterinsights_sitenote_category":0,"footnotes":""},"categories":[5842],"tags":[1349,541,21,230,1227,39],"class_list":["post-30878332","post","type-post","status-publish","format-standard","has-post-thumbnail","hentry","category-comunidad","tag-ceu","tag-deporte","tag-estudiantes","tag-orientacion","tag-universidad-de-valladolid","tag-universidades"],"_links":{"self":[{"href":"https:\/\/www.upo.es\/diario\/wp-json\/wp\/v2\/posts\/30878332","targetHints":{"allow":["GET"]}}],"collection":[{"href":"https:\/\/www.upo.es\/diario\/wp-json\/wp\/v2\/posts"}],"about":[{"href":"https:\/\/www.upo.es\/diario\/wp-json\/wp\/v2\/types\/post"}],"author":[{"embeddable":true,"href":"https:\/\/www.upo.es\/diario\/wp-json\/wp\/v2\/users\/14"}],"replies":[{"embeddable":true,"href":"https:\/\/www.upo.es\/diario\/wp-json\/wp\/v2\/comments?post=30878332"}],"version-history":[{"count":1,"href":"https:\/\/www.upo.es\/diario\/wp-json\/wp\/v2\/posts\/30878332\/revisions"}],"predecessor-version":[{"id":30878334,"href":"https:\/\/www.upo.es\/diario\/wp-json\/wp\/v2\/posts\/30878332\/revisions\/30878334"}],"wp:featuredmedia":[{"embeddable":true,"href":"https:\/\/www.upo.es\/diario\/wp-json\/wp\/v2\/media\/30878333"}],"wp:attachment":[{"href":"https:\/\/www.upo.es\/diario\/wp-json\/wp\/v2\/media?parent=30878332"}],"wp:term":[{"taxonomy":"category","embeddable":true,"href":"https:\/\/www.upo.es\/diario\/wp-json\/wp\/v2\/categories?post=30878332"},{"taxonomy":"post_tag","embeddable":true,"href":"https:\/\/www.upo.es\/diario\/wp-json\/wp\/v2\/tags?post=30878332"}],"curies":[{"name":"wp","href":"https:\/\/api.w.org\/{rel}","templated":true}]}}