{"id":30878335,"date":"2023-05-11T12:34:18","date_gmt":"2023-05-11T10:34:18","guid":{"rendered":"https:\/\/www.upo.es\/diario\/?p=30878335"},"modified":"2023-05-11T12:37:06","modified_gmt":"2023-05-11T10:37:06","slug":"la-facultad-de-humanidades-celebra-el-viii-congreso-tras-las-huellas-de-la-antiguedad","status":"publish","type":"post","link":"https:\/\/www.upo.es\/diario\/docencia-formacion\/2023\/05\/la-facultad-de-humanidades-celebra-el-viii-congreso-tras-las-huellas-de-la-antiguedad\/","title":{"rendered":"La Facultad de Humanidades celebra el VIII Congreso \u2018Tras las Huellas de la Antig\u00fcedad\u2019"},"content":{"rendered":"<figure id=\"attachment_30878336\" aria-describedby=\"caption-attachment-30878336\" style=\"width: 750px\" class=\"wp-caption aligncenter\"><a href=\"https:\/\/www.upo.es\/diario\/wp-content\/uploads\/2023\/05\/Tras-Huellas-Antig-1-scaled.jpg\"><img loading=\"lazy\" decoding=\"async\" class=\"size-large wp-image-30878336\" src=\"https:\/\/www.upo.es\/diario\/wp-content\/uploads\/2023\/05\/Tras-Huellas-Antig-1-750x422.jpg\" alt=\"\" width=\"750\" height=\"422\" srcset=\"https:\/\/www.upo.es\/diario\/wp-content\/uploads\/2023\/05\/Tras-Huellas-Antig-1-750x422.jpg 750w, https:\/\/www.upo.es\/diario\/wp-content\/uploads\/2023\/05\/Tras-Huellas-Antig-1-420x236.jpg 420w, https:\/\/www.upo.es\/diario\/wp-content\/uploads\/2023\/05\/Tras-Huellas-Antig-1-768x432.jpg 768w, https:\/\/www.upo.es\/diario\/wp-content\/uploads\/2023\/05\/Tras-Huellas-Antig-1-1536x864.jpg 1536w, https:\/\/www.upo.es\/diario\/wp-content\/uploads\/2023\/05\/Tras-Huellas-Antig-1-2048x1152.jpg 2048w\" sizes=\"auto, (max-width: 750px) 100vw, 750px\" \/><\/a><figcaption id=\"caption-attachment-30878336\" class=\"wp-caption-text\">Alumnado de Humanidades presenta sus TFG sobre mundo antiguo<\/figcaption><\/figure>\n<p>La decana de la Facultad de Humanidades de la Universidad Pablo de Olavide, <strong>Rosario Moreno Soldevila<\/strong>, ha inaugurado el <strong>VIII Congreso \u2018Tras las Huellas de la Antig\u00fcedad\u2019<\/strong> que organiza la <strong>Revista It\u00e1lica<\/strong> como foro de encuentro de estudiantes de \u00faltimo curso de Grado para compartir los resultados de sus <strong>Trabajos de Fin de Grado sobre el mundo antiguo<\/strong>.<\/p>\n<p>Estos trabajos abarcan distintos aspectos sobre el mundo antiguo como la Historia, la Arqueolog\u00eda, la Filolog\u00eda Cl\u00e1sica o la Traducci\u00f3n. Tras las intervenciones de los y las ponentes, se ha presentado el <strong>n\u00famero 5 de la revista It\u00e1lica y se ha abierto el plazo del <em>Call for Papers<\/em> del n\u00famero 6<\/strong>. Para ello, la profesora <strong>Esperanza Macarena R\u00f3denas Perea<\/strong>, del Departamento de Geograf\u00eda, Historia y Filosof\u00eda, ha ofrecido a las personas participantes en el congreso una ponencia bajo el t\u00edtulo \u2018C\u00f3mo convertir tu TFG en un art\u00edculo\u2019.<\/p>\n<p>El programa del congreso recoge los TFG: \u2018\u00bfUna crisis con alternativa?: an\u00e1lisis de las rogationes rechazadas en la Rep\u00fablica romana entre el 70 y el 49 a.C.\u2019, de <strong>Juan Cort\u00e9s Mas<\/strong>; \u2018Redescubriendo el personaje de Briseida a trav\u00e9s de la novela \u2018For the Most Beautiful\u2019 de Emily Hauser, de <strong>Mar\u00eda Bazaga Ropero<\/strong>; \u2018La divulgaci\u00f3n de las Villas y Palacios Imperiales. Un estado de la cuesti\u00f3n y an\u00e1lisis a partir del proyecto Palatia 2.0\u2019, de <strong>Mar\u00eda Jes\u00fas Buz\u00f3n Hidalgo<\/strong>; \u2018La transformaci\u00f3n de Sansa Stark: un an\u00e1lisis de los arquetipos de la literatura grecolatina y los cuentos de hadas en Juego de Tronos\u2019, de <strong>Laura Rubio Ramos<\/strong>; \u2018Propuesta de traducci\u00f3n ingl\u00e9s-espa\u00f1ol y an\u00e1lisis de una reescritura contempor\u00e1nea con perspectiva de g\u00e9nero: Athena\u00b4s Child de Hannah Lynn, de <strong>Sara de la Haza Moscoso<\/strong>; y \u2018El Libro de las Puertas y el M\u00e1s All\u00e1 egipcio\u2019, de <strong>Pablo Dom\u00ednguez Suero<\/strong>.<\/p>\n<p>La <a href=\"https:\/\/www.upo.es\/revistas\/index.php\/italica\">revista It\u00e1lica<\/a> tiene como objetivo la difusi\u00f3n de j\u00f3venes investigadores e investigadoras del mundo antiguo y est\u00e1 gestionada por alumnado egresado de Humanidades. Con iniciativas como esta o las \u2018Jornadas de Orientaci\u00f3n para la Investigaci\u00f3n\u2019, la Facultad trata de impulsar la vocaci\u00f3n investigadora de su estudiantado, especialmente cuando da sus \u00faltimos pasos antes de graduarse.<\/p>\n","protected":false},"excerpt":{"rendered":"<p>La decana de la Facultad de Humanidades de la Universidad Pablo de Olavide, Rosario Moreno Soldevila, ha inaugurado el VIII Congreso \u2018Tras las Huellas de la Antig\u00fcedad\u2019 que organiza la Revista It\u00e1lica como foro de encuentro de estudiantes de \u00faltimo curso de Grado para compartir los resultados de sus Trabajos de Fin de Grado sobre el mundo antiguo.<\/p>\n","protected":false},"author":14,"featured_media":30878336,"comment_status":"closed","ping_status":"open","sticky":false,"template":"","format":"standard","meta":{"_monsterinsights_skip_tracking":false,"_monsterinsights_sitenote_active":false,"_monsterinsights_sitenote_note":"","_monsterinsights_sitenote_category":0,"footnotes":""},"categories":[2779],"tags":[354,21,96,2386,2546,2081],"class_list":["post-30878335","post","type-post","status-publish","format-standard","has-post-thumbnail","hentry","category-docencia-formacion","tag-congreso","tag-estudiantes","tag-facultad-de-humanidades","tag-mundo-antiguo","tag-revista-italica","tag-trabajo-fin-de-grado"],"_links":{"self":[{"href":"https:\/\/www.upo.es\/diario\/wp-json\/wp\/v2\/posts\/30878335","targetHints":{"allow":["GET"]}}],"collection":[{"href":"https:\/\/www.upo.es\/diario\/wp-json\/wp\/v2\/posts"}],"about":[{"href":"https:\/\/www.upo.es\/diario\/wp-json\/wp\/v2\/types\/post"}],"author":[{"embeddable":true,"href":"https:\/\/www.upo.es\/diario\/wp-json\/wp\/v2\/users\/14"}],"replies":[{"embeddable":true,"href":"https:\/\/www.upo.es\/diario\/wp-json\/wp\/v2\/comments?post=30878335"}],"version-history":[{"count":3,"href":"https:\/\/www.upo.es\/diario\/wp-json\/wp\/v2\/posts\/30878335\/revisions"}],"predecessor-version":[{"id":30878339,"href":"https:\/\/www.upo.es\/diario\/wp-json\/wp\/v2\/posts\/30878335\/revisions\/30878339"}],"wp:featuredmedia":[{"embeddable":true,"href":"https:\/\/www.upo.es\/diario\/wp-json\/wp\/v2\/media\/30878336"}],"wp:attachment":[{"href":"https:\/\/www.upo.es\/diario\/wp-json\/wp\/v2\/media?parent=30878335"}],"wp:term":[{"taxonomy":"category","embeddable":true,"href":"https:\/\/www.upo.es\/diario\/wp-json\/wp\/v2\/categories?post=30878335"},{"taxonomy":"post_tag","embeddable":true,"href":"https:\/\/www.upo.es\/diario\/wp-json\/wp\/v2\/tags?post=30878335"}],"curies":[{"name":"wp","href":"https:\/\/api.w.org\/{rel}","templated":true}]}}