{"id":30878347,"date":"2023-05-11T13:51:19","date_gmt":"2023-05-11T11:51:19","guid":{"rendered":"https:\/\/www.upo.es\/diario\/?p=30878347"},"modified":"2023-05-17T10:39:04","modified_gmt":"2023-05-17T08:39:04","slug":"la-biblioteca-crai-de-la-upo-acoge-la-exposicion-eii-mucho-mas-que-tres-letras","status":"publish","type":"post","link":"https:\/\/www.upo.es\/diario\/cultura-social\/2023\/05\/la-biblioteca-crai-de-la-upo-acoge-la-exposicion-eii-mucho-mas-que-tres-letras\/","title":{"rendered":"La Biblioteca\/CRAI de la UPO acoge la exposici\u00f3n \u2018EII, mucho m\u00e1s que tres letras\u2019"},"content":{"rendered":"<figure id=\"attachment_30878348\" aria-describedby=\"caption-attachment-30878348\" style=\"width: 750px\" class=\"wp-caption aligncenter\"><a href=\"https:\/\/www.upo.es\/diario\/wp-content\/uploads\/2023\/05\/20230511_Exp-ACCU-10-scaled.jpg\"><img loading=\"lazy\" decoding=\"async\" class=\"size-large wp-image-30878348\" src=\"https:\/\/www.upo.es\/diario\/wp-content\/uploads\/2023\/05\/20230511_Exp-ACCU-10-750x422.jpg\" alt=\"\" width=\"750\" height=\"422\" srcset=\"https:\/\/www.upo.es\/diario\/wp-content\/uploads\/2023\/05\/20230511_Exp-ACCU-10-750x422.jpg 750w, https:\/\/www.upo.es\/diario\/wp-content\/uploads\/2023\/05\/20230511_Exp-ACCU-10-420x236.jpg 420w, https:\/\/www.upo.es\/diario\/wp-content\/uploads\/2023\/05\/20230511_Exp-ACCU-10-768x432.jpg 768w, https:\/\/www.upo.es\/diario\/wp-content\/uploads\/2023\/05\/20230511_Exp-ACCU-10-1536x864.jpg 1536w, https:\/\/www.upo.es\/diario\/wp-content\/uploads\/2023\/05\/20230511_Exp-ACCU-10-2048x1152.jpg 2048w\" sizes=\"auto, (max-width: 750px) 100vw, 750px\" \/><\/a><figcaption id=\"caption-attachment-30878348\" class=\"wp-caption-text\">Inauguraci\u00f3n de la exposici\u00f3n &#8216;EII, mucho m\u00e1s tres letras&#8217;<\/figcaption><\/figure>\n<p>El vicerrector de Campus Saludable y Deporte de la Universidad Pablo de Olavide, <strong>Antonio Fern\u00e1ndez Mart\u00ednez<\/strong>, ha inaugurado en la Biblioteca\/CRAI la exposici\u00f3n <strong>\u2018EII, mucho m\u00e1s que tres letras\u2019<\/strong> que acoge los dibujos de <strong>Enrique Quevedo Arag\u00f3n<\/strong> que han ilustrado el libro <strong>\u2018C\u00f3mo afronto mi enfermedad inflamatoria intestinal\u2019<\/strong> editado por la <strong>Asociaci\u00f3n de enfermos de Crohn y Colitis Ulcerosa (ACCU)<\/strong>. La muestra se puede visitar en el \u00e1rea de exposiciones hasta el 31 de mayo.<\/p>\n<p>Antonio Fern\u00e1ndez ha se\u00f1alado que el objetivo de traer esta exposici\u00f3n al campus de la UPO es \u201cavanzar en la tarea que iniciamos hace dos a\u00f1os con ACCU Sevilla para sensibilizar a la comunidad universitaria sobre esta enfermedad\u201d. En este sentido, ha recordado que la primera medida tomada fue convertir el campus en un punto ACCU mediante la instalaci\u00f3n de un aseo para personas osmotizadas en el pabell\u00f3n 27. \u201cAhora, esta muestra es un paso m\u00e1s para trasladar a la sociedad que hay personas con estas enfermedades que tienen la necesidad de que se les facilite su d\u00eda a d\u00eda para que puedan desarrollar su actividad diaria, en este caso, en un campus universitario.<\/p>\n<p>Por su parte, el presidente de ACCU Sevilla, <strong>Jos\u00e9 Luis Rodr\u00edguez de los R\u00edos<\/strong>, ha agradecido a la Universidad Pablo de Olavide su compromiso \u201cno solo con las personas que sufren esta enfermedad sino con aquellas con alguna discapacidad en general\u201d. Asimismo, el autor de las ilustraciones, Enrique Quevedo Arag\u00f3n, ha explicado la petici\u00f3n que le hizo la asociaci\u00f3n como miembro de la misma para ilustrar el libro, para lo que se inspir\u00f3 en el mito de S\u00edsifo como primera idea. \u201cAdem\u00e1s, est\u00e1n muy presentes temas como el equilibro, la nutrici\u00f3n, la medicaci\u00f3n, la hospitalizaci\u00f3n o la ostom\u00eda\u201d, ha explicado el artista.<\/p>\n<p><a href=\"https:\/\/www.upo.es\/diario\/wp-content\/uploads\/2023\/05\/20230511_Exp-ACCU-3-scaled.jpg\"><img loading=\"lazy\" decoding=\"async\" class=\"alignright size-medium wp-image-30878351\" src=\"https:\/\/www.upo.es\/diario\/wp-content\/uploads\/2023\/05\/20230511_Exp-ACCU-3-420x280.jpg\" alt=\"\" width=\"420\" height=\"280\" srcset=\"https:\/\/www.upo.es\/diario\/wp-content\/uploads\/2023\/05\/20230511_Exp-ACCU-3-420x280.jpg 420w, https:\/\/www.upo.es\/diario\/wp-content\/uploads\/2023\/05\/20230511_Exp-ACCU-3-750x500.jpg 750w, https:\/\/www.upo.es\/diario\/wp-content\/uploads\/2023\/05\/20230511_Exp-ACCU-3-768x512.jpg 768w, https:\/\/www.upo.es\/diario\/wp-content\/uploads\/2023\/05\/20230511_Exp-ACCU-3-1536x1024.jpg 1536w, https:\/\/www.upo.es\/diario\/wp-content\/uploads\/2023\/05\/20230511_Exp-ACCU-3-2048x1365.jpg 2048w\" sizes=\"auto, (max-width: 420px) 100vw, 420px\" \/><\/a>Enrique Quevedo Arag\u00f3n, licenciado en Bellas Artes, es artista pl\u00e1stico e ilustrador. Ha expuesto en galer\u00edas de Madrid, Barcelona y Sevilla y en ferias como ARCO y la Feria del Arte Contempor\u00e1neo de Lisboa. Como ilustrador, ha publicado en editoriales nacionales e internacionales y cuenta con premios como el Bing Xin de China o los Moonbeam Children\u00b4s Books Awards y los Living Now Awards de Estados Unidos. Las ilustraciones de la exposici\u00f3n que ha llegado a la UPO han sido realizadas con l\u00e1pices de color y rotulador calibrado y describen con sus formas y colores la paleta emocional que experimentan las personas con una enfermedad inflamatoria intestinal (EII) en su d\u00eda a d\u00eda.<\/p>\n<h3><strong>Un libro sobre c\u00f3mo afrontar una EII<\/strong><\/h3>\n<p>\u2018Como afronto mi enfermedad inflamatoria intestinal\u2019, editado por ACCU Sevilla, es el resultado del trabajo de cinco doctoras investigadoras en disciplinas diferentes que trabajan con pacientes de EII y osmotizadas. Las autoras tratan en su obra <strong>los problemas y necesidades que les trasladan los y las pacientes, as\u00ed como sus recomendaciones con fundamentos cient\u00edficos<\/strong>, ya que las EII son enfermedades cr\u00f3nicas muy prevalentes en los pa\u00edses desarrollados que dificultan llevar una vida normal a quienes las padecen.<\/p>\n<p><strong>Yolanda Torres Dom\u00ednguez<\/strong>, m\u00e9dica especialista del Servicio de Gastroenterolog\u00eda y Coordinadora de la Unidad de EII del Hospital San Juan de Dios del Aljarafe (Sevilla); <strong>Adriana Rivera Sequeiros<\/strong>, doctora enfermera especialista en EII y Responsable de la Unidad de Investigaci\u00f3n e Innovaci\u00f3n en el Hospital San Juan de Dios del Aljarafe; <strong>Mar\u00eda \u00c1ngeles Izquierdo Mac\u00edas<\/strong>, coordinadora de Atenci\u00f3n al Usuario y Coordinadora de Desarrollo Solidario en el mismo hospital; <strong>Tamara Ortiz Cerda<\/strong>, doctora nutricionista cl\u00ednica e investigadora del Departamento de Citolog\u00eda e Histolog\u00eda normal y patol\u00f3gica de la Facultad de Medicina de la Universidad de Sevilla; y <strong>Elena Sarabia Cachadi\u00f1a<\/strong>, profesora doctora del Departamento de Actividad F\u00edsica y Deporte del Centro de Estudios Universitarios Cardenal Sp\u00ednola CEU son las coautoras del libro.<\/p>\n<p>Descarga gratuita del libro: <a href=\"https:\/\/www.accudesevilla.org\/como-afronto-mi-enfermedad-inflamatoria-intestinal\/\">www.accudesevilla.org\/como-afronto-mi-enfermedad-inflamatoria-intestinal\/<\/a><\/p>\n<p><a title=\"Exposici\u00f3n 'EII mucho m\u00e1s que tres letras'\" href=\"https:\/\/www.flickr.com\/photos\/pablodeolavide\/albums\/72177720308202428\" data-flickr-embed=\"true\" data-header=\"true\"><img loading=\"lazy\" decoding=\"async\" src=\"https:\/\/live.staticflickr.com\/65535\/52889160785_166faefc45_z.jpg\" alt=\"Exposici\u00f3n 'EII mucho m\u00e1s que tres letras'\" width=\"640\" height=\"480\" \/><\/a><script async src=\"\/\/embedr.flickr.com\/assets\/client-code.js\" charset=\"utf-8\"><\/script><\/p>\n","protected":false},"excerpt":{"rendered":"<p>El vicerrector de Campus Saludable y Deporte de la Universidad Pablo de Olavide, Antonio Fern\u00e1ndez Mart\u00ednez, ha inaugurado en la Biblioteca\/CRAI la exposici\u00f3n \u2018EII, mucho m\u00e1s que tres letras\u2019 que acoge los dibujos de Enrique Quevedo Arag\u00f3n que han ilustrado el libro \u2018C\u00f3mo afronto mi enfermedad inflamatoria intestinal\u2019 editado por la Asociaci\u00f3n de enfermos de Crohn y Colitis Ulcerosa (ACCU). La muestra se puede visitar en el \u00e1rea de exposiciones hasta el 31 de mayo.<\/p>\n","protected":false},"author":14,"featured_media":30878351,"comment_status":"closed","ping_status":"open","sticky":false,"template":"","format":"standard","meta":{"_monsterinsights_skip_tracking":false,"_monsterinsights_sitenote_active":false,"_monsterinsights_sitenote_note":"","_monsterinsights_sitenote_category":0,"footnotes":""},"categories":[5843],"tags":[8397,2491,8401,8399,8400,8398,74,7253],"class_list":["post-30878347","post","type-post","status-publish","format-standard","has-post-thumbnail","hentry","category-cultura-social","tag-accu","tag-biblioteca-crai","tag-crohn","tag-eii","tag-enfermedades-inflamatorias-intestinales","tag-enrique-quevedo-aragon","tag-exposiciones","tag-vicerrectorado-de-campus-saludable-y-deporte"],"_links":{"self":[{"href":"https:\/\/www.upo.es\/diario\/wp-json\/wp\/v2\/posts\/30878347","targetHints":{"allow":["GET"]}}],"collection":[{"href":"https:\/\/www.upo.es\/diario\/wp-json\/wp\/v2\/posts"}],"about":[{"href":"https:\/\/www.upo.es\/diario\/wp-json\/wp\/v2\/types\/post"}],"author":[{"embeddable":true,"href":"https:\/\/www.upo.es\/diario\/wp-json\/wp\/v2\/users\/14"}],"replies":[{"embeddable":true,"href":"https:\/\/www.upo.es\/diario\/wp-json\/wp\/v2\/comments?post=30878347"}],"version-history":[{"count":5,"href":"https:\/\/www.upo.es\/diario\/wp-json\/wp\/v2\/posts\/30878347\/revisions"}],"predecessor-version":[{"id":30878354,"href":"https:\/\/www.upo.es\/diario\/wp-json\/wp\/v2\/posts\/30878347\/revisions\/30878354"}],"wp:featuredmedia":[{"embeddable":true,"href":"https:\/\/www.upo.es\/diario\/wp-json\/wp\/v2\/media\/30878351"}],"wp:attachment":[{"href":"https:\/\/www.upo.es\/diario\/wp-json\/wp\/v2\/media?parent=30878347"}],"wp:term":[{"taxonomy":"category","embeddable":true,"href":"https:\/\/www.upo.es\/diario\/wp-json\/wp\/v2\/categories?post=30878347"},{"taxonomy":"post_tag","embeddable":true,"href":"https:\/\/www.upo.es\/diario\/wp-json\/wp\/v2\/tags?post=30878347"}],"curies":[{"name":"wp","href":"https:\/\/api.w.org\/{rel}","templated":true}]}}