{"id":30878358,"date":"2023-05-11T17:29:48","date_gmt":"2023-05-11T15:29:48","guid":{"rendered":"https:\/\/www.upo.es\/diario\/?p=30878358"},"modified":"2023-05-11T17:29:48","modified_gmt":"2023-05-11T15:29:48","slug":"el-alumnado-egresado-del-grado-en-criminologia-y-del-doble-grado-con-derecho-celebran-su-ceremonia-de-graduacion","status":"publish","type":"post","link":"https:\/\/www.upo.es\/diario\/comunidad\/2023\/05\/el-alumnado-egresado-del-grado-en-criminologia-y-del-doble-grado-con-derecho-celebran-su-ceremonia-de-graduacion\/","title":{"rendered":"El alumnado egresado del Grado en Criminolog\u00eda y del Doble Grado con Derecho celebran su ceremonia de graduaci\u00f3n"},"content":{"rendered":"<figure id=\"attachment_30878359\" aria-describedby=\"caption-attachment-30878359\" style=\"width: 700px\" class=\"wp-caption aligncenter\"><a href=\"https:\/\/www.upo.es\/diario\/wp-content\/uploads\/2023\/05\/graduacion.jpg\"><img loading=\"lazy\" decoding=\"async\" class=\"size-large wp-image-30878359\" src=\"https:\/\/www.upo.es\/diario\/wp-content\/uploads\/2023\/05\/graduacion-700x525.jpg\" alt=\"\" width=\"700\" height=\"525\" srcset=\"https:\/\/www.upo.es\/diario\/wp-content\/uploads\/2023\/05\/graduacion-700x525.jpg 700w, https:\/\/www.upo.es\/diario\/wp-content\/uploads\/2023\/05\/graduacion-420x315.jpg 420w, https:\/\/www.upo.es\/diario\/wp-content\/uploads\/2023\/05\/graduacion-768x576.jpg 768w, https:\/\/www.upo.es\/diario\/wp-content\/uploads\/2023\/05\/graduacion-1536x1152.jpg 1536w, https:\/\/www.upo.es\/diario\/wp-content\/uploads\/2023\/05\/graduacion-1320x990.jpg 1320w, https:\/\/www.upo.es\/diario\/wp-content\/uploads\/2023\/05\/graduacion.jpg 1600w\" sizes=\"auto, (max-width: 700px) 100vw, 700px\" \/><\/a><figcaption id=\"caption-attachment-30878359\" class=\"wp-caption-text\">Promoci\u00f3n 2019\/2023 del Grado en Criminolog\u00eda y promoci\u00f3n 2018\/23 del Doble Grado en Derecho y Criminolog\u00eda. Foto: Foto\u00c9xito<\/figcaption><\/figure>\n<p>La ceremonia de fin de grado de la promoci\u00f3n 2019\/23 del Grado en Criminolog\u00eda y de la promoci\u00f3n 2018\/2023 del Doble Grado en Derecho y Criminolog\u00eda se celebr\u00f3 ayer mi\u00e9rcoles en el Paraninfo de la Universidad Pablo de Olavide. El acto fue presidido por la decana de la Facultad de Derecho, Mar\u00eda Serrano Fern\u00e1ndez.<\/p>\n<figure id=\"attachment_30878360\" aria-describedby=\"caption-attachment-30878360\" style=\"width: 420px\" class=\"wp-caption alignright\"><a href=\"https:\/\/www.upo.es\/diario\/wp-content\/uploads\/2023\/05\/madrina.jpeg\"><img loading=\"lazy\" decoding=\"async\" class=\"wp-image-30878360 size-medium\" src=\"https:\/\/www.upo.es\/diario\/wp-content\/uploads\/2023\/05\/madrina-420x280.jpeg\" alt=\"\" width=\"420\" height=\"280\" srcset=\"https:\/\/www.upo.es\/diario\/wp-content\/uploads\/2023\/05\/madrina-420x280.jpeg 420w, https:\/\/www.upo.es\/diario\/wp-content\/uploads\/2023\/05\/madrina-750x501.jpeg 750w, https:\/\/www.upo.es\/diario\/wp-content\/uploads\/2023\/05\/madrina-768x513.jpeg 768w, https:\/\/www.upo.es\/diario\/wp-content\/uploads\/2023\/05\/madrina-1536x1025.jpeg 1536w, https:\/\/www.upo.es\/diario\/wp-content\/uploads\/2023\/05\/madrina-165x109.jpeg 165w, https:\/\/www.upo.es\/diario\/wp-content\/uploads\/2023\/05\/madrina-1320x881.jpeg 1320w, https:\/\/www.upo.es\/diario\/wp-content\/uploads\/2023\/05\/madrina.jpeg 1600w\" sizes=\"auto, (max-width: 420px) 100vw, 420px\" \/><\/a><figcaption id=\"caption-attachment-30878360\" class=\"wp-caption-text\">La madrina de las promociones Ana Isabel Mart\u00edn, directora de la c\u00e1rcel Sevilla-I<\/figcaption><\/figure>\n<p>La madrina de las promociones ha sido la directora de la c\u00e1rcel Sevilla-I, Ana Isabel Mart\u00edn D\u00edaz. A la ceremonia tambi\u00e9n han asistido Reyes P\u00e9rez Alberdi, vicedecana de Ordenaci\u00f3n Docente de la Facultad de Derecho; Mar\u00eda Llana Ruiz Cabello, directora acad\u00e9mica del Grado en Criminolog\u00eda, y Jos\u00e9 Miguel Mart\u00edn Rodr\u00edguez, coordinador intercentros de la Facultad de Derecho.<\/p>\n<p>En representaci\u00f3n del alumnado egresado, pronunciaron los discursos Patricia Gamero Hidalgo y Roc\u00edo Gonz\u00e1lez S\u00e1nchez del Grado en Criminolog\u00eda; y Paola de Lara L\u00f3pez del Doble Grado en Derecho y Criminolog\u00eda. Un total de 92 egresados y egresadas asistieron, junto a sus familiares, a este acto con el que la Universidad Pablo de Olavide recupera una antigua tradici\u00f3n de las universidades europeas.<\/p>\n","protected":false},"excerpt":{"rendered":"<p>La ceremonia de fin de grado de la promoci\u00f3n 2019\/23 del Grado en Criminolog\u00eda y de la promoci\u00f3n 2018\/2023 del Doble Grado en Derecho y Criminolog\u00eda se celebr\u00f3 ayer mi\u00e9rcoles en el Paraninfo de la Universidad Pablo de Olavide. El acto fue presidido por la decana de la Facultad de Derecho, Mar\u00eda Serrano Fern\u00e1ndez. La madrina de las promociones ha<a class=\"read-more\" href=\"https:\/\/www.upo.es\/diario\/comunidad\/2023\/05\/el-alumnado-egresado-del-grado-en-criminologia-y-del-doble-grado-con-derecho-celebran-su-ceremonia-de-graduacion\/\">[Read More&#8230;]<\/a><\/p>\n","protected":false},"author":4,"featured_media":30878359,"comment_status":"closed","ping_status":"open","sticky":false,"template":"","format":"standard","meta":{"_monsterinsights_skip_tracking":false,"_monsterinsights_sitenote_active":false,"_monsterinsights_sitenote_note":"","_monsterinsights_sitenote_category":0,"footnotes":""},"categories":[5842],"tags":[581,3440,81,2374],"class_list":["post-30878358","post","type-post","status-publish","format-standard","has-post-thumbnail","hentry","category-comunidad","tag-ceremonia-de-egresados","tag-doble-grado-en-derecho-y-criminologia","tag-facultad-de-derecho","tag-grado-en-criminologia"],"_links":{"self":[{"href":"https:\/\/www.upo.es\/diario\/wp-json\/wp\/v2\/posts\/30878358","targetHints":{"allow":["GET"]}}],"collection":[{"href":"https:\/\/www.upo.es\/diario\/wp-json\/wp\/v2\/posts"}],"about":[{"href":"https:\/\/www.upo.es\/diario\/wp-json\/wp\/v2\/types\/post"}],"author":[{"embeddable":true,"href":"https:\/\/www.upo.es\/diario\/wp-json\/wp\/v2\/users\/4"}],"replies":[{"embeddable":true,"href":"https:\/\/www.upo.es\/diario\/wp-json\/wp\/v2\/comments?post=30878358"}],"version-history":[{"count":1,"href":"https:\/\/www.upo.es\/diario\/wp-json\/wp\/v2\/posts\/30878358\/revisions"}],"predecessor-version":[{"id":30878361,"href":"https:\/\/www.upo.es\/diario\/wp-json\/wp\/v2\/posts\/30878358\/revisions\/30878361"}],"wp:featuredmedia":[{"embeddable":true,"href":"https:\/\/www.upo.es\/diario\/wp-json\/wp\/v2\/media\/30878359"}],"wp:attachment":[{"href":"https:\/\/www.upo.es\/diario\/wp-json\/wp\/v2\/media?parent=30878358"}],"wp:term":[{"taxonomy":"category","embeddable":true,"href":"https:\/\/www.upo.es\/diario\/wp-json\/wp\/v2\/categories?post=30878358"},{"taxonomy":"post_tag","embeddable":true,"href":"https:\/\/www.upo.es\/diario\/wp-json\/wp\/v2\/tags?post=30878358"}],"curies":[{"name":"wp","href":"https:\/\/api.w.org\/{rel}","templated":true}]}}