{"id":30878362,"date":"2023-05-12T13:17:31","date_gmt":"2023-05-12T11:17:31","guid":{"rendered":"https:\/\/www.upo.es\/diario\/?p=30878362"},"modified":"2023-05-12T13:17:31","modified_gmt":"2023-05-12T11:17:31","slug":"ceremonia-de-fin-de-grado-del-estudiantado-de-relaciones-laborales-y-recursos-humanos-y-del-doble-grado-con-derecho","status":"publish","type":"post","link":"https:\/\/www.upo.es\/diario\/comunidad\/2023\/05\/ceremonia-de-fin-de-grado-del-estudiantado-de-relaciones-laborales-y-recursos-humanos-y-del-doble-grado-con-derecho\/","title":{"rendered":"Ceremonia de Fin de Grado del estudiantado de Relaciones Laborales y Recursos Humanos y del Doble Grado con Derecho"},"content":{"rendered":"<figure id=\"attachment_30878363\" aria-describedby=\"caption-attachment-30878363\" style=\"width: 731px\" class=\"wp-caption aligncenter\"><a href=\"https:\/\/www.upo.es\/diario\/wp-content\/uploads\/2023\/05\/DSC6776.jpg\"><img loading=\"lazy\" decoding=\"async\" class=\"size-large wp-image-30878363\" src=\"https:\/\/www.upo.es\/diario\/wp-content\/uploads\/2023\/05\/DSC6776-731x525.jpg\" alt=\"\" width=\"731\" height=\"525\" srcset=\"https:\/\/www.upo.es\/diario\/wp-content\/uploads\/2023\/05\/DSC6776-731x525.jpg 731w, https:\/\/www.upo.es\/diario\/wp-content\/uploads\/2023\/05\/DSC6776-420x302.jpg 420w, https:\/\/www.upo.es\/diario\/wp-content\/uploads\/2023\/05\/DSC6776-768x551.jpg 768w, https:\/\/www.upo.es\/diario\/wp-content\/uploads\/2023\/05\/DSC6776-765x550.jpg 765w, https:\/\/www.upo.es\/diario\/wp-content\/uploads\/2023\/05\/DSC6776-1320x948.jpg 1320w, https:\/\/www.upo.es\/diario\/wp-content\/uploads\/2023\/05\/DSC6776.jpg 1500w\" sizes=\"auto, (max-width: 731px) 100vw, 731px\" \/><\/a><figcaption id=\"caption-attachment-30878363\" class=\"wp-caption-text\">Promoci\u00f3n 2019\/23 del Grado en Relaciones Laborales y Recursos Humanos.<\/figcaption><\/figure>\n<p>La ceremonia de fin de grado de la promoci\u00f3n 2019\/2023 de Relaciones Laborales y Recursos Humanos y de la promoci\u00f3n 2018\/2023 del Doble Grado en Derecho y Relaciones Laborales y Recursos Humanos se celebr\u00f3 ayer jueves en el Paraninfo de la Universidad Pablo de Olavide. El acto fue presidido por la decana de la Facultad de Derecho, Mar\u00eda Serrano Fern\u00e1ndez.<\/p>\n<figure id=\"attachment_30878364\" aria-describedby=\"caption-attachment-30878364\" style=\"width: 420px\" class=\"wp-caption alignright\"><a href=\"https:\/\/www.upo.es\/diario\/wp-content\/uploads\/2023\/05\/DSC6840.jpg\"><img loading=\"lazy\" decoding=\"async\" class=\"size-medium wp-image-30878364\" src=\"https:\/\/www.upo.es\/diario\/wp-content\/uploads\/2023\/05\/DSC6840-420x300.jpg\" alt=\"\" width=\"420\" height=\"300\" srcset=\"https:\/\/www.upo.es\/diario\/wp-content\/uploads\/2023\/05\/DSC6840-420x300.jpg 420w, https:\/\/www.upo.es\/diario\/wp-content\/uploads\/2023\/05\/DSC6840-734x525.jpg 734w, https:\/\/www.upo.es\/diario\/wp-content\/uploads\/2023\/05\/DSC6840-768x549.jpg 768w, https:\/\/www.upo.es\/diario\/wp-content\/uploads\/2023\/05\/DSC6840-1320x944.jpg 1320w, https:\/\/www.upo.es\/diario\/wp-content\/uploads\/2023\/05\/DSC6840-95x67.jpg 95w, https:\/\/www.upo.es\/diario\/wp-content\/uploads\/2023\/05\/DSC6840.jpg 1500w\" sizes=\"auto, (max-width: 420px) 100vw, 420px\" \/><\/a><figcaption id=\"caption-attachment-30878364\" class=\"wp-caption-text\">Promoci\u00f3n 2018\/23 del Doble Grado en Derecho y Relaciones Laborales y Recursos Humanos.<\/figcaption><\/figure>\n<p>La madrina de las promociones ha sido Bego\u00f1a Rodr\u00edguez \u00c1lvarez, magistrada y presidenta de la Sala de lo Social del Tribunal Superior de Justicia de Andaluc\u00eda, Ceuta y Melilla. A la ceremonia tambi\u00e9n han asistido C\u00e9sar Hornero M\u00e9ndez, director del Departamento de Derecho Privado de la UPO; Manuel Garc\u00eda Mu\u00f1oz, vicedecano de Pr\u00e1cticas y Orientaci\u00f3n Profesional de la Facultad de Derecho, y Olga Garc\u00eda Coca, directora acad\u00e9mica del Grado en Relaciones Laborales y Recursos Humanos.<\/p>\n<p>En representaci\u00f3n del alumnado egresado, pronunciaron los discursos Enrique Jim\u00e9nez Cruz del Grado en Relaciones Laborales y Recursos Humanos, y Alicia Maesso Garz\u00f3n y Curro Frutos Ruiz del Doble Grado en Derecho y Relaciones Laborales y Recursos Humanos. Un total de 86 egresados y egresadas asistieron, junto a sus familiares, a este acto con el que la Universidad Pablo de Olavide recupera una antigua tradici\u00f3n de las universidades europeas.<\/p>\n<p>&nbsp;<\/p>\n<p>&nbsp;<\/p>\n<p>&nbsp;<\/p>\n","protected":false},"excerpt":{"rendered":"<p>La ceremonia de fin de grado de la promoci\u00f3n 2019\/2023 de Relaciones Laborales y Recursos Humanos y de la promoci\u00f3n 2018\/2023 del Doble Grado en Derecho y Relaciones Laborales y Recursos Humanos se ha celebrado en el Paraninfo de la UPO. Un total de 86 egresados y egresadas asistieron, junto a sus familiares, a este acto con el que la Universidad Pablo de Olavide recupera una antigua tradici\u00f3n de las universidades europeas.<\/p>\n","protected":false},"author":4,"featured_media":30878364,"comment_status":"closed","ping_status":"open","sticky":false,"template":"","format":"standard","meta":{"_monsterinsights_skip_tracking":false,"_monsterinsights_sitenote_active":false,"_monsterinsights_sitenote_note":"","_monsterinsights_sitenote_category":0,"footnotes":""},"categories":[5842],"tags":[581,5073,81,1390],"class_list":["post-30878362","post","type-post","status-publish","format-standard","has-post-thumbnail","hentry","category-comunidad","tag-ceremonia-de-egresados","tag-doble-grado-en-derecho-y-relaciones-laborales-y-recursos-humanos","tag-facultad-de-derecho","tag-grado-en-relaciones-laborales-y-recursos-humanos"],"_links":{"self":[{"href":"https:\/\/www.upo.es\/diario\/wp-json\/wp\/v2\/posts\/30878362","targetHints":{"allow":["GET"]}}],"collection":[{"href":"https:\/\/www.upo.es\/diario\/wp-json\/wp\/v2\/posts"}],"about":[{"href":"https:\/\/www.upo.es\/diario\/wp-json\/wp\/v2\/types\/post"}],"author":[{"embeddable":true,"href":"https:\/\/www.upo.es\/diario\/wp-json\/wp\/v2\/users\/4"}],"replies":[{"embeddable":true,"href":"https:\/\/www.upo.es\/diario\/wp-json\/wp\/v2\/comments?post=30878362"}],"version-history":[{"count":1,"href":"https:\/\/www.upo.es\/diario\/wp-json\/wp\/v2\/posts\/30878362\/revisions"}],"predecessor-version":[{"id":30878365,"href":"https:\/\/www.upo.es\/diario\/wp-json\/wp\/v2\/posts\/30878362\/revisions\/30878365"}],"wp:featuredmedia":[{"embeddable":true,"href":"https:\/\/www.upo.es\/diario\/wp-json\/wp\/v2\/media\/30878364"}],"wp:attachment":[{"href":"https:\/\/www.upo.es\/diario\/wp-json\/wp\/v2\/media?parent=30878362"}],"wp:term":[{"taxonomy":"category","embeddable":true,"href":"https:\/\/www.upo.es\/diario\/wp-json\/wp\/v2\/categories?post=30878362"},{"taxonomy":"post_tag","embeddable":true,"href":"https:\/\/www.upo.es\/diario\/wp-json\/wp\/v2\/tags?post=30878362"}],"curies":[{"name":"wp","href":"https:\/\/api.w.org\/{rel}","templated":true}]}}