{"id":30878381,"date":"2023-05-16T09:25:48","date_gmt":"2023-05-16T07:25:48","guid":{"rendered":"https:\/\/www.upo.es\/diario\/?p=30878381"},"modified":"2023-05-16T09:26:46","modified_gmt":"2023-05-16T07:26:46","slug":"entrega-de-diplomas-del-curso-de-italiano-de-la-upo-para-estudiantes-de-secundaria","status":"publish","type":"post","link":"https:\/\/www.upo.es\/diario\/comunidad\/2023\/05\/entrega-de-diplomas-del-curso-de-italiano-de-la-upo-para-estudiantes-de-secundaria\/","title":{"rendered":"Entrega de diplomas del curso de italiano de la UPO para estudiantes de Secundaria"},"content":{"rendered":"<figure id=\"attachment_30878382\" aria-describedby=\"caption-attachment-30878382\" style=\"width: 750px\" class=\"wp-caption aligncenter\"><a href=\"https:\/\/www.upo.es\/diario\/wp-content\/uploads\/2023\/05\/imagen1_recorItaliano160523-scaled.jpg\"><img loading=\"lazy\" decoding=\"async\" class=\"size-large wp-image-30878382\" src=\"https:\/\/www.upo.es\/diario\/wp-content\/uploads\/2023\/05\/imagen1_recorItaliano160523-750x422.jpg\" alt=\"\" width=\"750\" height=\"422\" srcset=\"https:\/\/www.upo.es\/diario\/wp-content\/uploads\/2023\/05\/imagen1_recorItaliano160523-750x422.jpg 750w, https:\/\/www.upo.es\/diario\/wp-content\/uploads\/2023\/05\/imagen1_recorItaliano160523-420x236.jpg 420w, https:\/\/www.upo.es\/diario\/wp-content\/uploads\/2023\/05\/imagen1_recorItaliano160523-768x432.jpg 768w, https:\/\/www.upo.es\/diario\/wp-content\/uploads\/2023\/05\/imagen1_recorItaliano160523-1536x864.jpg 1536w, https:\/\/www.upo.es\/diario\/wp-content\/uploads\/2023\/05\/imagen1_recorItaliano160523-2048x1152.jpg 2048w, https:\/\/www.upo.es\/diario\/wp-content\/uploads\/2023\/05\/imagen1_recorItaliano160523-1320x743.jpg 1320w\" sizes=\"auto, (max-width: 750px) 100vw, 750px\" \/><\/a><figcaption id=\"caption-attachment-30878382\" class=\"wp-caption-text\">Alumnado del curso de italiano de la UPO con Rosario Moreno y Pilar Rodr\u00edguez<\/figcaption><\/figure>\n<p>La decana de la Facultad de Humanidades, <strong>Rosario Moreno Soldevila<\/strong>, ha clausurado, con la entrega de diplomas, el <strong>curso intensivo de italiano de la Universidad Pablo de Olavide<\/strong> destinado a alumnado de centros de Ense\u00f1anza Secundaria Obligatoria de la provincia de Sevilla.<\/p>\n<p>La ceremonia de clausura ha sido conducida por el propio estudiantado que, adem\u00e1s, ha representado peque\u00f1as dramatizaciones en italiano ante el p\u00fablico asistente y sus familias.<\/p>\n<p>Hasta <strong>22 alumnos y alumnas de 9 centros educativos<\/strong> han participado en esta nueva edici\u00f3n del curso intensivo de italiano que ha impartido, un a\u00f1o m\u00e1s, <strong>la profesora del \u00c1rea de Filolog\u00eda Italiana Pilar Rodr\u00edguez Reina<\/strong> entre los meses de marzo y mayo.<\/p>\n<p><strong>Organizado por la Facultad de Humanidades y con la financiaci\u00f3n de la Embajada de Italia<\/strong>, este curso se ha desarrolla en el campus de la UPO y ha tenido una duraci\u00f3n de 80 horas. Adem\u00e1s de las clases, el alumnado ha tenido la oportunidad de disfrutar de otras actividades complementarias, como una visita guiada en italiano por el campus universitario y un taller de gastronom\u00eda t\u00edpica de Italia.<\/p>\n<p>El estudiantado participante en el curso intensivo de italiano de la Universidad Pablo de Olavide era procedente de los centros: Colegio Nuestra Se\u00f1ora de la Compasi\u00f3n, IES Cantely e IES Galileo Galilei (Dos Hermanas); IES Crist\u00f3bal de Monroy (Alcal\u00e1 de Guada\u00edra); IES Juan Ciudad Duarte (Bormujos); IES Maestro Diego Llorente (Los Palacios y Villafranca); e IES Murillo, IES Santa Aurelia e IES Salvador T\u00e1vora (Sevilla).<\/p>\n<p>Esta actividad forma parte del Plan de Difusi\u00f3n y Captaci\u00f3n de la Facultad de Humanidades, para la que el <strong>Vicerrectorado de Estudiantes<\/strong> ha cofinanciado el acto de clausura.<\/p>\n","protected":false},"excerpt":{"rendered":"<p>La decana de la Facultad de Humanidades, Rosario Moreno Soldevila, ha clausurado, con la entrega de diplomas, el curso intensivo de italiano de la Universidad Pablo de Olavide destinado a alumnado de centros de Ense\u00f1anza Secundaria Obligatoria de la provincia de Sevilla.<\/p>\n","protected":false},"author":14,"featured_media":30878382,"comment_status":"closed","ping_status":"open","sticky":false,"template":"","format":"standard","meta":{"_monsterinsights_skip_tracking":false,"_monsterinsights_sitenote_active":false,"_monsterinsights_sitenote_note":"","_monsterinsights_sitenote_category":0,"footnotes":""},"categories":[5842],"tags":[4486,5808,8406,8407,96,1794,2114],"class_list":["post-30878381","post","type-post","status-publish","format-standard","has-post-thumbnail","hentry","category-comunidad","tag-area-de-filologia-italiana","tag-centros-de-ensenanza-secundaria","tag-curso-de-italiano","tag-embajada-de-italia","tag-facultad-de-humanidades","tag-pilar-rodriguez-reina","tag-vicerrectorado-de-estudiantes"],"_links":{"self":[{"href":"https:\/\/www.upo.es\/diario\/wp-json\/wp\/v2\/posts\/30878381","targetHints":{"allow":["GET"]}}],"collection":[{"href":"https:\/\/www.upo.es\/diario\/wp-json\/wp\/v2\/posts"}],"about":[{"href":"https:\/\/www.upo.es\/diario\/wp-json\/wp\/v2\/types\/post"}],"author":[{"embeddable":true,"href":"https:\/\/www.upo.es\/diario\/wp-json\/wp\/v2\/users\/14"}],"replies":[{"embeddable":true,"href":"https:\/\/www.upo.es\/diario\/wp-json\/wp\/v2\/comments?post=30878381"}],"version-history":[{"count":1,"href":"https:\/\/www.upo.es\/diario\/wp-json\/wp\/v2\/posts\/30878381\/revisions"}],"predecessor-version":[{"id":30878383,"href":"https:\/\/www.upo.es\/diario\/wp-json\/wp\/v2\/posts\/30878381\/revisions\/30878383"}],"wp:featuredmedia":[{"embeddable":true,"href":"https:\/\/www.upo.es\/diario\/wp-json\/wp\/v2\/media\/30878382"}],"wp:attachment":[{"href":"https:\/\/www.upo.es\/diario\/wp-json\/wp\/v2\/media?parent=30878381"}],"wp:term":[{"taxonomy":"category","embeddable":true,"href":"https:\/\/www.upo.es\/diario\/wp-json\/wp\/v2\/categories?post=30878381"},{"taxonomy":"post_tag","embeddable":true,"href":"https:\/\/www.upo.es\/diario\/wp-json\/wp\/v2\/tags?post=30878381"}],"curies":[{"name":"wp","href":"https:\/\/api.w.org\/{rel}","templated":true}]}}