{"id":30878437,"date":"2023-05-17T10:55:14","date_gmt":"2023-05-17T08:55:14","guid":{"rendered":"https:\/\/www.upo.es\/diario\/?p=30878437"},"modified":"2023-05-18T12:10:02","modified_gmt":"2023-05-18T10:10:02","slug":"radiolavide-mas-alla-de-las-palabras-las-chirigotas-de-cadiz-como-manifestacion-linguistica","status":"publish","type":"post","link":"https:\/\/www.upo.es\/diario\/podcast\/2023\/05\/radiolavide-mas-alla-de-las-palabras-las-chirigotas-de-cadiz-como-manifestacion-linguistica\/","title":{"rendered":"RadiOlavide |  M\u00e1s all\u00e1 de las palabras: las chirigotas de C\u00e1diz como manifestaci\u00f3n ling\u00fc\u00edstica"},"content":{"rendered":"<p><iframe loading=\"lazy\" id=\"pumukitiframe\" src=\"https:\/\/upotv.upo.es\/iframe\/645b7314abe3c68d8f8b456a\" width=\"560\" height=\"315\" frameborder=\"0\" allowfullscreen=\"allowfullscreen\"><\/iframe><br \/>\nDe car\u00e1cter carnavalesco, la chirigota, como agrupaci\u00f3n musical coral, se caracteriza por ofrecer sus coplas humor\u00edsticas por la ciudad. El repertorio es inmenso: palabras antiguas, arca\u00edsmos o palabras desaparecidas, vanguardias y manifestaciones de esta habla que merecen especial menci\u00f3n.<\/p>\n<p>En este podcast analizamos las expresiones de la lengua espa\u00f1ola a trav\u00e9s de las letras de estas chirigotas de la mano de estudiantes de la asignatura \u2018Discurso, Cultura y Sociedad\u2019 del Grado en Humanidades y Doble grado en Humanidades y TeI.<\/p>\n<p>Adem\u00e1s, os traemos informaci\u00f3n sobre el lenguaje de los j\u00f3venes, los <em>emojis<\/em>, las abreviaturas y los anglicismos, adem\u00e1s de analizar algunos discursos pol\u00edticos en la actualidad.<\/p>\n<h3><em><strong>Sacando la Lengua<\/strong><\/em><\/h3>\n<figure id=\"attachment_30878438\" aria-describedby=\"caption-attachment-30878438\" style=\"width: 420px\" class=\"wp-caption alignleft\"><img loading=\"lazy\" decoding=\"async\" class=\"size-medium wp-image-30878438\" src=\"https:\/\/www.upo.es\/diario\/wp-content\/uploads\/2023\/05\/49800796337_553bd5e6cd_c-420x280.jpg\" alt=\"Chirigota en el concurso de la Fundaci\u00f3n Cajasol\" width=\"420\" height=\"280\" srcset=\"https:\/\/www.upo.es\/diario\/wp-content\/uploads\/2023\/05\/49800796337_553bd5e6cd_c-420x280.jpg 420w, https:\/\/www.upo.es\/diario\/wp-content\/uploads\/2023\/05\/49800796337_553bd5e6cd_c-750x500.jpg 750w, https:\/\/www.upo.es\/diario\/wp-content\/uploads\/2023\/05\/49800796337_553bd5e6cd_c-768x512.jpg 768w, https:\/\/www.upo.es\/diario\/wp-content\/uploads\/2023\/05\/49800796337_553bd5e6cd_c-165x109.jpg 165w, https:\/\/www.upo.es\/diario\/wp-content\/uploads\/2023\/05\/49800796337_553bd5e6cd_c.jpg 799w\" sizes=\"auto, (max-width: 420px) 100vw, 420px\" \/><figcaption id=\"caption-attachment-30878438\" class=\"wp-caption-text\">Foto: Fundaci\u00f3n Cajasol<\/figcaption><\/figure>\n<p><strong>Realiza, presenta y edita:<\/strong> Crist\u00f3bal \u00c1lvarez<\/p>\n<p><strong>Colaboran:<\/strong> Esther Lech\u00f3n, Mario Esteban Carmona, Sandra P\u00e9rez, Nerea Quesada, Sergio Avellaneda, Mar\u00eda Jos\u00e9 Tejero, Paula V\u00e9lez, Carlota Florindo, Elena Campos, Victoria Eugenia Sard\u00e1, Jos\u00e9 Antonio Merchante y Nell Lilian Spencer.<\/p>\n<p>&nbsp;<\/p>\n<h3>M\u00e1s estrenos en RadiOlavide:<\/h3>\n<p><strong>Programa 3\/2023. labor a ti debida \u00abArte contempor\u00e1neo y feminismo\u00bb:<br \/>\n<\/strong><a href=\"https:\/\/upotv.upo.es\/video\/645a1301abe3c6aa248b456c\">https:\/\/upotv.upo.es\/video\/645a1301abe3c6aa248b456c<\/a><\/p>\n<p><strong>Programa 1\/2023. Mayo &#8211; Stand Up:<br \/>\n<\/strong><a href=\"https:\/\/upotv.upo.es\/video\/6454f58eabe3c62ca48b4568\">https:\/\/upotv.upo.es\/video\/6454f58eabe3c62ca48b4568<\/a><\/p>\n<p><strong>Programa 7\/2023. De primer\u00edsimo orden \u00abEspecial Irredentismos\u00bb:<br \/>\n<\/strong><a href=\"https:\/\/upotv.upo.es\/video\/6453802cabe3c608358b456a\">https:\/\/upotv.upo.es\/video\/6453802cabe3c608358b456a<\/a><\/p>\n","protected":false},"excerpt":{"rendered":"<p>El estudio de la lengua espa\u00f1ola nos invita a analizar las letras de esta manifestaci\u00f3n cultural reflejo del habla gaditana.<\/p>\n","protected":false},"author":6,"featured_media":30878438,"comment_status":"closed","ping_status":"open","sticky":false,"template":"","format":"standard","meta":{"_monsterinsights_skip_tracking":false,"_monsterinsights_sitenote_active":false,"_monsterinsights_sitenote_note":"","_monsterinsights_sitenote_category":0,"footnotes":""},"categories":[8145],"tags":[],"class_list":["post-30878437","post","type-post","status-publish","format-standard","has-post-thumbnail","hentry","category-podcast"],"_links":{"self":[{"href":"https:\/\/www.upo.es\/diario\/wp-json\/wp\/v2\/posts\/30878437","targetHints":{"allow":["GET"]}}],"collection":[{"href":"https:\/\/www.upo.es\/diario\/wp-json\/wp\/v2\/posts"}],"about":[{"href":"https:\/\/www.upo.es\/diario\/wp-json\/wp\/v2\/types\/post"}],"author":[{"embeddable":true,"href":"https:\/\/www.upo.es\/diario\/wp-json\/wp\/v2\/users\/6"}],"replies":[{"embeddable":true,"href":"https:\/\/www.upo.es\/diario\/wp-json\/wp\/v2\/comments?post=30878437"}],"version-history":[{"count":3,"href":"https:\/\/www.upo.es\/diario\/wp-json\/wp\/v2\/posts\/30878437\/revisions"}],"predecessor-version":[{"id":30878441,"href":"https:\/\/www.upo.es\/diario\/wp-json\/wp\/v2\/posts\/30878437\/revisions\/30878441"}],"wp:featuredmedia":[{"embeddable":true,"href":"https:\/\/www.upo.es\/diario\/wp-json\/wp\/v2\/media\/30878438"}],"wp:attachment":[{"href":"https:\/\/www.upo.es\/diario\/wp-json\/wp\/v2\/media?parent=30878437"}],"wp:term":[{"taxonomy":"category","embeddable":true,"href":"https:\/\/www.upo.es\/diario\/wp-json\/wp\/v2\/categories?post=30878437"},{"taxonomy":"post_tag","embeddable":true,"href":"https:\/\/www.upo.es\/diario\/wp-json\/wp\/v2\/tags?post=30878437"}],"curies":[{"name":"wp","href":"https:\/\/api.w.org\/{rel}","templated":true}]}}