{"id":30878469,"date":"2023-05-19T19:51:58","date_gmt":"2023-05-19T17:51:58","guid":{"rendered":"https:\/\/www.upo.es\/diario\/?p=30878469"},"modified":"2023-05-21T20:09:59","modified_gmt":"2023-05-21T18:09:59","slug":"el-aula-abierta-de-mayores-de-la-upo-clausura-su-primer-proyecto-intergeneracional-sobre-los-objetivos-de-desarrollo-sostenible","status":"publish","type":"post","link":"https:\/\/www.upo.es\/diario\/cultura-social\/2023\/05\/el-aula-abierta-de-mayores-de-la-upo-clausura-su-primer-proyecto-intergeneracional-sobre-los-objetivos-de-desarrollo-sostenible\/","title":{"rendered":"El Aula Abierta de Mayores de la UPO clausura su primer proyecto intergeneracional sobre los Objetivos de Desarrollo Sostenible"},"content":{"rendered":"<figure style=\"width: 5596px\" class=\"wp-caption aligncenter\"><img loading=\"lazy\" decoding=\"async\" class=\"size-large\" src=\"https:\/\/www.upo.es\/fundaciones\/wp-content\/uploads\/2023\/05\/IMG_1247.jpg\" width=\"5596\" height=\"3731\" \/><figcaption class=\"wp-caption-text\">Participantes en el proyecto intergeneracional &#8216;Mayores y j\u00f3venes con los ODS&#8217;<\/figcaption><\/figure>\n<p>La Universidad Pablo de Olavide ha acogido durante la ma\u00f1ana de hoy viernes, el acto de clausura del <strong>proyecto intergeneracional \u2018Mayores y j\u00f3venes con los ODS: relaciones intergeneracionales para la promoci\u00f3n y la calidad de vida\u2019<\/strong>, un programa que ha reunido durante tres jornadas al <strong>alumnado del Aula Abierta de Mayores de la sede de Castilleja de la Cuesta<\/strong> junto a j\u00f3venes de la<strong> Residencia Universitaria Flora Trist\u00e1n<\/strong> y <strong>profesionales que trabajan en entidades del Pol\u00edgono Sur<\/strong>.<\/p>\n<p>Este proyecto, que ha contado <strong>con la colaboraci\u00f3n y financiaci\u00f3n de la Fundaci\u00f3n &#8216;La Caixa&#8217;, pretende trabajar los Objetivos de Desarrollo Sostenible (ODS) de la Agenda 2030<\/strong> a trav\u00e9s de un prisma intergeneracional, impulsando acciones que fomenten la implicaci\u00f3n de personas mayores y j\u00f3venes, convirti\u00e9ndoles as\u00ed en agentes de cambio que afiencen su compromiso con esos objetivos, y contribuyendo de este modo a la consecuci\u00f3n de los mismos.<\/p>\n<p>El acto de clausura ha sido presidido por el vicerrector de Cultura y Pol\u00edticas Sociales de la Universidad Pablo de Olavide, <strong>David Cobos Sanchiz<\/strong>; la concejala de Educaci\u00f3n del Ayuntamiento de Castilleja de la Cuesta, <strong>Cayetana Rodr\u00edguez Mestre<\/strong>; la delegada de la Fundaci\u00f3n La Caixa en Andaluc\u00eda, <strong>Yolanda L\u00f3pez Cosano<\/strong>; la directora general de Innovaci\u00f3n Social de la UPO, <strong>Esther Prieto Jim\u00e9nez<\/strong>, la directora acad\u00e9mica del Aula Abierta de Mayores, <strong>Roc\u00edo Cruz D\u00edaz<\/strong> y la docente del proyecto, <strong>Roc\u00edo Rodr\u00edguez Casado<\/strong>.<\/p>\n<p>El vicerrector de Cultura y Pol\u00edticas Sociales ha agradecido la participaci\u00f3n a cada una de las personas que han hecho posible \u2018un proyecto tan enriquecedor como este\u2019, ya que es un programa \u2018en el que confluyen diferentes servicios de la UPO como la Residencia Flora Trist\u00e1n, el Aula Abierta de Mayores o Formaci\u00f3n Permanente, lo que lo convierte en un trabajo que trasciende el propio conocimiento\u2019.<\/p>\n<p>Asimismo, la delegada de la Fundaci\u00f3n La Caixa de Andaluc\u00eda ha destacado el compromiso de la entidad con las personas mayores, subrayando la \u2018importancia de la colaboraci\u00f3n con este tipo de proyectos de la Universidad Pablo de Olavide en la medida que contribuyen a la integraci\u00f3n de la educaci\u00f3n en las distintas etapas de la vida de las personas\u2019.<\/p>\n<p>Por \u00faltimo, la concejala del municipio de Castilleja de la Cuesta ha reconocido el protagonismo de las personas que conforman este programa, \u2018ya que es un proyecto que no s\u00f3lo favorece a los participantes, sino a la sociedad en general\u2019. Adem\u00e1s, ha resaltado \u2018el fuerte compromiso de la localidad con el Aula Abierta de Mayores de la UPO\u2019.<\/p>\n<p>Para cerrar el acto, dos participantes representantes del proyecto, <strong>Gema Tar\u00edn<\/strong> (residente universitaria Flora Trist\u00e1n), y <strong>Antonio San Rom\u00e1n<\/strong> (alumno de la sede de Castilleja de la Cuesta), han expresado un emotivo agradecimiento a cada una de las personas y entidades \u2018que han dado forma y han hecho realidad este maravilloso proyecto\u2019. Destacando \u2018la incre\u00edble simbiosis que se ha producido entre ambas generaciones, rompi\u00e9ndose por completo la barrera de la edad, y dando lugar a una uni\u00f3n m\u00e1gica entre las personas\u2019. Su intervenci\u00f3n ha concluido con la entrega de unas bolsas con los logos dise\u00f1ados por cada grupo participante.<\/p>\n<p>La primera sesi\u00f3n del proyecto tuvo lugar el pasado 14 de abril en el Centro C\u00edvico y Social de Castilleja de la Cuesta, donde el alumnado de la sede local junto con j\u00f3venes residentes de la Flora Trist\u00e1n compartieron una jornada de trabajo intergeneracional, en la que adem\u00e1s de tratar puntos clave acerca de los ODS y la Agenda 2030, iniciaron el dise\u00f1o de un logo y lema relacionado con dicha tem\u00e1tica.<\/p>\n<p>El segundo encuentro, celebrado el 5 de mayo en la Residencia Flora Trist\u00e1n, consisti\u00f3 en una jornada de convivencia y formaci\u00f3n entre el estudiantado de la sede local de Castilleja de la Cuesta, j\u00f3venes residentes y profesionales de distintas entidades del Pol\u00edgono Sur. En esta ocasi\u00f3n, las personas participantes trabajaron de forma multidisciplinar en la exposici\u00f3n de las principales l\u00edneas y acciones de la Agenda 2030, culminando la jornada con un almuerzo en el que pudieron intercambiar experiencias personales vividas en el marco de este proyecto.<\/p>\n<p>El Aula Abierta de Mayores de la UPO, gestionada por la Fundaci\u00f3n Universidad Pablo de Olavide, tiene como principal objetivo integrar a las personas mayores en la vida universitaria, ampliando sus conocimientos y promoviendo su participaci\u00f3n en la sociedad a trav\u00e9s de actividades art\u00edsticas y culturales. El programa Aula Abierta de Mayores est\u00e1 financiado por la Diputaci\u00f3n Provincial de Sevilla, la Consejer\u00eda de Inclusi\u00f3n Social, Juventud, Familias e Igualdad de la Junta de Andaluc\u00eda, la Fundaci\u00f3n \u201cLa Caixa\u201d y cuenta con la colaboraci\u00f3n de los diferentes ayuntamientos adscritos al programa.<\/p>\n","protected":false},"excerpt":{"rendered":"<p>La Universidad Pablo de Olavide ha acogido durante la ma\u00f1ana de hoy viernes, el acto de clausura del proyecto intergeneracional \u2018Mayores y j\u00f3venes con los ODS: relaciones intergeneracionales para la promoci\u00f3n y la calidad de vida\u2019, un programa que ha reunido durante tres jornadas al alumnado del Aula Abierta de Mayores de la sede de Castilleja de la Cuesta junto<a class=\"read-more\" href=\"https:\/\/www.upo.es\/diario\/cultura-social\/2023\/05\/el-aula-abierta-de-mayores-de-la-upo-clausura-su-primer-proyecto-intergeneracional-sobre-los-objetivos-de-desarrollo-sostenible\/\">[Read More&#8230;]<\/a><\/p>\n","protected":false},"author":6,"featured_media":30878470,"comment_status":"closed","ping_status":"open","sticky":false,"template":"","format":"standard","meta":{"_monsterinsights_skip_tracking":false,"_monsterinsights_sitenote_active":false,"_monsterinsights_sitenote_note":"","_monsterinsights_sitenote_category":0,"footnotes":""},"categories":[5843],"tags":[52,5150,4110,5847,357,1745],"class_list":["post-30878469","post","type-post","status-publish","format-standard","has-post-thumbnail","hentry","category-cultura-social","tag-aula-abierta-de-mayores","tag-david-cobos-sanchiz","tag-esther-prieto-jimenez","tag-intergeneracional","tag-poligono-sur","tag-residencia-universitaria-flora-tristan"],"_links":{"self":[{"href":"https:\/\/www.upo.es\/diario\/wp-json\/wp\/v2\/posts\/30878469","targetHints":{"allow":["GET"]}}],"collection":[{"href":"https:\/\/www.upo.es\/diario\/wp-json\/wp\/v2\/posts"}],"about":[{"href":"https:\/\/www.upo.es\/diario\/wp-json\/wp\/v2\/types\/post"}],"author":[{"embeddable":true,"href":"https:\/\/www.upo.es\/diario\/wp-json\/wp\/v2\/users\/6"}],"replies":[{"embeddable":true,"href":"https:\/\/www.upo.es\/diario\/wp-json\/wp\/v2\/comments?post=30878469"}],"version-history":[{"count":3,"href":"https:\/\/www.upo.es\/diario\/wp-json\/wp\/v2\/posts\/30878469\/revisions"}],"predecessor-version":[{"id":30878474,"href":"https:\/\/www.upo.es\/diario\/wp-json\/wp\/v2\/posts\/30878469\/revisions\/30878474"}],"wp:featuredmedia":[{"embeddable":true,"href":"https:\/\/www.upo.es\/diario\/wp-json\/wp\/v2\/media\/30878470"}],"wp:attachment":[{"href":"https:\/\/www.upo.es\/diario\/wp-json\/wp\/v2\/media?parent=30878469"}],"wp:term":[{"taxonomy":"category","embeddable":true,"href":"https:\/\/www.upo.es\/diario\/wp-json\/wp\/v2\/categories?post=30878469"},{"taxonomy":"post_tag","embeddable":true,"href":"https:\/\/www.upo.es\/diario\/wp-json\/wp\/v2\/tags?post=30878469"}],"curies":[{"name":"wp","href":"https:\/\/api.w.org\/{rel}","templated":true}]}}