{"id":30878475,"date":"2023-05-22T10:32:22","date_gmt":"2023-05-22T08:32:22","guid":{"rendered":"https:\/\/www.upo.es\/diario\/?p=30878475"},"modified":"2023-05-22T13:50:42","modified_gmt":"2023-05-22T11:50:42","slug":"visita-a-la-upo-del-decano-de-la-facultad-de-la-universidad-nacional-autonoma-de-nicaragua-en-chontales","status":"publish","type":"post","link":"https:\/\/www.upo.es\/diario\/institucional\/2023\/05\/visita-a-la-upo-del-decano-de-la-facultad-de-la-universidad-nacional-autonoma-de-nicaragua-en-chontales\/","title":{"rendered":"Visita a la UPO del decano de la Facultad de la Universidad Nacional Aut\u00f3noma de Nicaragua en Chontales"},"content":{"rendered":"<figure id=\"attachment_30878485\" aria-describedby=\"caption-attachment-30878485\" style=\"width: 750px\" class=\"wp-caption aligncenter\"><a href=\"https:\/\/www.upo.es\/diario\/wp-content\/uploads\/2023\/05\/decano-FAREM-Chontales-20230522.jpg\"><img loading=\"lazy\" decoding=\"async\" class=\"size-large wp-image-30878485\" src=\"https:\/\/www.upo.es\/diario\/wp-content\/uploads\/2023\/05\/decano-FAREM-Chontales-20230522-750x393.jpg\" alt=\"David Cobos, Francisco Oliva, Julio C\u00e9sar Abaunza y M. Jos\u00e9 Parejo\" width=\"750\" height=\"393\" srcset=\"https:\/\/www.upo.es\/diario\/wp-content\/uploads\/2023\/05\/decano-FAREM-Chontales-20230522-750x393.jpg 750w, https:\/\/www.upo.es\/diario\/wp-content\/uploads\/2023\/05\/decano-FAREM-Chontales-20230522-420x220.jpg 420w, https:\/\/www.upo.es\/diario\/wp-content\/uploads\/2023\/05\/decano-FAREM-Chontales-20230522-768x402.jpg 768w, https:\/\/www.upo.es\/diario\/wp-content\/uploads\/2023\/05\/decano-FAREM-Chontales-20230522-1320x691.jpg 1320w, https:\/\/www.upo.es\/diario\/wp-content\/uploads\/2023\/05\/decano-FAREM-Chontales-20230522.jpg 1406w\" sizes=\"auto, (max-width: 750px) 100vw, 750px\" \/><\/a><figcaption id=\"caption-attachment-30878485\" class=\"wp-caption-text\">David Cobos, Francisco Oliva, Julio C\u00e9sar Abaunza y M. Jos\u00e9 Parejo<\/figcaption><\/figure>\n<p><strong>Julio C\u00e9sar Abaunza<\/strong>, decano de la <a href=\"https:\/\/chontales.unan.edu.ni\/\">Facultad Regional Multidisciplinaria de la Universidad Nacional Aut\u00f3noma de Nicaragua-Managua en Chontales<\/a> (FAREM Chontales) ha visitado esta ma\u00f1ana el campus de la UPO, donde ha sido recibido por el rector<strong> Francisco Oliva<\/strong>. A la reuni\u00f3n con el representante de la UNAM en esta regi\u00f3n nicarag\u00fcense han asistido tambi\u00e9n <strong>David Cobos<\/strong>, vicerrector de Cultura y Pol\u00edticas Sociales, y <strong>Mar\u00eda Jos\u00e9 Parejo<\/strong>, directora general de Inclusi\u00f3n y Pol\u00edticas Socioculturales de la Universidad.<\/p>\n<p>La Universidad Pablo de Olavide colabora con la Universidad Nacional Aut\u00f3noma de Nicaragua-Managua desde el a\u00f1o 2011, gracias a un protocolo de colaboraci\u00f3n entre ambas entidades para el desarrollo de actividades acad\u00e9micas y de investigaci\u00f3n, adem\u00e1s de proyectos de cooperaci\u00f3n internacional. As\u00ed, profesorado de la UPO participa en el Doctorado en Educaci\u00f3n e Intervenci\u00f3n Social de UNAN FAREM Chontales y ambas universidades llevan a cabo proyectos conjuntos de desarrollo en la regi\u00f3n, <em>Generaci\u00f3n de capacidades y competencias sociocomunitarias en el \u00e1mbito de la educaci\u00f3n para la salud para agentes sociales<\/em>, con la financiaci\u00f3n de la Agencia Andaluza de Cooperaci\u00f3n Internacional para el Desarrollo, y <em>Reforzamiento de las capacidades investigadoras<\/em>.<\/p>\n","protected":false},"excerpt":{"rendered":"<p>Julio C\u00e9sar Abaunza, decano de la Facultad Regional Multidisciplinaria de la Universidad Nacional Aut\u00f3noma de Nicaragua-Managua en Chontales (FAREM Chontales) ha visitado esta ma\u00f1ana el campus de la UPO, donde ha sido recibido por el rector Francisco Oliva. A la reuni\u00f3n con el representante de la UNAM en esta regi\u00f3n nicarag\u00fcense han asistido tambi\u00e9n David Cobos, vicerrector de Cultura y Pol\u00edticas Sociales, y Mar\u00eda Jos\u00e9 Parejo, directora general de Inclusi\u00f3n y Pol\u00edticas Socioculturales de la Universidad.<\/p>\n","protected":false},"author":6,"featured_media":30878485,"comment_status":"closed","ping_status":"open","sticky":false,"template":"","format":"standard","meta":{"_monsterinsights_skip_tracking":false,"_monsterinsights_sitenote_active":false,"_monsterinsights_sitenote_note":"","_monsterinsights_sitenote_category":0,"footnotes":""},"categories":[6],"tags":[6348,3144,579],"class_list":["post-30878475","post","type-post","status-publish","format-standard","has-post-thumbnail","hentry","category-institucional","tag-agencia-andaluza-de-cooperacion-internacional-para-el-desarrollo","tag-cooperacion-internacional","tag-nicaragua"],"_links":{"self":[{"href":"https:\/\/www.upo.es\/diario\/wp-json\/wp\/v2\/posts\/30878475","targetHints":{"allow":["GET"]}}],"collection":[{"href":"https:\/\/www.upo.es\/diario\/wp-json\/wp\/v2\/posts"}],"about":[{"href":"https:\/\/www.upo.es\/diario\/wp-json\/wp\/v2\/types\/post"}],"author":[{"embeddable":true,"href":"https:\/\/www.upo.es\/diario\/wp-json\/wp\/v2\/users\/6"}],"replies":[{"embeddable":true,"href":"https:\/\/www.upo.es\/diario\/wp-json\/wp\/v2\/comments?post=30878475"}],"version-history":[{"count":3,"href":"https:\/\/www.upo.es\/diario\/wp-json\/wp\/v2\/posts\/30878475\/revisions"}],"predecessor-version":[{"id":30878486,"href":"https:\/\/www.upo.es\/diario\/wp-json\/wp\/v2\/posts\/30878475\/revisions\/30878486"}],"wp:featuredmedia":[{"embeddable":true,"href":"https:\/\/www.upo.es\/diario\/wp-json\/wp\/v2\/media\/30878485"}],"wp:attachment":[{"href":"https:\/\/www.upo.es\/diario\/wp-json\/wp\/v2\/media?parent=30878475"}],"wp:term":[{"taxonomy":"category","embeddable":true,"href":"https:\/\/www.upo.es\/diario\/wp-json\/wp\/v2\/categories?post=30878475"},{"taxonomy":"post_tag","embeddable":true,"href":"https:\/\/www.upo.es\/diario\/wp-json\/wp\/v2\/tags?post=30878475"}],"curies":[{"name":"wp","href":"https:\/\/api.w.org\/{rel}","templated":true}]}}