{"id":30878517,"date":"2023-05-24T07:00:02","date_gmt":"2023-05-24T05:00:02","guid":{"rendered":"https:\/\/www.upo.es\/diario\/?p=30878517"},"modified":"2023-05-30T16:05:46","modified_gmt":"2023-05-30T14:05:46","slug":"observar-en-vivo-la-cohesina","status":"publish","type":"post","link":"https:\/\/www.upo.es\/diario\/ciencia\/2023\/05\/observar-en-vivo-la-cohesina\/","title":{"rendered":"Desarrollada una t\u00e9cnica para observar en vivo la acci\u00f3n de la cohesina, las prote\u00ednas que \u2018enlazan\u2019 nuestros cromosomas"},"content":{"rendered":"<figure id=\"attachment_30878519\" aria-describedby=\"caption-attachment-30878519\" style=\"width: 727px\" class=\"wp-caption aligncenter\"><a href=\"https:\/\/www.upo.es\/diario\/wp-content\/uploads\/2023\/05\/EGonzalez-VAlvarez-Jjimenez-scaled.jpg\"><img loading=\"lazy\" decoding=\"async\" class=\"wp-image-30878519 size-large\" src=\"https:\/\/www.upo.es\/diario\/wp-content\/uploads\/2023\/05\/EGonzalez-VAlvarez-Jjimenez-727x525.jpg\" alt=\"Emilio Gonz\u00e1lez, V\u00edctor \u00c1lvarez Tallada y Juan Jim\u00e9nez en su laboratorio del CABD\" width=\"727\" height=\"525\" srcset=\"https:\/\/www.upo.es\/diario\/wp-content\/uploads\/2023\/05\/EGonzalez-VAlvarez-Jjimenez-727x525.jpg 727w, https:\/\/www.upo.es\/diario\/wp-content\/uploads\/2023\/05\/EGonzalez-VAlvarez-Jjimenez-420x303.jpg 420w, https:\/\/www.upo.es\/diario\/wp-content\/uploads\/2023\/05\/EGonzalez-VAlvarez-Jjimenez-768x555.jpg 768w, https:\/\/www.upo.es\/diario\/wp-content\/uploads\/2023\/05\/EGonzalez-VAlvarez-Jjimenez-1536x1109.jpg 1536w, https:\/\/www.upo.es\/diario\/wp-content\/uploads\/2023\/05\/EGonzalez-VAlvarez-Jjimenez-2048x1479.jpg 2048w, https:\/\/www.upo.es\/diario\/wp-content\/uploads\/2023\/05\/EGonzalez-VAlvarez-Jjimenez-1320x953.jpg 1320w\" sizes=\"auto, (max-width: 727px) 100vw, 727px\" \/><\/a><figcaption id=\"caption-attachment-30878519\" class=\"wp-caption-text\">Emilio Gonz\u00e1lez, V\u00edctor \u00c1lvarez Tallada y Juan Jim\u00e9nez en el CABD<\/figcaption><\/figure>\n<p>Un equipo de investigaci\u00f3n del <a href=\"https:\/\/www.cabd.es\/es\/\">Centro Andaluz de Biolog\u00eda del Desarrollo (CABD)<\/a> ha definido un m\u00e9todo que ofrece una nueva mirada al funcionamiento en c\u00e9lulas vivas de la cohesina. Los investigadores del \u00e1rea de Gen\u00e9tica de la UPO <strong>Emilio Gonz\u00e1lez Mart\u00edn, Juan Jim\u00e9nez y V\u00edctor \u00c1lvarez Tallada han detallado los resultados del hallazgo en el art\u00edculo \u2018<em>BiFCo: Visualizing cohesin assembly\/disassembly cycle in living cells\u2019, <\/em>publicado recientemente en la revista <em>Life Science Alliance<\/em><\/strong>. En \u00e9l, describen el uso de una t\u00e9cnica basada en la visualizaci\u00f3n por fluorescencia para detectar la formaci\u00f3n y actividad de la cohesina, y en particular sus din\u00e1micas de carga y descarga, en c\u00e9lulas vivas y a lo largo de todo el ciclo celular. Hasta el momento, la mayor\u00eda de los experimentos relacionados con la sustancia se realizaban in vitro, por lo que la t\u00e9cnica abre la puerta a la observaci\u00f3n directa de su funcionamiento en c\u00e9lulas vivas, dentro de un contexto fisiol\u00f3gico.<\/p>\n<p><strong>La cohesina es un compuesto proteico que se dispone en forma de anillo asociado a los cromosomas y es imprescindible para mantener la estructura gen\u00e9tica<\/strong>. En los \u00faltimos a\u00f1os ha sido objeto de creciente inter\u00e9s entre la comunidad cient\u00edfica. \u00abTiene muchas funciones \u2014indica \u00c1lvarez Tallada, coautor del estudio\u2014, una de ellas es que es responsable de mantener la cohesi\u00f3n de las crom\u00e1tidas hermanas\u00bb, es decir, los \u2018pares de copias\u2019 presentes en los cromosomas. \u00abEsto es importante para mantener la integridad estructural de los cromosomas hasta que tienen que separarse en mitades durante la fase de mitosis, la divisi\u00f3n celular\u00bb.<\/p>\n<p>Si bien el debate sobre c\u00f3mo estos procesos de carga y descarga tienen lugar contin\u00faa abierto, el investigador apunta a que la regulaci\u00f3n de ese anillo, su \u00abcarga y descarga\u00bb, resulta \u00abfundamental\u00bb para la correcta segregaci\u00f3n del material gen\u00e9tico, as\u00ed como para asegurar la replicaci\u00f3n del ADN y la regulaci\u00f3n de la expresi\u00f3n g\u00e9nica.\u00a0 Comprender c\u00f3mo act\u00faa la cohesina y qu\u00e9 papel juegan en sus procesos otros agentes reguladores de la cromatina, a la que frecuentemente se asocia, abre la puerta a una visi\u00f3n m\u00e1s detallada del impacto de estas prote\u00ednas en el genoma. Con ello, se podr\u00eda identificar mejor el origen de las mutaciones que dan lugar a alteraciones gen\u00e9ticas, responsables de algunas enfermedades \u2014cohesinopat\u00edas\u2014, como el s\u00edndrome de Cornelia de Lange o el s\u00edndrome de Roberts.<\/p>\n<p>Sin embargo, hasta el momento los m\u00e9todos empleados en organismos vivos para investigar este complejo tienen limitaciones espaciales y temporales. Por ello, la mayor parte de la investigaci\u00f3n se ha venido realizando in vitro, en lugar de trabajar in vivo bajo condiciones fisiol\u00f3gicas reales. <strong>Para dar respuesta a este problema, el equipo valor\u00f3 recurrir a una t\u00e9cnica llamada complementaci\u00f3n bimolecular fluorescente, en la que las partes implicadas de la cohesina se iluminan, distingui\u00e9ndose con precisi\u00f3n del resto del conjunto<\/strong>. Y lo hace de forma mucho m\u00e1s efectiva que el resto de esfuerzos hasta la fecha: \u00abExisten otros sistemas fluorescentes para ver interacciones, pero en lapsos de tiempo muy cortos o bien no discriminan la prote\u00edna total de la prote\u00edna ensamblada\u00bb, indica \u00c1lvarez Tallada.<\/p>\n<div style=\"width: 500px;\" class=\"wp-video\"><!--[if lt IE 9]><script>document.createElement('video');<\/script><![endif]-->\n<video class=\"wp-video-shortcode\" id=\"video-30878517-1\" width=\"500\" height=\"500\" preload=\"metadata\" controls=\"controls\"><source type=\"video\/mp4\" src=\"https:\/\/www.upo.es\/diario\/wp-content\/uploads\/2023\/05\/LSA-2023-01945_V2.mp4?_=1\" \/><a href=\"https:\/\/www.upo.es\/diario\/wp-content\/uploads\/2023\/05\/LSA-2023-01945_V2.mp4\">https:\/\/www.upo.es\/diario\/wp-content\/uploads\/2023\/05\/LSA-2023-01945_V2.mp4<\/a><\/video><\/div>\n<p>&nbsp;<\/p>\n<p><strong>Referencia:<br \/>\n<\/strong>Gonz\u00e1lez-Mart\u00edn, E., Jim\u00e9nez, J., &amp; Tallada, V. A. (2023). <strong>BiFCo: visualizing cohesin assembly\/disassembly cycle in living cells<\/strong>. <em>Life Science Alliance<\/em>. <a href=\"https:\/\/doi.org\/10.26508\/lsa.202301945\">https:\/\/doi.org\/10.26508\/lsa.202301945<\/a><\/p>\n","protected":false},"excerpt":{"rendered":"<p>Este complejo desempe\u00f1a un papel fundamental para mantener y regular la estructura g\u00e9nica, y sus mutaciones se asocian al desarrollo de algunos c\u00e1nceres y enfermedades. Ahora, los investigadores Emilio Gonz\u00e1lez, Juan Jim\u00e9nez y V\u00edctor \u00c1lvarez han conseguido observarla en acci\u00f3n en organismos vivos.<\/p>\n","protected":false},"author":6,"featured_media":30878519,"comment_status":"closed","ping_status":"open","sticky":false,"template":"","format":"standard","meta":{"_monsterinsights_skip_tracking":false,"_monsterinsights_sitenote_active":false,"_monsterinsights_sitenote_note":"","_monsterinsights_sitenote_category":0,"footnotes":""},"categories":[3],"tags":[43,91,42,631,7825],"class_list":["post-30878517","post","type-post","status-publish","format-standard","has-post-thumbnail","hentry","category-ciencia","tag-cabd","tag-division-celular","tag-genetica","tag-juan-jimenez","tag-regulacion-genetica"],"_links":{"self":[{"href":"https:\/\/www.upo.es\/diario\/wp-json\/wp\/v2\/posts\/30878517","targetHints":{"allow":["GET"]}}],"collection":[{"href":"https:\/\/www.upo.es\/diario\/wp-json\/wp\/v2\/posts"}],"about":[{"href":"https:\/\/www.upo.es\/diario\/wp-json\/wp\/v2\/types\/post"}],"author":[{"embeddable":true,"href":"https:\/\/www.upo.es\/diario\/wp-json\/wp\/v2\/users\/6"}],"replies":[{"embeddable":true,"href":"https:\/\/www.upo.es\/diario\/wp-json\/wp\/v2\/comments?post=30878517"}],"version-history":[{"count":4,"href":"https:\/\/www.upo.es\/diario\/wp-json\/wp\/v2\/posts\/30878517\/revisions"}],"predecessor-version":[{"id":30878523,"href":"https:\/\/www.upo.es\/diario\/wp-json\/wp\/v2\/posts\/30878517\/revisions\/30878523"}],"wp:featuredmedia":[{"embeddable":true,"href":"https:\/\/www.upo.es\/diario\/wp-json\/wp\/v2\/media\/30878519"}],"wp:attachment":[{"href":"https:\/\/www.upo.es\/diario\/wp-json\/wp\/v2\/media?parent=30878517"}],"wp:term":[{"taxonomy":"category","embeddable":true,"href":"https:\/\/www.upo.es\/diario\/wp-json\/wp\/v2\/categories?post=30878517"},{"taxonomy":"post_tag","embeddable":true,"href":"https:\/\/www.upo.es\/diario\/wp-json\/wp\/v2\/tags?post=30878517"}],"curies":[{"name":"wp","href":"https:\/\/api.w.org\/{rel}","templated":true}]}}