{"id":30878538,"date":"2023-05-24T12:46:17","date_gmt":"2023-05-24T10:46:17","guid":{"rendered":"https:\/\/www.upo.es\/diario\/?p=30878538"},"modified":"2023-05-24T14:32:09","modified_gmt":"2023-05-24T12:32:09","slug":"segundo-puesto-para-la-upo-en-el-reto-30-dias-en-bici-de-ciclogreen","status":"publish","type":"post","link":"https:\/\/www.upo.es\/diario\/comunidad\/2023\/05\/segundo-puesto-para-la-upo-en-el-reto-30-dias-en-bici-de-ciclogreen\/","title":{"rendered":"Segundo puesto para la UPO en el \u2018Reto 30 d\u00edas en Bici\u2019 de Ciclogreen"},"content":{"rendered":"<p><a href=\"https:\/\/www.upo.es\/diario\/wp-content\/uploads\/2023\/05\/UPO-Diploma-R30DEB2023.jpg\"><img loading=\"lazy\" decoding=\"async\" class=\"aligncenter size-large wp-image-30878539\" src=\"https:\/\/www.upo.es\/diario\/wp-content\/uploads\/2023\/05\/UPO-Diploma-R30DEB2023-709x525.jpg\" alt=\"\" width=\"709\" height=\"525\" srcset=\"https:\/\/www.upo.es\/diario\/wp-content\/uploads\/2023\/05\/UPO-Diploma-R30DEB2023-709x525.jpg 709w, https:\/\/www.upo.es\/diario\/wp-content\/uploads\/2023\/05\/UPO-Diploma-R30DEB2023-420x311.jpg 420w, https:\/\/www.upo.es\/diario\/wp-content\/uploads\/2023\/05\/UPO-Diploma-R30DEB2023-768x569.jpg 768w, https:\/\/www.upo.es\/diario\/wp-content\/uploads\/2023\/05\/UPO-Diploma-R30DEB2023-1320x978.jpg 1320w, https:\/\/www.upo.es\/diario\/wp-content\/uploads\/2023\/05\/UPO-Diploma-R30DEB2023.jpg 1350w\" sizes=\"auto, (max-width: 709px) 100vw, 709px\" \/><\/a><\/p>\n<p>La Universidad Pablo de Olavide ha conseguido la segunda posici\u00f3n en el <a href=\"https:\/\/www.reto30diasenbici.com\/\">\u2018Reto 30 d\u00edas en Bici\u2019 by Ciclogreen 2023<\/a> por su contribuci\u00f3n a la reducci\u00f3n de la huella de carbono y al fomento de la vida saludable gracias al compromiso demostrado por la comunidad universitaria al lograr <strong>4.423 kil\u00f3metros recorridos en bicicleta, lo que supone un ahorro de emisiones de CO2 a la atm\u00f3sfera de 756 kilos<\/strong>. El primer puesto ha sido para la Universidad de Castilla-La Mancha con 7.834 kil\u00f3metros.<\/p>\n<p>Adem\u00e1s, la UPO ha sido galardonada con el Premio Especial a la \u2018Universidad m\u00e1s comprometida\u2019 al obtener el mayor porcentaje de participaci\u00f3n de personas usuarias registradas en el Reto en esta iniciativa promovida desde el <strong>Vicerrectorado de Campus Saludable y Deporte<\/strong> y la <strong>Delegaci\u00f3n del rector para el Campus Sostenible<\/strong>.<\/p>\n<p>El \u2018Reto 30 d\u00edas en Bici\u2019, que finaliz\u00f3 el pasado 17 de mayo, es una oportunidad para impulsar el cambio de h\u00e1bitos hacia medios de transportes m\u00e1s sostenibles en el que se inscriben empresas y organizaciones con el objetivo de cumplir objetivos en cuanto a reducci\u00f3n de emisiones.<\/p>\n<p>Hasta el momento, han participado 857 organizaciones que han conseguido m\u00e1s de 97.000 kil\u00f3metros para un ahorro de emisiones de CO2 de m\u00e1s de 16.000 kilos. En concreto en el ranking de universidades, se ha conseguido recorrer 19.151 kil\u00f3metros, que supone un ahorro de 4.788 kilos de CO2.<\/p>\n","protected":false},"excerpt":{"rendered":"<p>La Universidad Pablo de Olavide ha conseguido la segunda posici\u00f3n en el \u2018Reto 30 d\u00edas en Bici\u2019 by Ciclogreen 2023 por su contribuci\u00f3n a la reducci\u00f3n de la huella de carbono y al fomento de la vida saludable gracias al compromiso demostrado por la comunidad universitaria al lograr 4.423 kil\u00f3metros recorridos en bicicleta, lo que supone un ahorro de emisiones de CO2 a la atm\u00f3sfera de 756 kilos.<\/p>\n","protected":false},"author":14,"featured_media":30878539,"comment_status":"closed","ping_status":"open","sticky":false,"template":"","format":"standard","meta":{"_monsterinsights_skip_tracking":false,"_monsterinsights_sitenote_active":false,"_monsterinsights_sitenote_note":"","_monsterinsights_sitenote_category":0,"footnotes":""},"categories":[5842],"tags":[2897,8436,2623,8384,2095,8437,832,7253],"class_list":["post-30878538","post","type-post","status-publish","format-standard","has-post-thumbnail","hentry","category-comunidad","tag-bicicletas","tag-ciclogreen","tag-comunidad-universitaria","tag-delegacion-del-rector-para-el-campus-sostenible","tag-medioambiente","tag-reduccion-de-emisiones","tag-sostenibilidad","tag-vicerrectorado-de-campus-saludable-y-deporte"],"_links":{"self":[{"href":"https:\/\/www.upo.es\/diario\/wp-json\/wp\/v2\/posts\/30878538","targetHints":{"allow":["GET"]}}],"collection":[{"href":"https:\/\/www.upo.es\/diario\/wp-json\/wp\/v2\/posts"}],"about":[{"href":"https:\/\/www.upo.es\/diario\/wp-json\/wp\/v2\/types\/post"}],"author":[{"embeddable":true,"href":"https:\/\/www.upo.es\/diario\/wp-json\/wp\/v2\/users\/14"}],"replies":[{"embeddable":true,"href":"https:\/\/www.upo.es\/diario\/wp-json\/wp\/v2\/comments?post=30878538"}],"version-history":[{"count":1,"href":"https:\/\/www.upo.es\/diario\/wp-json\/wp\/v2\/posts\/30878538\/revisions"}],"predecessor-version":[{"id":30878540,"href":"https:\/\/www.upo.es\/diario\/wp-json\/wp\/v2\/posts\/30878538\/revisions\/30878540"}],"wp:featuredmedia":[{"embeddable":true,"href":"https:\/\/www.upo.es\/diario\/wp-json\/wp\/v2\/media\/30878539"}],"wp:attachment":[{"href":"https:\/\/www.upo.es\/diario\/wp-json\/wp\/v2\/media?parent=30878538"}],"wp:term":[{"taxonomy":"category","embeddable":true,"href":"https:\/\/www.upo.es\/diario\/wp-json\/wp\/v2\/categories?post=30878538"},{"taxonomy":"post_tag","embeddable":true,"href":"https:\/\/www.upo.es\/diario\/wp-json\/wp\/v2\/tags?post=30878538"}],"curies":[{"name":"wp","href":"https:\/\/api.w.org\/{rel}","templated":true}]}}