{"id":30878564,"date":"2023-05-25T08:51:27","date_gmt":"2023-05-25T06:51:27","guid":{"rendered":"https:\/\/www.upo.es\/diario\/?p=30878564"},"modified":"2023-05-25T16:31:26","modified_gmt":"2023-05-25T14:31:26","slug":"la-facultad-de-humanidades-de-la-upo-celebra-unas-jornadas-sobre-docencia-con-perspectiva-de-genero","status":"publish","type":"post","link":"https:\/\/www.upo.es\/diario\/docencia-formacion\/2023\/05\/la-facultad-de-humanidades-de-la-upo-celebra-unas-jornadas-sobre-docencia-con-perspectiva-de-genero\/","title":{"rendered":"La Facultad de Humanidades de la UPO celebra unas Jornadas sobre docencia con perspectiva de g\u00e9nero"},"content":{"rendered":"<figure id=\"attachment_30878568\" aria-describedby=\"caption-attachment-30878568\" style=\"width: 750px\" class=\"wp-caption aligncenter\"><img loading=\"lazy\" decoding=\"async\" class=\"wp-image-30878568 size-large\" src=\"https:\/\/www.upo.es\/diario\/wp-content\/uploads\/2023\/05\/CAra-oculta-letras-FHUM-750x351.jpg\" alt=\"Rosario Moreno y M\u00f3nica Dom\u00ednguez en la presentaci\u00f3n de las Jornadas\" width=\"750\" height=\"351\" srcset=\"https:\/\/www.upo.es\/diario\/wp-content\/uploads\/2023\/05\/CAra-oculta-letras-FHUM-750x351.jpg 750w, https:\/\/www.upo.es\/diario\/wp-content\/uploads\/2023\/05\/CAra-oculta-letras-FHUM-420x197.jpg 420w, https:\/\/www.upo.es\/diario\/wp-content\/uploads\/2023\/05\/CAra-oculta-letras-FHUM-768x360.jpg 768w, https:\/\/www.upo.es\/diario\/wp-content\/uploads\/2023\/05\/CAra-oculta-letras-FHUM.jpg 929w\" sizes=\"auto, (max-width: 750px) 100vw, 750px\" \/><figcaption id=\"caption-attachment-30878568\" class=\"wp-caption-text\">Rosario Moreno y M\u00f3nica Dom\u00ednguez en la presentaci\u00f3n de las Jornadas<\/figcaption><\/figure>\n<p>La sede Olavide en Sevilla \u2013 Centro de la Universidad Pablo de Olavide ha acogido la primera sesi\u00f3n de las Jornadas <a href=\"https:\/\/eventos.upo.es\/98429\/programme\/la-cara-oculta-de-las-letras-intercambio-de-experiencias-docentes-con-perspectiva-de-genero-en-las-.html\">\u2018La cara oculta de las letras: Intercambio de experiencias docentes con perspectiva de g\u00e9nero en las materias de humanidades en la educaci\u00f3n secundaria y en la universidad\u2019<\/a> que ha organizado la <strong>Facultad de Humanidades<\/strong> con la financiaci\u00f3n de la <strong>Delegaci\u00f3n del rector para la Igualdad de G\u00e9nero<\/strong> y el <strong>Vicerrectorado de Estudiantes<\/strong>.<\/p>\n<p>La inauguraci\u00f3n de este foro ha estado a cargo de la delegada del rector para la Igualdad de G\u00e9nero de la UPO, <strong>M\u00f3nica Dom\u00ednguez Serrano<\/strong>, y la decana de la Facultad de Humanidades, <strong>Rosario Moreno Soldevila<\/strong>.<\/p>\n<p>Destinadas a profesorado activo y en formaci\u00f3n, los objetivos fundamentales de estas Jornadas son <strong>intercambiar buenas pr\u00e1cticas docentes de incorporaci\u00f3n de la perspectiva de g\u00e9nero en el \u00e1mbito de las humanidades y tender puentes entre la ense\u00f1anza secundaria y universitaria<\/strong> para que la docencia con perspectiva de g\u00e9nero tenga continuidad entre las dos etapas educativas. En definitiva, se trata de repensar, tanto los contenidos de las asignaturas human\u00edsticas como las metodolog\u00edas docentes, para contribuir desde el \u00e1mbito educativo a la igualdad real entre hombres y mujeres, as\u00ed como valorar y visibilizar los esfuerzos que se hacen desde las coordinaciones de coeducaci\u00f3n de los centros de secundaria.<\/p>\n<figure id=\"attachment_30878566\" aria-describedby=\"caption-attachment-30878566\" style=\"width: 420px\" class=\"wp-caption alignright\"><a href=\"https:\/\/www.upo.es\/diario\/wp-content\/uploads\/2023\/05\/imagen3_FHUM.jpg\"><img loading=\"lazy\" decoding=\"async\" class=\"size-medium wp-image-30878566\" src=\"https:\/\/www.upo.es\/diario\/wp-content\/uploads\/2023\/05\/imagen3_FHUM-420x268.jpg\" alt=\"\" width=\"420\" height=\"268\" srcset=\"https:\/\/www.upo.es\/diario\/wp-content\/uploads\/2023\/05\/imagen3_FHUM-420x268.jpg 420w, https:\/\/www.upo.es\/diario\/wp-content\/uploads\/2023\/05\/imagen3_FHUM-750x479.jpg 750w, https:\/\/www.upo.es\/diario\/wp-content\/uploads\/2023\/05\/imagen3_FHUM-768x490.jpg 768w, https:\/\/www.upo.es\/diario\/wp-content\/uploads\/2023\/05\/imagen3_FHUM.jpg 1197w\" sizes=\"auto, (max-width: 420px) 100vw, 420px\" \/><\/a><figcaption id=\"caption-attachment-30878566\" class=\"wp-caption-text\">Rosario Moreno y M\u00f3nica Dom\u00ednguez<\/figcaption><\/figure>\n<p>Finalmente, con esta iniciativa, se pretende dar a conocer los avances que, en materia de docencia con perspectiva de g\u00e9nero, se han hecho en los \u00faltimos a\u00f1os en la Facultad de Humanidades de la Universidad Pablo de Olavide, tanto entre el personal docente del centro como entre el profesorado de secundaria, con el fin de servir de inspiraci\u00f3n para acciones futuras.<\/p>\n<p>En esta primera sesi\u00f3n, las Jornadas han abordado, entre otras, cuestiones como el espacio de las escritoras en los temarios de oposiciones de secundaria en la asignatura de Literatura, la visibilizaci\u00f3n de las mujeres en las Ciencias Sociales para la materia de Historia o las programaciones en el caso de Historia del Arte. El pr\u00f3ximo mi\u00e9rcoles 31 de mayo, las tem\u00e1ticas girar\u00e1n en torno a Lenguas y culturas, as\u00ed como Filosof\u00eda, para terminar con las conclusiones de las Jornadas.<\/p>\n","protected":false},"excerpt":{"rendered":"<p>La sede Olavide en Sevilla \u2013 Centro de la Universidad Pablo de Olavide ha acogido la primera sesi\u00f3n de las Jornadas \u2018La cara oculta de las letras: Intercambio de experiencias docentes con perspectiva de g\u00e9nero en las materias de humanidades en la educaci\u00f3n secundaria y en la universidad\u2019 que ha organizado la Facultad de Humanidades con la financiaci\u00f3n de la Delegaci\u00f3n del rector para la Igualdad de G\u00e9nero y el Vicerrectorado de Estudiantes.<\/p>\n","protected":false},"author":14,"featured_media":30878566,"comment_status":"closed","ping_status":"open","sticky":false,"template":"","format":"standard","meta":{"_monsterinsights_skip_tracking":false,"_monsterinsights_sitenote_active":false,"_monsterinsights_sitenote_note":"","_monsterinsights_sitenote_category":0,"footnotes":""},"categories":[2779],"tags":[7412,465,96,132,5883,84,6244,199],"class_list":["post-30878564","post","type-post","status-publish","format-standard","has-post-thumbnail","hentry","category-docencia-formacion","tag-delegacion-del-rector-para-la-igualdad-de-genero","tag-educacion","tag-facultad-de-humanidades","tag-humanidades","tag-igualdad-de-genero","tag-jornadas","tag-perspectiva-de-genero","tag-profesorado"],"_links":{"self":[{"href":"https:\/\/www.upo.es\/diario\/wp-json\/wp\/v2\/posts\/30878564","targetHints":{"allow":["GET"]}}],"collection":[{"href":"https:\/\/www.upo.es\/diario\/wp-json\/wp\/v2\/posts"}],"about":[{"href":"https:\/\/www.upo.es\/diario\/wp-json\/wp\/v2\/types\/post"}],"author":[{"embeddable":true,"href":"https:\/\/www.upo.es\/diario\/wp-json\/wp\/v2\/users\/14"}],"replies":[{"embeddable":true,"href":"https:\/\/www.upo.es\/diario\/wp-json\/wp\/v2\/comments?post=30878564"}],"version-history":[{"count":3,"href":"https:\/\/www.upo.es\/diario\/wp-json\/wp\/v2\/posts\/30878564\/revisions"}],"predecessor-version":[{"id":30878570,"href":"https:\/\/www.upo.es\/diario\/wp-json\/wp\/v2\/posts\/30878564\/revisions\/30878570"}],"wp:featuredmedia":[{"embeddable":true,"href":"https:\/\/www.upo.es\/diario\/wp-json\/wp\/v2\/media\/30878566"}],"wp:attachment":[{"href":"https:\/\/www.upo.es\/diario\/wp-json\/wp\/v2\/media?parent=30878564"}],"wp:term":[{"taxonomy":"category","embeddable":true,"href":"https:\/\/www.upo.es\/diario\/wp-json\/wp\/v2\/categories?post=30878564"},{"taxonomy":"post_tag","embeddable":true,"href":"https:\/\/www.upo.es\/diario\/wp-json\/wp\/v2\/tags?post=30878564"}],"curies":[{"name":"wp","href":"https:\/\/api.w.org\/{rel}","templated":true}]}}