{"id":30878577,"date":"2023-05-25T11:41:31","date_gmt":"2023-05-25T09:41:31","guid":{"rendered":"https:\/\/www.upo.es\/diario\/?p=30878577"},"modified":"2023-05-26T15:15:02","modified_gmt":"2023-05-26T13:15:02","slug":"la-upo-y-la-universidad-de-san-isidro-de-buenos-aires-suscriben-un-convenio-de-colaboracion","status":"publish","type":"post","link":"https:\/\/www.upo.es\/diario\/institucional\/2023\/05\/la-upo-y-la-universidad-de-san-isidro-de-buenos-aires-suscriben-un-convenio-de-colaboracion\/","title":{"rendered":"La UPO y la Universidad de San Isidro de Buenos Aires suscriben un convenio de colaboraci\u00f3n"},"content":{"rendered":"<figure id=\"attachment_30878578\" aria-describedby=\"caption-attachment-30878578\" style=\"width: 750px\" class=\"wp-caption aligncenter\"><a href=\"https:\/\/www.upo.es\/diario\/wp-content\/uploads\/2023\/05\/Conv-Univ-San-Isidro-scaled.jpg\"><img loading=\"lazy\" decoding=\"async\" class=\"size-large wp-image-30878578\" src=\"https:\/\/www.upo.es\/diario\/wp-content\/uploads\/2023\/05\/Conv-Univ-San-Isidro-750x422.jpg\" alt=\"\" width=\"750\" height=\"422\" srcset=\"https:\/\/www.upo.es\/diario\/wp-content\/uploads\/2023\/05\/Conv-Univ-San-Isidro-750x422.jpg 750w, https:\/\/www.upo.es\/diario\/wp-content\/uploads\/2023\/05\/Conv-Univ-San-Isidro-420x236.jpg 420w, https:\/\/www.upo.es\/diario\/wp-content\/uploads\/2023\/05\/Conv-Univ-San-Isidro-768x432.jpg 768w, https:\/\/www.upo.es\/diario\/wp-content\/uploads\/2023\/05\/Conv-Univ-San-Isidro-1536x864.jpg 1536w, https:\/\/www.upo.es\/diario\/wp-content\/uploads\/2023\/05\/Conv-Univ-San-Isidro-2048x1152.jpg 2048w, https:\/\/www.upo.es\/diario\/wp-content\/uploads\/2023\/05\/Conv-Univ-San-Isidro-1320x743.jpg 1320w\" sizes=\"auto, (max-width: 750px) 100vw, 750px\" \/><\/a><figcaption id=\"caption-attachment-30878578\" class=\"wp-caption-text\">Francisco Oliva y Enrique del Percio<\/figcaption><\/figure>\n<p>El rector de la Universidad Pablo de Olavide, <strong>Francisco Oliva<\/strong>, y el rector de la Universidad de San Isidro Dr. Pl\u00e1cido Mar\u00edn de Buenos Aires (Argentina), <strong>Enrique del Percio<\/strong>, han firmado un protocolo, impulsado por el Vicerrectorado de Internacionalizaci\u00f3n, con el objetivo de establecer la colaboraci\u00f3n entre ambas instituciones para el <strong>desarrollo de actividades formativas de tipo acad\u00e9mico, cient\u00edfico, t\u00e9cnico y de investigaci\u00f3n <\/strong>.<\/p>\n<p>De esta forma, las universidades apuestan por el desarrollo de actividades conjuntas en el \u00e1rea formativa y de investigaci\u00f3n, as\u00ed como en actividades pr\u00e1cticas dirigidas a estudiantes. A partir de este momento, se establecer\u00e1n las \u00e1reas concretas de trabajo y se proceder\u00e1 a una selecci\u00f3n de actividades, para lo que se suscribir\u00e1n posteriores convenios espec\u00edficos. Este protocolo de colaboraci\u00f3n tiene una vigencia inicial de tres a\u00f1os.<\/p>\n","protected":false},"excerpt":{"rendered":"<p>El rector de la Universidad Pablo de Olavide, Francisco Oliva, y el rector de la Universidad de San Isidro Dr. Pl\u00e1cido Mar\u00edn de Buenos Aires (Argentina) han firmado un protocolo con el objetivo de establecer la colaboraci\u00f3n entre ambas instituciones para el desarrollo de actividades formativas de tipo acad\u00e9mico, cient\u00edfico, t\u00e9cnico y de investigaci\u00f3n.<\/p>\n","protected":false},"author":14,"featured_media":30878578,"comment_status":"closed","ping_status":"open","sticky":false,"template":"","format":"standard","meta":{"_monsterinsights_skip_tracking":false,"_monsterinsights_sitenote_active":false,"_monsterinsights_sitenote_note":"","_monsterinsights_sitenote_category":0,"footnotes":""},"categories":[6],"tags":[876,7423,326,21,925,56,199,39,3620],"class_list":["post-30878577","post","type-post","status-publish","format-standard","has-post-thumbnail","hentry","category-institucional","tag-argentina","tag-colaboracion-interinstitucional","tag-convenio","tag-estudiantes","tag-internacionalizacion","tag-investigacion","tag-profesorado","tag-universidades","tag-vicerrectorado-de-internacionalizacion"],"_links":{"self":[{"href":"https:\/\/www.upo.es\/diario\/wp-json\/wp\/v2\/posts\/30878577","targetHints":{"allow":["GET"]}}],"collection":[{"href":"https:\/\/www.upo.es\/diario\/wp-json\/wp\/v2\/posts"}],"about":[{"href":"https:\/\/www.upo.es\/diario\/wp-json\/wp\/v2\/types\/post"}],"author":[{"embeddable":true,"href":"https:\/\/www.upo.es\/diario\/wp-json\/wp\/v2\/users\/14"}],"replies":[{"embeddable":true,"href":"https:\/\/www.upo.es\/diario\/wp-json\/wp\/v2\/comments?post=30878577"}],"version-history":[{"count":1,"href":"https:\/\/www.upo.es\/diario\/wp-json\/wp\/v2\/posts\/30878577\/revisions"}],"predecessor-version":[{"id":30878579,"href":"https:\/\/www.upo.es\/diario\/wp-json\/wp\/v2\/posts\/30878577\/revisions\/30878579"}],"wp:featuredmedia":[{"embeddable":true,"href":"https:\/\/www.upo.es\/diario\/wp-json\/wp\/v2\/media\/30878578"}],"wp:attachment":[{"href":"https:\/\/www.upo.es\/diario\/wp-json\/wp\/v2\/media?parent=30878577"}],"wp:term":[{"taxonomy":"category","embeddable":true,"href":"https:\/\/www.upo.es\/diario\/wp-json\/wp\/v2\/categories?post=30878577"},{"taxonomy":"post_tag","embeddable":true,"href":"https:\/\/www.upo.es\/diario\/wp-json\/wp\/v2\/tags?post=30878577"}],"curies":[{"name":"wp","href":"https:\/\/api.w.org\/{rel}","templated":true}]}}