{"id":30878593,"date":"2023-05-25T15:19:13","date_gmt":"2023-05-25T13:19:13","guid":{"rendered":"https:\/\/www.upo.es\/diario\/?p=30878593"},"modified":"2023-05-26T15:14:57","modified_gmt":"2023-05-26T13:14:57","slug":"el-rector-de-la-upo-nuevo-presidente-de-la-asociacion-de-universidades-publicas-de-andalucia","status":"publish","type":"post","link":"https:\/\/www.upo.es\/diario\/institucional\/2023\/05\/el-rector-de-la-upo-nuevo-presidente-de-la-asociacion-de-universidades-publicas-de-andalucia\/","title":{"rendered":"El rector de la UPO, nuevo presidente de la Asociaci\u00f3n de Universidades P\u00fablicas de Andaluc\u00eda"},"content":{"rendered":"<figure id=\"attachment_30878594\" aria-describedby=\"caption-attachment-30878594\" style=\"width: 420px\" class=\"wp-caption alignright\"><a href=\"https:\/\/www.upo.es\/diario\/wp-content\/uploads\/2023\/05\/Francisco-Oliva-UPO-2-scaled.jpg\"><img loading=\"lazy\" decoding=\"async\" class=\"size-medium wp-image-30878594\" src=\"https:\/\/www.upo.es\/diario\/wp-content\/uploads\/2023\/05\/Francisco-Oliva-UPO-2-420x280.jpg\" alt=\"Francisco Oliva\" width=\"420\" height=\"280\" srcset=\"https:\/\/www.upo.es\/diario\/wp-content\/uploads\/2023\/05\/Francisco-Oliva-UPO-2-420x280.jpg 420w, https:\/\/www.upo.es\/diario\/wp-content\/uploads\/2023\/05\/Francisco-Oliva-UPO-2-750x500.jpg 750w, https:\/\/www.upo.es\/diario\/wp-content\/uploads\/2023\/05\/Francisco-Oliva-UPO-2-768x512.jpg 768w, https:\/\/www.upo.es\/diario\/wp-content\/uploads\/2023\/05\/Francisco-Oliva-UPO-2-1536x1024.jpg 1536w, https:\/\/www.upo.es\/diario\/wp-content\/uploads\/2023\/05\/Francisco-Oliva-UPO-2-2048x1365.jpg 2048w, https:\/\/www.upo.es\/diario\/wp-content\/uploads\/2023\/05\/Francisco-Oliva-UPO-2-165x109.jpg 165w, https:\/\/www.upo.es\/diario\/wp-content\/uploads\/2023\/05\/Francisco-Oliva-UPO-2-1320x880.jpg 1320w\" sizes=\"auto, (max-width: 420px) 100vw, 420px\" \/><\/a><figcaption id=\"caption-attachment-30878594\" class=\"wp-caption-text\">Francisco Oliva Bl\u00e1zquez<\/figcaption><\/figure>\n<p><strong>Francisco Oliva Bl\u00e1zquez, rector de la Universidad Pablo de Olavide, ha sido elegido nuevo presidente de AUPA por los rectores y las rectoras de las Universidades P\u00fablicas de Andaluc\u00eda<\/strong>, durante la \u00faltima sesi\u00f3n de esta asociaci\u00f3n que agrupa a diez instituciones, celebrada esta semana. Sustituye as\u00ed a Carmelo Rodr\u00edguez Torreblanca, rector de la Universidad de Almer\u00eda.<\/p>\n<p>La Asociaci\u00f3n de Universidades P\u00fablicas Andaluzas (AUPA) comprende las diez instituciones de educaci\u00f3n superior de car\u00e1cter p\u00fablico de la comunidad aut\u00f3noma, con el fin de fomentar la cooperaci\u00f3n de los campus e impulsar el desarrollo de la sociedad andaluza a trav\u00e9s de la actividad universitaria. As\u00ed, <strong>forman parte de la Asociaci\u00f3n las universidades de Almer\u00eda, C\u00e1diz, C\u00f3rdoba, Granada, Huelva, Ja\u00e9n, M\u00e1laga, Sevilla, Pablo de Olavide y la Universidad Internacional de Andaluc\u00eda<\/strong>.<\/p>\n<p>Francisco Oliva Bl\u00e1zquez (M\u00e1laga, 1972) es catedr\u00e1tico de Derecho Civil de la Universidad Pablo de Olavide y rector de esta universidad desde diciembre de 2020. Como gestor, fue previamente vicesecretario general y secretario general de la UPO, responsable del \u00e1rea de Derecho Civil y codirector del Doble M\u00e1ster Universitario en Abogac\u00eda y Derecho de la Contrataci\u00f3n y Responsabilidad Civil. Ha dirigido su actividad investigadora pr\u00e1cticamente a todos los sectores del Derecho civil, y muy especialmente al Derecho de las obligaciones y contratos y de la responsabilidad civil. Adem\u00e1s, es experto en Bio\u00e9tica as\u00ed como en Derecho privado comparado.<\/p>\n<p>&nbsp;<\/p>\n<p>&nbsp;<\/p>\n","protected":false},"excerpt":{"rendered":"<p>Francisco Oliva Bl\u00e1zquez, rector de la Universidad Pablo de Olavide, ha sido elegido nuevo presidente de AUPA por los rectores y las rectoras de las Universidades P\u00fablicas de Andaluc\u00eda, durante la \u00faltima sesi\u00f3n de esta asociaci\u00f3n que agrupa a diez instituciones, celebrada esta semana. Sustituye as\u00ed a Carmelo Rodr\u00edguez Torreblanca, rector de la Universidad de Almer\u00eda.<\/p>\n","protected":false},"author":6,"featured_media":30878594,"comment_status":"closed","ping_status":"open","sticky":false,"template":"","format":"standard","meta":{"_monsterinsights_skip_tracking":false,"_monsterinsights_sitenote_active":false,"_monsterinsights_sitenote_note":"","_monsterinsights_sitenote_category":0,"footnotes":""},"categories":[6],"tags":[190,2842,4021,39,3862,2514],"class_list":["post-30878593","post","type-post","status-publish","format-standard","has-post-thumbnail","hentry","category-institucional","tag-andalucia","tag-aupa","tag-francisco-oliva-blazquez","tag-universidades","tag-universidades-andaluzas","tag-universidades-publicas"],"_links":{"self":[{"href":"https:\/\/www.upo.es\/diario\/wp-json\/wp\/v2\/posts\/30878593","targetHints":{"allow":["GET"]}}],"collection":[{"href":"https:\/\/www.upo.es\/diario\/wp-json\/wp\/v2\/posts"}],"about":[{"href":"https:\/\/www.upo.es\/diario\/wp-json\/wp\/v2\/types\/post"}],"author":[{"embeddable":true,"href":"https:\/\/www.upo.es\/diario\/wp-json\/wp\/v2\/users\/6"}],"replies":[{"embeddable":true,"href":"https:\/\/www.upo.es\/diario\/wp-json\/wp\/v2\/comments?post=30878593"}],"version-history":[{"count":2,"href":"https:\/\/www.upo.es\/diario\/wp-json\/wp\/v2\/posts\/30878593\/revisions"}],"predecessor-version":[{"id":30878597,"href":"https:\/\/www.upo.es\/diario\/wp-json\/wp\/v2\/posts\/30878593\/revisions\/30878597"}],"wp:featuredmedia":[{"embeddable":true,"href":"https:\/\/www.upo.es\/diario\/wp-json\/wp\/v2\/media\/30878594"}],"wp:attachment":[{"href":"https:\/\/www.upo.es\/diario\/wp-json\/wp\/v2\/media?parent=30878593"}],"wp:term":[{"taxonomy":"category","embeddable":true,"href":"https:\/\/www.upo.es\/diario\/wp-json\/wp\/v2\/categories?post=30878593"},{"taxonomy":"post_tag","embeddable":true,"href":"https:\/\/www.upo.es\/diario\/wp-json\/wp\/v2\/tags?post=30878593"}],"curies":[{"name":"wp","href":"https:\/\/api.w.org\/{rel}","templated":true}]}}