{"id":30878634,"date":"2023-05-30T15:59:57","date_gmt":"2023-05-30T13:59:57","guid":{"rendered":"https:\/\/www.upo.es\/diario\/?p=30878634"},"modified":"2023-06-01T09:50:15","modified_gmt":"2023-06-01T07:50:15","slug":"francisco-oliva-da-la-bienvenida-al-grupo-de-trabajo-del-proyecto-masudem-para-el-desarrollo-de-los-ods","status":"publish","type":"post","link":"https:\/\/www.upo.es\/diario\/ciencia\/2023\/05\/francisco-oliva-da-la-bienvenida-al-grupo-de-trabajo-del-proyecto-masudem-para-el-desarrollo-de-los-ods\/","title":{"rendered":"Francisco Oliva da la bienvenida al grupo de trabajo del proyecto MASUDEM para el desarrollo de los ODS"},"content":{"rendered":"<figure id=\"attachment_30878635\" aria-describedby=\"caption-attachment-30878635\" style=\"width: 750px\" class=\"wp-caption aligncenter\"><a href=\"https:\/\/www.upo.es\/diario\/wp-content\/uploads\/2023\/05\/20230530-MASUDEM-scaled.jpg\"><img loading=\"lazy\" decoding=\"async\" class=\"size-large wp-image-30878635\" src=\"https:\/\/www.upo.es\/diario\/wp-content\/uploads\/2023\/05\/20230530-MASUDEM-750x422.jpg\" alt=\"\" width=\"750\" height=\"422\" srcset=\"https:\/\/www.upo.es\/diario\/wp-content\/uploads\/2023\/05\/20230530-MASUDEM-750x422.jpg 750w, https:\/\/www.upo.es\/diario\/wp-content\/uploads\/2023\/05\/20230530-MASUDEM-420x236.jpg 420w, https:\/\/www.upo.es\/diario\/wp-content\/uploads\/2023\/05\/20230530-MASUDEM-768x432.jpg 768w, https:\/\/www.upo.es\/diario\/wp-content\/uploads\/2023\/05\/20230530-MASUDEM-1536x864.jpg 1536w, https:\/\/www.upo.es\/diario\/wp-content\/uploads\/2023\/05\/20230530-MASUDEM-2048x1152.jpg 2048w\" sizes=\"auto, (max-width: 750px) 100vw, 750px\" \/><\/a><figcaption id=\"caption-attachment-30878635\" class=\"wp-caption-text\">Workshop del Proyecto europeo MASUDEM<\/figcaption><\/figure>\n<p>El rector de la Universidad Pablo de Olavide, <strong>Francisco Oliva Bl\u00e1zquez<\/strong>, ha dado la bienvenida al grupo de trabajo del proyecto europeo Erasmus+<strong><a href=\"https:\/\/masudem.org\/\"> \u2018Master Studies in Sustainable Development and Management\u2019<\/a> (MASUDEM)<\/strong> sobre el desarrollo de los Objetivos de Desarrollo Sostenible que, con el liderazgo de la Universidad de Econom\u00eda de Bratislava (Eslovaquia), coordina en la UPO la profesora del Departamento de Econom\u00eda Financiera y Contabilidad <strong>Michaela Bedn\u00e1rov\u00e1<\/strong> con la gesti\u00f3n del <strong>\u00c1rea de Relaciones Internacionales y Cooperaci\u00f3n (ARIC)<\/strong>. En el acto, tambi\u00e9n ha participado la directora del Departamento de Econom\u00eda Financiera y Contabilidad, <strong>Mar\u00eda del Carmen Correa Ruiz<\/strong>.<\/p>\n<p>El grupo de investigaci\u00f3n se ha reunido en el campus de la Universidad Pablo de Olavide para el desarrollo de un <em>workshop<\/em> sobre mapeo y aspectos contextuales de la ense\u00f1anza en M\u00e1ster en Desarrollo y Gesti\u00f3n Sostenible, enmarcado en MASUDEM. Este proyecto tiene como objetivo <strong>impulsar el desarrollo sostenible y la creaci\u00f3n de empleo en Indonesia y Tailandia mediante el desarrollo y la mejora de los planes de estudio y las capacidades del personal acad\u00e9mico y administrativo en las universidades asociadas de estos pa\u00edses<\/strong>.<\/p>\n<p>Con este programa, se prev\u00e9 el desarrollo de m\u00f3dulos de estudio relevantes, documentaci\u00f3n del curso y textos de estudio, as\u00ed como tambi\u00e9n la capacitaci\u00f3n de docentes de los pa\u00edses socios que lo imparten. Adicionalmente, se mejorar\u00e1 los servicios de estudio para los y las estudiantes del M\u00e1ster, en l\u00ednea con las mejores pr\u00e1cticas, y se capacitar\u00e1 al personal administrativo responsable de su provisi\u00f3n. Los resultados del proyecto se difundir\u00e1n entre las principales partes interesadas, lo que proporcionar\u00e1 una base para futuras colaboraciones y crecimiento m\u00e1s all\u00e1 del actual consorcio.<\/p>\n<figure id=\"attachment_30878637\" aria-describedby=\"caption-attachment-30878637\" style=\"width: 420px\" class=\"wp-caption alignright\"><a href=\"https:\/\/www.upo.es\/diario\/wp-content\/uploads\/2023\/05\/20230530-MASUDEM-2-scaled.jpg\"><img loading=\"lazy\" decoding=\"async\" class=\"size-medium wp-image-30878637\" src=\"https:\/\/www.upo.es\/diario\/wp-content\/uploads\/2023\/05\/20230530-MASUDEM-2-420x236.jpg\" alt=\"\" width=\"420\" height=\"236\" srcset=\"https:\/\/www.upo.es\/diario\/wp-content\/uploads\/2023\/05\/20230530-MASUDEM-2-420x236.jpg 420w, https:\/\/www.upo.es\/diario\/wp-content\/uploads\/2023\/05\/20230530-MASUDEM-2-750x422.jpg 750w, https:\/\/www.upo.es\/diario\/wp-content\/uploads\/2023\/05\/20230530-MASUDEM-2-768x432.jpg 768w, https:\/\/www.upo.es\/diario\/wp-content\/uploads\/2023\/05\/20230530-MASUDEM-2-1536x864.jpg 1536w, https:\/\/www.upo.es\/diario\/wp-content\/uploads\/2023\/05\/20230530-MASUDEM-2-2048x1152.jpg 2048w, https:\/\/www.upo.es\/diario\/wp-content\/uploads\/2023\/05\/20230530-MASUDEM-2-1320x742.jpg 1320w\" sizes=\"auto, (max-width: 420px) 100vw, 420px\" \/><\/a><figcaption id=\"caption-attachment-30878637\" class=\"wp-caption-text\">Michaela Bedn\u00e1rov\u00e1, Francisco Oliva y Carmen Correa<\/figcaption><\/figure>\n<p>De esta forma, este proyecto ofrece la oportunidad de crear v\u00ednculos de cooperaci\u00f3n sostenibles entre las instituciones asociadas, en consonancia con sus estrategias de internacionalizaci\u00f3n. Del mismo modo, su enfoque contribuye a los esfuerzos por alinear el desarrollo con los Objetivos de Desarrollo Sostenible de Naciones Unidas y difundir los valores europeos en los pa\u00edses socios, lo que tendr\u00e1 un impacto duradero en la regi\u00f3n del sudeste asi\u00e1tico y contribuir\u00e1 a su desarrollo econ\u00f3mico y social.<\/p>\n<p>En total, en MASUDEM participan hasta <strong>diez universidades una instituci\u00f3n sin \u00e1nimo de lucro de Eslovaquia, Hungr\u00eda, Tailandia, Indonesia y Rep\u00fablica Checa adem\u00e1s de la Universidad Pablo de Olavide<\/strong> en un proyecto que contempla un presupuesto de m\u00e1s de 771.000 euros para un periodo de 3 a\u00f1os. El equipo de investigaci\u00f3n incluye a <strong>Carmen Correa Ruiz, Marta Miranda Garc\u00eda, Laura Sierra y Vicente P\u00e9rez Chamorro<\/strong> del Departamento de Econom\u00eda Financiera y Contabilidad; y <strong>V\u00edctor Ba\u00f1uls Silvera, Cristina L\u00f3pez Vargas y Roc\u00edo Ruiz Ben\u00edtez<\/strong> del Departamento de Organizaci\u00f3n de Empresas y Marketing.<\/p>\n","protected":false},"excerpt":{"rendered":"<p>El rector de la Universidad Pablo de Olavide, Francisco Oliva Bl\u00e1zquez, ha dado la bienvenida al grupo de trabajo del proyecto europeo Erasmus+ \u2018Master Studies in Sustainable Development and Management\u2019 (MASUDEM) sobre el desarrollo de los Objetivos de Desarrollo Sostenible que, con el liderazgo de la Universidad de Econom\u00eda de Bratislava (Eslovaquia), coordina en la UPO la profesora del Departamento de Econom\u00eda Financiera y Contabilidad Michaela Bedn\u00e1rov\u00e1 con la gesti\u00f3n del \u00c1rea de Relaciones Internacionales y Cooperaci\u00f3n (ARIC).<\/p>\n","protected":false},"author":14,"featured_media":30878635,"comment_status":"closed","ping_status":"open","sticky":false,"template":"","format":"standard","meta":{"_monsterinsights_skip_tracking":false,"_monsterinsights_sitenote_active":false,"_monsterinsights_sitenote_note":"","_monsterinsights_sitenote_category":0,"footnotes":""},"categories":[3],"tags":[847,3144,1981,8450,118,8449,5048,3923],"class_list":["post-30878634","post","type-post","status-publish","format-standard","has-post-thumbnail","hentry","category-ciencia","tag-aric","tag-cooperacion-internacional","tag-departamento-de-economia-financiera-y-contabilidad","tag-gestion-sostenible","tag-master","tag-masudem","tag-ods","tag-proyecto-erasmus"],"_links":{"self":[{"href":"https:\/\/www.upo.es\/diario\/wp-json\/wp\/v2\/posts\/30878634","targetHints":{"allow":["GET"]}}],"collection":[{"href":"https:\/\/www.upo.es\/diario\/wp-json\/wp\/v2\/posts"}],"about":[{"href":"https:\/\/www.upo.es\/diario\/wp-json\/wp\/v2\/types\/post"}],"author":[{"embeddable":true,"href":"https:\/\/www.upo.es\/diario\/wp-json\/wp\/v2\/users\/14"}],"replies":[{"embeddable":true,"href":"https:\/\/www.upo.es\/diario\/wp-json\/wp\/v2\/comments?post=30878634"}],"version-history":[{"count":3,"href":"https:\/\/www.upo.es\/diario\/wp-json\/wp\/v2\/posts\/30878634\/revisions"}],"predecessor-version":[{"id":30878639,"href":"https:\/\/www.upo.es\/diario\/wp-json\/wp\/v2\/posts\/30878634\/revisions\/30878639"}],"wp:featuredmedia":[{"embeddable":true,"href":"https:\/\/www.upo.es\/diario\/wp-json\/wp\/v2\/media\/30878635"}],"wp:attachment":[{"href":"https:\/\/www.upo.es\/diario\/wp-json\/wp\/v2\/media?parent=30878634"}],"wp:term":[{"taxonomy":"category","embeddable":true,"href":"https:\/\/www.upo.es\/diario\/wp-json\/wp\/v2\/categories?post=30878634"},{"taxonomy":"post_tag","embeddable":true,"href":"https:\/\/www.upo.es\/diario\/wp-json\/wp\/v2\/tags?post=30878634"}],"curies":[{"name":"wp","href":"https:\/\/api.w.org\/{rel}","templated":true}]}}