{"id":30878653,"date":"2023-05-31T15:06:45","date_gmt":"2023-05-31T13:06:45","guid":{"rendered":"https:\/\/www.upo.es\/diario\/?p=30878653"},"modified":"2023-06-05T12:04:15","modified_gmt":"2023-06-05T10:04:15","slug":"el-rector-de-la-upo-inaugura-el-vii-encuentro-andaluz-de-voluntariado-universitario-en-la-rabida","status":"publish","type":"post","link":"https:\/\/www.upo.es\/diario\/cultura-social\/2023\/05\/el-rector-de-la-upo-inaugura-el-vii-encuentro-andaluz-de-voluntariado-universitario-en-la-rabida\/","title":{"rendered":"El rector de la UPO inaugura el VII Encuentro Andaluz de Voluntariado Universitario en La R\u00e1bida"},"content":{"rendered":"<figure id=\"attachment_30878654\" aria-describedby=\"caption-attachment-30878654\" style=\"width: 700px\" class=\"wp-caption aligncenter\"><a href=\"https:\/\/www.upo.es\/diario\/wp-content\/uploads\/2023\/05\/imagen4_Voluntariado.jpg\"><img loading=\"lazy\" decoding=\"async\" class=\"size-large wp-image-30878654\" src=\"https:\/\/www.upo.es\/diario\/wp-content\/uploads\/2023\/05\/imagen4_Voluntariado-700x525.jpg\" alt=\"\" width=\"700\" height=\"525\" srcset=\"https:\/\/www.upo.es\/diario\/wp-content\/uploads\/2023\/05\/imagen4_Voluntariado-700x525.jpg 700w, https:\/\/www.upo.es\/diario\/wp-content\/uploads\/2023\/05\/imagen4_Voluntariado-420x315.jpg 420w, https:\/\/www.upo.es\/diario\/wp-content\/uploads\/2023\/05\/imagen4_Voluntariado-768x576.jpg 768w, https:\/\/www.upo.es\/diario\/wp-content\/uploads\/2023\/05\/imagen4_Voluntariado.jpg 1024w\" sizes=\"auto, (max-width: 700px) 100vw, 700px\" \/><\/a><figcaption id=\"caption-attachment-30878654\" class=\"wp-caption-text\">Jos\u00e9 Manuel Borrero, Francisco Oliva y V\u00edctor Garc\u00eda<\/figcaption><\/figure>\n<p>El rector de la Universidad Pablo de Olavide, <strong>Francisco Oliva Bl\u00e1zquez,<\/strong> junto con el vicerrector de Estudiantes y Relaciones con la Comunidad Universitaria de la Universidad Internacional de Andaluc\u00eda, <strong>V\u00edctor Garc\u00eda Morales<\/strong>, y el delegado territorial de la Consejer\u00eda de Inclusi\u00f3n Social, Juventud, Familias e Igualdad, <strong>Jos\u00e9 Manuel Borrero Barrero,<\/strong> ha inaugurado el <strong>VII Encuentro Andaluz de Voluntariado Universitario<\/strong> que se desarrolla hasta este jueves en la Sede Santa Mar\u00eda de La R\u00e1bida de la UNIA en Palos de la Frontera (Huelva). El objetivo de este foro, que se desarrolla con la financiaci\u00f3n de la Consejer\u00eda, es <strong>coordinar y trabajar en red con los servicios de voluntariado de todas las universidades p\u00fablicas andaluzas<\/strong>.<\/p>\n<p>La primera jornada ha contado con la conferencia inaugural por parte del vicerrector de Coordinaci\u00f3n y Agenda 2030 de la Universidad de Huelva, <strong>Juan Antonio M\u00e1rquez Dom\u00ednguez<\/strong>, que ha desarrollado \u2018Alianzas entre el tercer sector y la universidad y su aportaci\u00f3n a los ODS\u2019, moderado por la directora general de Inclusi\u00f3n y Pol\u00edticas Socioculturales de la Universidad Pablo de Olavide, <strong>Mar\u00eda Jos\u00e9 Parejo Guzm\u00e1n<\/strong>.<\/p>\n<p>A continuaci\u00f3n, se ha desarrollado la reuni\u00f3n de coordinaci\u00f3n entre responsables y profesionales de las universidades p\u00fablicas andaluzas y la Junta de Andaluc\u00eda en materia de voluntariado, que ha presentado el vicerrector de Cultura y Pol\u00edticas Sociales de la UPO, <strong>David Cobos Sanchiz<\/strong>, y la directora de la Sede de la UNIA, <strong>Mar\u00eda de La O Barroso Gonz\u00e1lez<\/strong>. El vicerrector ha expresado su satisfacci\u00f3n por recuperar los encuentros de voluntariado de forma presencial una vez superada la pandemia por Covid-19 \u201cdonde poder intercambiar buenas pr\u00e1cticas y establecer l\u00edneas de actuaci\u00f3n conjuntas que nos permitan avanzar en un modelo de voluntariado universitario cada vez m\u00e1s pegado a la realidad de las necesidades sociales actuales\u201d.<\/p>\n<p><a href=\"https:\/\/www.upo.es\/diario\/wp-content\/uploads\/2023\/05\/imagen6_Voluntariado.jpg\"><img loading=\"lazy\" decoding=\"async\" class=\"alignright size-medium wp-image-30878655\" src=\"https:\/\/www.upo.es\/diario\/wp-content\/uploads\/2023\/05\/imagen6_Voluntariado-420x262.jpg\" alt=\"\" width=\"420\" height=\"262\" srcset=\"https:\/\/www.upo.es\/diario\/wp-content\/uploads\/2023\/05\/imagen6_Voluntariado-420x262.jpg 420w, https:\/\/www.upo.es\/diario\/wp-content\/uploads\/2023\/05\/imagen6_Voluntariado-750x469.jpg 750w, https:\/\/www.upo.es\/diario\/wp-content\/uploads\/2023\/05\/imagen6_Voluntariado-768x480.jpg 768w, https:\/\/www.upo.es\/diario\/wp-content\/uploads\/2023\/05\/imagen6_Voluntariado.jpg 826w\" sizes=\"auto, (max-width: 420px) 100vw, 420px\" \/><\/a>El Encuentro contin\u00faa con la presentaci\u00f3n del \u00faltimo trabajo realizado desde el Observatorio Andaluz de Voluntariado Universitario, \u2018Perfiles y \u00e1mbitos de actuaci\u00f3n del voluntariado universitario andaluz\u2019, por parte de su investigador principal, <strong>Francisco Javier \u00c1lvarez Bonilla<\/strong>. En el mismo, se destaca el hecho de que el periodo de mayor dedicaci\u00f3n al voluntariado por parte del alumnado sea durante el desarrollo de los estudios de Grado y que elija para ello \u00e1mbitos relacionados.<\/p>\n<p>Adem\u00e1s, la <strong>Asociaci\u00f3n Juvenil Intercambia<\/strong>, dedicada al aprendizaje intercultural a trav\u00e9s de acciones del Programa Erasmus+, desarrollar\u00e1 un taller sobre el voluntariado internacional en las universidades a trav\u00e9s del Cuerpo Europeo de Solidaridad.<\/p>\n<p>Durante el jueves, la segunda jornada del Encuentro se centrar\u00e1 en la puesta en com\u00fan del trabajo entre el personal t\u00e9cnico de los servicios de voluntariado con el objetivo de exponer buenas pr\u00e1cticas para poder mejorar su calidad y el trabajo en red. Para ello, se propondr\u00e1n actividades conjuntas que llevar a cabo durante el pr\u00f3ximo curso 2023\/2024.<\/p>\n","protected":false},"excerpt":{"rendered":"<p>El rector de la Universidad Pablo de Olavide, Francisco Oliva Bl\u00e1zquez, junto con el vicerrector de Estudiantes y Relaciones con la Comunidad Universitaria de la Universidad Internacional de Andaluc\u00eda, V\u00edctor Garc\u00eda Morales, y el delegado territorial de la Consejer\u00eda de Inclusi\u00f3n Social, Juventud, Familias e Igualdad, Jos\u00e9 Manuel Borrero Barrero, ha inaugurado el VII Encuentro Andaluz de Voluntariado Universitario que se desarrolla hasta este jueves en la Sede Santa Mar\u00eda de La R\u00e1bida de la UNIA en Palos de la Frontera (Huelva).<\/p>\n","protected":false},"author":14,"featured_media":30878654,"comment_status":"closed","ping_status":"open","sticky":false,"template":"","format":"standard","meta":{"_monsterinsights_skip_tracking":false,"_monsterinsights_sitenote_active":false,"_monsterinsights_sitenote_note":"","_monsterinsights_sitenote_category":0,"footnotes":""},"categories":[5843],"tags":[8123,21,7381,1391,170,5488,86],"class_list":["post-30878653","post","type-post","status-publish","format-standard","has-post-thumbnail","hentry","category-cultura-social","tag-consejeria-de-inclusion-social","tag-estudiantes","tag-francisco-oliva","tag-observatorio-andaluz-de-voluntariado-universitario","tag-unia","tag-universidades-publicas-andaluzas","tag-voluntariado"],"_links":{"self":[{"href":"https:\/\/www.upo.es\/diario\/wp-json\/wp\/v2\/posts\/30878653","targetHints":{"allow":["GET"]}}],"collection":[{"href":"https:\/\/www.upo.es\/diario\/wp-json\/wp\/v2\/posts"}],"about":[{"href":"https:\/\/www.upo.es\/diario\/wp-json\/wp\/v2\/types\/post"}],"author":[{"embeddable":true,"href":"https:\/\/www.upo.es\/diario\/wp-json\/wp\/v2\/users\/14"}],"replies":[{"embeddable":true,"href":"https:\/\/www.upo.es\/diario\/wp-json\/wp\/v2\/comments?post=30878653"}],"version-history":[{"count":1,"href":"https:\/\/www.upo.es\/diario\/wp-json\/wp\/v2\/posts\/30878653\/revisions"}],"predecessor-version":[{"id":30878656,"href":"https:\/\/www.upo.es\/diario\/wp-json\/wp\/v2\/posts\/30878653\/revisions\/30878656"}],"wp:featuredmedia":[{"embeddable":true,"href":"https:\/\/www.upo.es\/diario\/wp-json\/wp\/v2\/media\/30878654"}],"wp:attachment":[{"href":"https:\/\/www.upo.es\/diario\/wp-json\/wp\/v2\/media?parent=30878653"}],"wp:term":[{"taxonomy":"category","embeddable":true,"href":"https:\/\/www.upo.es\/diario\/wp-json\/wp\/v2\/categories?post=30878653"},{"taxonomy":"post_tag","embeddable":true,"href":"https:\/\/www.upo.es\/diario\/wp-json\/wp\/v2\/tags?post=30878653"}],"curies":[{"name":"wp","href":"https:\/\/api.w.org\/{rel}","templated":true}]}}