{"id":30878673,"date":"2023-06-01T07:00:58","date_gmt":"2023-06-01T05:00:58","guid":{"rendered":"https:\/\/www.upo.es\/diario\/?p=30878673"},"modified":"2023-06-05T12:04:32","modified_gmt":"2023-06-05T10:04:32","slug":"la-upo-se-une-a-once-universidades-europeas-en-eurestra","status":"publish","type":"post","link":"https:\/\/www.upo.es\/diario\/institucional\/2023\/06\/la-upo-se-une-a-once-universidades-europeas-en-eurestra\/","title":{"rendered":"La UPO se une a once universidades europeas en EURESTRA"},"content":{"rendered":"<figure id=\"attachment_30878676\" aria-describedby=\"caption-attachment-30878676\" style=\"width: 750px\" class=\"wp-caption aligncenter\"><img loading=\"lazy\" decoding=\"async\" class=\"wp-image-30878676 size-large\" src=\"https:\/\/www.upo.es\/diario\/wp-content\/uploads\/2023\/05\/EURESTRA_University-Szczecin-e1685546192846-750x357.jpg\" alt=\"Responsables de las universidades de EURESTRA en la Universidad de Szczecin (Polonia)\" width=\"750\" height=\"357\" srcset=\"https:\/\/www.upo.es\/diario\/wp-content\/uploads\/2023\/05\/EURESTRA_University-Szczecin-e1685546192846-750x357.jpg 750w, https:\/\/www.upo.es\/diario\/wp-content\/uploads\/2023\/05\/EURESTRA_University-Szczecin-e1685546192846-420x200.jpg 420w, https:\/\/www.upo.es\/diario\/wp-content\/uploads\/2023\/05\/EURESTRA_University-Szczecin-e1685546192846-768x365.jpg 768w, https:\/\/www.upo.es\/diario\/wp-content\/uploads\/2023\/05\/EURESTRA_University-Szczecin-e1685546192846.jpg 866w\" sizes=\"auto, (max-width: 750px) 100vw, 750px\" \/><figcaption id=\"caption-attachment-30878676\" class=\"wp-caption-text\">Responsables de las universidades de EURESTRA en la Universidad de Szczecin (Polonia)<\/figcaption><\/figure>\n<p><strong>Doce instituciones de educaci\u00f3n superior de toda Europa han unido sus fuerzas<\/strong> para impulsar el Espacio Europeo de Educaci\u00f3n Superior e Investigaci\u00f3n gracias a un proyecto conjunto de actividades creativas e innovadoras, que trabaja por una transformaci\u00f3n responsable bajo un nuevo enfoque. En el futuro, cooperar\u00e1n en <a href=\"https:\/\/www.eurestra.com\"><strong>EURESTRA<\/strong><\/a><strong>, una Universidad Europea para la Transformaci\u00f3n Responsable <\/strong>(European University for Responsible Transformation).<\/p>\n<figure id=\"attachment_30878675\" aria-describedby=\"caption-attachment-30878675\" style=\"width: 284px\" class=\"wp-caption alignright\"><img loading=\"lazy\" decoding=\"async\" class=\"size-full wp-image-30878675\" src=\"https:\/\/www.upo.es\/diario\/wp-content\/uploads\/2023\/05\/EURESTRA_University-Sundsvall.jpg\" alt=\"Responsables de las universidades que forman EURESTRA en la Universidad Mid Sweden (Sundsvall, Suecia)\" width=\"284\" height=\"160\" \/><figcaption id=\"caption-attachment-30878675\" class=\"wp-caption-text\">Responsables de las universidades que forman EURESTRA en la Universidad Mid Sweden (Sundsvall, Suecia)<\/figcaption><\/figure>\n<p>EURESTRA est\u00e1 formada por doce universidades con capacidades de investigaci\u00f3n en todos los \u00e1mbitos y una visi\u00f3n compartida de la interrelaci\u00f3n de Europa y su responsabilidad en el mundo, especialmente en \u00c1frica, y conectadas por puntos fuertes complementarios y un historial probado de logros conjuntos, situadas en diez pa\u00edses diferentes de Europa Central, Oriental, Septentrional y Meridional, incluidos los Balcanes, as\u00ed como la regi\u00f3n ultraperif\u00e9rica europea de La Reuni\u00f3n. <strong>Forman EURESTRA:<\/strong><\/p>\n<ul>\n<li>Universidad de Bayreuth (Alemania)<\/li>\n<li>Universidad de Sarajevo (Bosnia y Herzegovina)<\/li>\n<li>Universidad Bordeaux Montaigne (Francia)<\/li>\n<li>Instituto de Estudios Pol\u00edticos de Burdeos (Francia)<\/li>\n<li>Universidad de La Reuni\u00f3n (Francia)<\/li>\n<li>Universidad de Econom\u00eda y Empresa de Atenas (Grecia)<\/li>\n<li>L&#8217;Orientale &#8211; Universidad de N\u00e1poles (Italia)<\/li>\n<li>Universidad de Szczecin (Polonia)<\/li>\n<li>Universidad de Tr\u00e1s-os-Montes e Alto Douro (Portugal)<\/li>\n<li>Universidad Mid Sweden (Suecia)<\/li>\n<li>Universidad Pablo de Olavide, de Sevilla<\/li>\n<li>Universidad de Hradec Kr\u00e1lov\u00e9 (Rep\u00fablica Checa)<\/li>\n<\/ul>\n<p>Gracias al bagaje acad\u00e9mico y la experiencia internacional en todo el mundo, EURESTRA aspira a una colaboraci\u00f3n global a trav\u00e9s de una red acad\u00e9mica mundial centrada en la innovaci\u00f3n y su impacto dentro de Europa y fuera de ella; fomentando la excelencia y el desarrollo conjunto de nuevas de capacidades con socios estrat\u00e9gicos y con el objetivo de atender al mismo tiempo a una gran diversidad de estudiantes de todas las edades, al personal, al profesorado y a entidades, empresas y grupos de inter\u00e9s.<\/p>\n<h3><strong>EURESTRA, hacia una transformaci\u00f3n responsable <\/strong><\/h3>\n<figure id=\"attachment_30878677\" aria-describedby=\"caption-attachment-30878677\" style=\"width: 420px\" class=\"wp-caption alignright\"><img loading=\"lazy\" decoding=\"async\" class=\"size-medium wp-image-30878677\" src=\"https:\/\/www.upo.es\/diario\/wp-content\/uploads\/2023\/05\/eurestra_bancoimagen-420x280.jpg\" alt=\"Symbolfoto \u00a9 UBT\/Andi Weiland\" width=\"420\" height=\"280\" srcset=\"https:\/\/www.upo.es\/diario\/wp-content\/uploads\/2023\/05\/eurestra_bancoimagen-420x280.jpg 420w, https:\/\/www.upo.es\/diario\/wp-content\/uploads\/2023\/05\/eurestra_bancoimagen-750x500.jpg 750w, https:\/\/www.upo.es\/diario\/wp-content\/uploads\/2023\/05\/eurestra_bancoimagen-768x512.jpg 768w, https:\/\/www.upo.es\/diario\/wp-content\/uploads\/2023\/05\/eurestra_bancoimagen-165x109.jpg 165w, https:\/\/www.upo.es\/diario\/wp-content\/uploads\/2023\/05\/eurestra_bancoimagen.jpg 856w\" sizes=\"auto, (max-width: 420px) 100vw, 420px\" \/><figcaption id=\"caption-attachment-30878677\" class=\"wp-caption-text\">Symbolfoto \u00a9 UBT\/Andi Weiland<\/figcaption><\/figure>\n<p>La transformaci\u00f3n responsable en la ense\u00f1anza superior europea requiere la formaci\u00f3n de estudiantes, de personal y del profesorado, as\u00ed como de los campus y de la sociedad en general. Implica m\u00faltiples conceptos, actividades y procesos y comprende, en particular, los siguientes \u00e1mbitos de compromiso transformador en la educaci\u00f3n superior: <strong>la responsabilidad social de las universidades acorde con el concepto de IHES<\/strong> (<em>Internationalisation in Higher Education for Society<\/em>), que a\u00fana la internacionalizaci\u00f3n con su compromiso social (SMU, <em>Social Mission of Universities<\/em>), as\u00ed como <strong>la transici\u00f3n ecol\u00f3gica y la transformaci\u00f3n digital<\/strong> de la educaci\u00f3n superior, y de las sociedades en las que se insertan, en un <strong>nuevo marco \u00e9tico de multidimensionalidad hist\u00f3rica y cultural<\/strong>, que incluye el desarrollo responsable de la educaci\u00f3n superior.<\/p>\n<p>EURESTRA ve necesaria una transformaci\u00f3n global y propone un foro para el cambio responsable en Europa. De este modo, quiere crear una plataforma de educaci\u00f3n superior que facilite el intercambio a trav\u00e9s de fronteras y continentes. EURESTRA pretende ofrecer una perspectiva global sobre la interrelaci\u00f3n de Europa con el mundo, especialmente con \u00c1frica, en el contexto de las desafiantes transformaciones globales. Los doce socios desarrollar\u00e1n programas interdisciplinares conjuntos, y con instituciones de educaci\u00f3n superior de todo el mundo, en nuevos formatos, con enfoques pedag\u00f3gicos innovadores y metodolog\u00edas pioneras en educaci\u00f3n e investigaci\u00f3n. Todas estas actividades responder\u00e1n a la <strong>creciente demanda de sostenibilidad, centr\u00e1ndose en la diversidad y la inclusi\u00f3n<\/strong>.<\/p>\n<p>Las doce universidades que componen EURESTRA est\u00e1n ya conectadas a trav\u00e9s de programas y actividades, como los m\u00e1steres conjuntos <em>Erasmus Mundus<\/em>, los doctorados y los programas de doble titulaci\u00f3n, programas intensivos semipresenciales y la movilidad de sus estudiantes y de su personal t\u00e9cnico y de administraci\u00f3n y servicios.<\/p>\n<h3><a href=\"https:\/\/www.eurestra.com\/\">www.eurestra.com <\/a><\/h3>\n<p>English Press Release: <a href=\"https:\/\/www.upo.es\/diario\/english\/2023\/06\/university-pablo-de-olavide-cooperates-with-11-european-universities-in-eurestra\/\">University Pablo de Olavide cooperates with 11 European universities in EURESTRA<\/a><\/p>\n","protected":false},"excerpt":{"rendered":"<p>Doce instituciones de educaci\u00f3n superior de toda Europa han unido sus fuerzas para impulsar el Espacio Europeo de Educaci\u00f3n Superior e Investigaci\u00f3n gracias a un proyecto conjunto de actividades creativas e innovadoras, que trabaja por una transformaci\u00f3n responsable bajo un nuevo enfoque. En el futuro, cooperar\u00e1n en EURESTRA, una Universidad Europea para la Transformaci\u00f3n Responsable (European University for Responsible Transformation).<\/p>\n","protected":false},"author":6,"featured_media":30878680,"comment_status":"closed","ping_status":"open","sticky":false,"template":"","format":"standard","meta":{"_monsterinsights_skip_tracking":false,"_monsterinsights_sitenote_active":false,"_monsterinsights_sitenote_note":"","_monsterinsights_sitenote_category":0,"footnotes":""},"categories":[6],"tags":[7703,2134,1473,8453,454,925,832,2493,68,39],"class_list":["post-30878673","post","type-post","status-publish","format-standard","has-post-thumbnail","hentry","category-institucional","tag-alianza-de-universidades-europeas","tag-digitalizacion","tag-espacio-europeo-de-educacion-superior","tag-eurestra","tag-europa","tag-internacionalizacion","tag-sostenibilidad","tag-transformacion-social","tag-union-europea","tag-universidades"],"_links":{"self":[{"href":"https:\/\/www.upo.es\/diario\/wp-json\/wp\/v2\/posts\/30878673","targetHints":{"allow":["GET"]}}],"collection":[{"href":"https:\/\/www.upo.es\/diario\/wp-json\/wp\/v2\/posts"}],"about":[{"href":"https:\/\/www.upo.es\/diario\/wp-json\/wp\/v2\/types\/post"}],"author":[{"embeddable":true,"href":"https:\/\/www.upo.es\/diario\/wp-json\/wp\/v2\/users\/6"}],"replies":[{"embeddable":true,"href":"https:\/\/www.upo.es\/diario\/wp-json\/wp\/v2\/comments?post=30878673"}],"version-history":[{"count":6,"href":"https:\/\/www.upo.es\/diario\/wp-json\/wp\/v2\/posts\/30878673\/revisions"}],"predecessor-version":[{"id":30878683,"href":"https:\/\/www.upo.es\/diario\/wp-json\/wp\/v2\/posts\/30878673\/revisions\/30878683"}],"wp:featuredmedia":[{"embeddable":true,"href":"https:\/\/www.upo.es\/diario\/wp-json\/wp\/v2\/media\/30878680"}],"wp:attachment":[{"href":"https:\/\/www.upo.es\/diario\/wp-json\/wp\/v2\/media?parent=30878673"}],"wp:term":[{"taxonomy":"category","embeddable":true,"href":"https:\/\/www.upo.es\/diario\/wp-json\/wp\/v2\/categories?post=30878673"},{"taxonomy":"post_tag","embeddable":true,"href":"https:\/\/www.upo.es\/diario\/wp-json\/wp\/v2\/tags?post=30878673"}],"curies":[{"name":"wp","href":"https:\/\/api.w.org\/{rel}","templated":true}]}}