{"id":30878695,"date":"2023-06-01T12:07:32","date_gmt":"2023-06-01T10:07:32","guid":{"rendered":"https:\/\/www.upo.es\/diario\/?p=30878695"},"modified":"2023-06-02T10:13:26","modified_gmt":"2023-06-02T08:13:26","slug":"la-universidad-pablo-de-olavide-acoge-el-i-congreso-sobre-el-impacto-del-internet-de-las-cosas","status":"publish","type":"post","link":"https:\/\/www.upo.es\/diario\/docencia-formacion\/2023\/06\/la-universidad-pablo-de-olavide-acoge-el-i-congreso-sobre-el-impacto-del-internet-de-las-cosas\/","title":{"rendered":"La Universidad Pablo de Olavide acoge el I Congreso sobre el impacto del internet de las cosas"},"content":{"rendered":"<figure id=\"attachment_30878696\" aria-describedby=\"caption-attachment-30878696\" style=\"width: 750px\" class=\"wp-caption aligncenter\"><a href=\"https:\/\/www.upo.es\/diario\/wp-content\/uploads\/2023\/06\/imagen4_IOT.jpg\"><img loading=\"lazy\" decoding=\"async\" class=\"size-large wp-image-30878696\" src=\"https:\/\/www.upo.es\/diario\/wp-content\/uploads\/2023\/06\/imagen4_IOT-750x472.jpg\" alt=\"\" width=\"750\" height=\"472\" srcset=\"https:\/\/www.upo.es\/diario\/wp-content\/uploads\/2023\/06\/imagen4_IOT-750x472.jpg 750w, https:\/\/www.upo.es\/diario\/wp-content\/uploads\/2023\/06\/imagen4_IOT-420x264.jpg 420w, https:\/\/www.upo.es\/diario\/wp-content\/uploads\/2023\/06\/imagen4_IOT-768x484.jpg 768w, https:\/\/www.upo.es\/diario\/wp-content\/uploads\/2023\/06\/imagen4_IOT.jpg 1191w\" sizes=\"auto, (max-width: 750px) 100vw, 750px\" \/><\/a><figcaption id=\"caption-attachment-30878696\" class=\"wp-caption-text\">&#8216;El impacto del internet de las cosas sobre la ciudadan\u00eda&#8217; en la sede Olavide en Sevilla &#8211; Centro<\/figcaption><\/figure>\n<p>La Universidad Pablo de Olavide acoge el <a href=\"https:\/\/eventos.upo.es\/96349\/detail\/primer-congreso-internacional-el-impacto-del-internet-de-las-cosas-sobre-la-ciudadania-europea-una-.html\">I Congreso Internacional \u2018El impacto del Internet de las Cosas sobre la Ciudadan\u00eda Europea. Una perspectiva interdisciplinar\u2019<\/a> en el marco del proyecto de investigaci\u00f3n FEDER de la UPO que dirige <strong>Rafael Rodr\u00edguez Prieto<\/strong>, del \u00c1rea de Filosof\u00eda del Derecho y Pol\u00edtica.<\/p>\n<p>Seg\u00fan explica el profesor, el internet de las cosas, como desaf\u00edo a la privacidad u otros derechos fundamentales, \u201cimplica un riesgo y amenaza a determinadas cuestiones que parec\u00edan superadas como la separaci\u00f3n de las esferas p\u00fablica y privada o el derecho de libertad de conciencia. Al mismo tiempo, se trata de una tecnolog\u00eda que es muy \u00fatil para mejorar la vida de las personas y contribuir al desarrollo econ\u00f3mico, cient\u00edfico y social\u201d.<\/p>\n<p>Este congreso se ha planteado como una contribuci\u00f3n interdisciplinar a estas cuestiones, tanto de car\u00e1cter cr\u00edtico como positivo: \u201cAl afectar a conceptos o principios asentados en la idea tradicional de ciudadan\u00eda democr\u00e1tica, esta tecnolog\u00eda, como el entramado de chips, sensores y aparatos electr\u00f3nicos que permiten la interconexi\u00f3n entre diferentes dispositivos de uso diario y la informaci\u00f3n generada, es un reto que debemos enfrentar con el fin de reforzar y salvaguardar libertades p\u00fablicas, pues supone un salto cualitativo y cuantitativo respecto al internet actual\u201d, ha se\u00f1alado Rafael Rodr\u00edguez.<\/p>\n<p>La conferencia inaugural del catedr\u00e1tico de Derecho Internacional y Relaciones Internacionales de la Universidad de Sevilla, <strong>Pablo Antonio Fern\u00e1ndez S\u00e1nchez<\/strong>, ha dado paso a la primera mesa sobre los conflictos y retos del internet de las cosas, donde se han planteado cuestiones como el sesgo de g\u00e9nero y la libertad religiosa en este \u00e1mbito o la plusval\u00eda virtual de la inteligencia artificial. La segunda mesa, que culmina con lectura de comunicaciones, plantea cuestiones como bio\u00e9tica y conflictos armados.<\/p>\n<p>La segunda y tercera sesiones abordan servicios p\u00fablicos, capitalismo de plataforma y la infraestructura de internet. Ya el viernes, se tratar\u00e1 los elementos sociopol\u00edticos y las clases sociales para concluir con la conferencia de clausura que pronunciar\u00e1 el ingeniero de Sistemas de la Universidad de los Andes e IMDEA Networks Institute <strong>Jos\u00e9 Lisandro Aguilar Castro<\/strong>.<\/p>\n<p>El congreso ha sido financiado por el Fondo Europeo de Desarrollo Regional y la Junta de Andaluc\u00eda en el marco del programa operativo FEDER Andaluc\u00eda 2014-2020 con la colaboraci\u00f3n del \u00c1rea de Filosof\u00eda del Derecho de la Universidad Pablo de Olavide.<\/p>\n<p>&nbsp;<\/p>\n","protected":false},"excerpt":{"rendered":"<p>La Universidad Pablo de Olavide acoge el I Congreso Internacional \u2018El impacto del Internet de las Cosas sobre la Ciudadan\u00eda Europea. Una perspectiva interdisciplinar\u2019 en el marco del proyecto de investigaci\u00f3n FEDER de la UPO que dirige Rafael Rodr\u00edguez Prieto, del \u00c1rea de Filosof\u00eda del Derecho y Pol\u00edtica.<\/p>\n","protected":false},"author":14,"featured_media":30878696,"comment_status":"closed","ping_status":"open","sticky":false,"template":"","format":"standard","meta":{"_monsterinsights_skip_tracking":false,"_monsterinsights_sitenote_active":false,"_monsterinsights_sitenote_note":"","_monsterinsights_sitenote_category":0,"footnotes":""},"categories":[2779],"tags":[4950,458,354,2446,3455,5355,1224],"class_list":["post-30878695","post","type-post","status-publish","format-standard","has-post-thumbnail","hentry","category-docencia-formacion","tag-area-de-filosofia-del-derecho","tag-ciudadania","tag-congreso","tag-internet-de-las-cosas","tag-rafael-rodriguez-prieto","tag-sede-olavide-en-sevilla-centro","tag-tecnologia"],"_links":{"self":[{"href":"https:\/\/www.upo.es\/diario\/wp-json\/wp\/v2\/posts\/30878695","targetHints":{"allow":["GET"]}}],"collection":[{"href":"https:\/\/www.upo.es\/diario\/wp-json\/wp\/v2\/posts"}],"about":[{"href":"https:\/\/www.upo.es\/diario\/wp-json\/wp\/v2\/types\/post"}],"author":[{"embeddable":true,"href":"https:\/\/www.upo.es\/diario\/wp-json\/wp\/v2\/users\/14"}],"replies":[{"embeddable":true,"href":"https:\/\/www.upo.es\/diario\/wp-json\/wp\/v2\/comments?post=30878695"}],"version-history":[{"count":1,"href":"https:\/\/www.upo.es\/diario\/wp-json\/wp\/v2\/posts\/30878695\/revisions"}],"predecessor-version":[{"id":30878697,"href":"https:\/\/www.upo.es\/diario\/wp-json\/wp\/v2\/posts\/30878695\/revisions\/30878697"}],"wp:featuredmedia":[{"embeddable":true,"href":"https:\/\/www.upo.es\/diario\/wp-json\/wp\/v2\/media\/30878696"}],"wp:attachment":[{"href":"https:\/\/www.upo.es\/diario\/wp-json\/wp\/v2\/media?parent=30878695"}],"wp:term":[{"taxonomy":"category","embeddable":true,"href":"https:\/\/www.upo.es\/diario\/wp-json\/wp\/v2\/categories?post=30878695"},{"taxonomy":"post_tag","embeddable":true,"href":"https:\/\/www.upo.es\/diario\/wp-json\/wp\/v2\/tags?post=30878695"}],"curies":[{"name":"wp","href":"https:\/\/api.w.org\/{rel}","templated":true}]}}