{"id":30878699,"date":"2023-06-02T11:18:31","date_gmt":"2023-06-02T09:18:31","guid":{"rendered":"https:\/\/www.upo.es\/diario\/?p=30878699"},"modified":"2023-06-02T15:46:25","modified_gmt":"2023-06-02T13:46:25","slug":"fernandez-pacheco-apadrina-a-la-primera-promocion-del-doble-grado-en-ciencias-ambientales-y-geografia-e-historia-de-la-upo","status":"publish","type":"post","link":"https:\/\/www.upo.es\/diario\/comunidad\/2023\/06\/fernandez-pacheco-apadrina-a-la-primera-promocion-del-doble-grado-en-ciencias-ambientales-y-geografia-e-historia-de-la-upo\/","title":{"rendered":"Fern\u00e1ndez-Pacheco apadrina a la primera promoci\u00f3n del Doble Grado en Ciencias Ambientales y Geograf\u00eda e Historia de la UPO"},"content":{"rendered":"<p><a href=\"https:\/\/www.upo.es\/diario\/wp-content\/uploads\/2023\/06\/egresados.jpg\"><img loading=\"lazy\" decoding=\"async\" class=\"aligncenter size-large wp-image-30878723\" src=\"https:\/\/www.upo.es\/diario\/wp-content\/uploads\/2023\/06\/egresados-750x499.jpg\" alt=\"\" width=\"750\" height=\"499\" srcset=\"https:\/\/www.upo.es\/diario\/wp-content\/uploads\/2023\/06\/egresados-750x499.jpg 750w, https:\/\/www.upo.es\/diario\/wp-content\/uploads\/2023\/06\/egresados-420x279.jpg 420w, https:\/\/www.upo.es\/diario\/wp-content\/uploads\/2023\/06\/egresados-768x511.jpg 768w, https:\/\/www.upo.es\/diario\/wp-content\/uploads\/2023\/06\/egresados-1536x1022.jpg 1536w, https:\/\/www.upo.es\/diario\/wp-content\/uploads\/2023\/06\/egresados-2048x1362.jpg 2048w, https:\/\/www.upo.es\/diario\/wp-content\/uploads\/2023\/06\/egresados-165x109.jpg 165w, https:\/\/www.upo.es\/diario\/wp-content\/uploads\/2023\/06\/egresados-1320x878.jpg 1320w\" sizes=\"auto, (max-width: 750px) 100vw, 750px\" \/><\/a><\/p>\n<p>El rector de la Universidad Pablo de Olavide Francisco Oliva Bl\u00e1zquez ha presidido la ceremonia de graduaci\u00f3n de la primera promoci\u00f3n (2018\/23) del Doble Grado en Ciencias Ambientales y Geograf\u00eda e Historia y la promoci\u00f3n 2019\/23 del Grado en Ciencias Ambientales que se celebr\u00f3 ayer jueves en el Paraninfo de la UPO. El padrino de las promociones ha sido el consejero de Sostenibilidad, Medio Ambiente y Econom\u00eda Azul y portavoz del Gobierno, Ram\u00f3n Fern\u00e1ndez-Pacheco, que ha destacado durante su intervenci\u00f3n la importancia de los ambient\u00f3logos en la lucha contra el cambio clim\u00e1tico.<\/p>\n<figure id=\"attachment_30878726\" aria-describedby=\"caption-attachment-30878726\" style=\"width: 420px\" class=\"wp-caption alignright\"><a href=\"https:\/\/www.upo.es\/diario\/wp-content\/uploads\/2023\/06\/padrino.jpg\"><img loading=\"lazy\" decoding=\"async\" class=\"wp-image-30878726 size-medium\" src=\"https:\/\/www.upo.es\/diario\/wp-content\/uploads\/2023\/06\/padrino-420x279.jpg\" alt=\"\" width=\"420\" height=\"279\" srcset=\"https:\/\/www.upo.es\/diario\/wp-content\/uploads\/2023\/06\/padrino-420x279.jpg 420w, https:\/\/www.upo.es\/diario\/wp-content\/uploads\/2023\/06\/padrino-750x499.jpg 750w, https:\/\/www.upo.es\/diario\/wp-content\/uploads\/2023\/06\/padrino-768x511.jpg 768w, https:\/\/www.upo.es\/diario\/wp-content\/uploads\/2023\/06\/padrino-1536x1022.jpg 1536w, https:\/\/www.upo.es\/diario\/wp-content\/uploads\/2023\/06\/padrino-2048x1362.jpg 2048w, https:\/\/www.upo.es\/diario\/wp-content\/uploads\/2023\/06\/padrino-165x109.jpg 165w, https:\/\/www.upo.es\/diario\/wp-content\/uploads\/2023\/06\/padrino-1320x878.jpg 1320w\" sizes=\"auto, (max-width: 420px) 100vw, 420px\" \/><\/a><figcaption id=\"caption-attachment-30878726\" class=\"wp-caption-text\">El consejero de Sostenibilidad, Medio Ambiente y Econom\u00eda Azul Ram\u00f3n Fern\u00e1ndez-Pacheco, padrino de las promociones<\/figcaption><\/figure>\n<p>A la ceremonia tambi\u00e9n han asistido las decanas de las Facultades de Ciencias Experimentales y de Humanidades, Pilar Ortiz y Rosario Soldevila, respectivamente; la presidenta del Consejo Social, Roc\u00edo Reinoso y los invitados de honor, los profesores de la UPO Ildefonso P\u00e9rez del \u00c1rea de Ingenier\u00eda Qu\u00edmica y Silvia P\u00e9rez del \u00c1rea de Historia Medieval.<\/p>\n<p>En representaci\u00f3n del alumnado egresado, han pronunciado los discursos Macarena Santos C\u00e1rdena y Bel\u00e9n Valera Ortega del Doble Grado en Ciencias Ambientales y Geograf\u00eda e Historia y Marina Cid Monje y Carmen Giner Vargas del Grado en Ciencias Ambientales. Un total de 75 egresados y egresadas han asistido, junto a sus familiares, a este acto con el que la Universidad Pablo de Olavide recupera una antigua tradici\u00f3n de las universidades europeas.<\/p>\n<p>El <strong>doble grado en Ciencias Ambientales y Geograf\u00eda e Historia<\/strong>, que comenz\u00f3 a impartirse en el curso 2018\/19, permite a sus graduados adquirir las competencias de ambos t\u00edtulos y obtener simult\u00e1neamente los t\u00edtulos en <strong>Ciencias Ambientales<\/strong> y en <strong>Geograf\u00eda e Historia<\/strong> con una duraci\u00f3n de 5 a\u00f1os.<\/p>\n<p>Este nuevo doble grado viene a llenar un hueco en la educaci\u00f3n superior en Andaluc\u00eda al ofrecer por primera vez a los estudiantes la posibilidad de recibir de forma simult\u00e1nea una formaci\u00f3n human\u00edstica y cient\u00edfica s\u00f3lida, multiplicando sus opciones de inserci\u00f3n profesional y contribuyendo al avance de la ciencia, que cada vez demanda m\u00e1s perfiles multidisciplinares.<\/p>\n<p>Las competencias de ambos t\u00edtulos unificados facilitan a los egresados un amplio abanico de salidas profesionales tales como consultor\u00eda y evaluaci\u00f3n de impacto ambiental; gesti\u00f3n ambiental y ordenaci\u00f3n del territorio en la administraci\u00f3n; sistemas de gesti\u00f3n de calidad ambiental en empresas y organizaciones; sistemas de informaci\u00f3n geogr\u00e1fica en empresas e instituciones; gesti\u00f3n del medio natural y del patrimonio, turismo cultural y natural; tecnolog\u00eda ambiental industrial; arqueolog\u00eda.<\/p>\n<p>Para las <strong>Facultades de Ciencias Experimentales y de Humanidades<\/strong> de la Universidad Pablo de Olavide este doble grado supone una oportunidad \u00fanica para demostrar que no solo la tradicional divisi\u00f3n entre \u201cCiencias\u201d y \u201cLetras\u201d est\u00e1 obsoleta y desfasada, sino que la complejidad del mundo contempor\u00e1neo exige y hace imprescindible contar con profesionales capacitados para abordar los problemas desde diferentes enfoques<\/p>\n","protected":false},"excerpt":{"rendered":"<p>El rector de la Universidad Pablo de Olavide Francisco Oliva Bl\u00e1zquez ha presidido la ceremonia de graduaci\u00f3n de la primera promoci\u00f3n (2018\/23) del Doble Grado en Ciencias Ambientales y Geograf\u00eda e Historia y la promoci\u00f3n 2019\/23 del Grado en Ciencias Ambientales que se ha celebrado en el Paraninfo de la UPO. El padrino de las promociones ha sido el consejero de Sostenibilidad, Medio Ambiente y Econom\u00eda Azul y portavoz del Gobierno, Ram\u00f3n Fern\u00e1ndez-Pacheco, que ha destacado durante su intervenci\u00f3n la importancia de los ambient\u00f3logos en la lucha contra el cambio clim\u00e1tico.<\/p>\n","protected":false},"author":4,"featured_media":30878722,"comment_status":"closed","ping_status":"open","sticky":false,"template":"","format":"standard","meta":{"_monsterinsights_skip_tracking":false,"_monsterinsights_sitenote_active":false,"_monsterinsights_sitenote_note":"","_monsterinsights_sitenote_category":0,"footnotes":""},"categories":[5842],"tags":[581,8457,8456,122,96,1654],"class_list":["post-30878699","post","type-post","status-publish","format-standard","has-post-thumbnail","hentry","category-comunidad","tag-ceremonia-de-egresados","tag-consejero-de-sostenibilidad","tag-doble-grado-en-ciencias-ambientales-y-geografia-e-historia","tag-facultad-ciencias-experimentales","tag-facultad-de-humanidades","tag-grado-en-ciencias-ambientales"],"_links":{"self":[{"href":"https:\/\/www.upo.es\/diario\/wp-json\/wp\/v2\/posts\/30878699","targetHints":{"allow":["GET"]}}],"collection":[{"href":"https:\/\/www.upo.es\/diario\/wp-json\/wp\/v2\/posts"}],"about":[{"href":"https:\/\/www.upo.es\/diario\/wp-json\/wp\/v2\/types\/post"}],"author":[{"embeddable":true,"href":"https:\/\/www.upo.es\/diario\/wp-json\/wp\/v2\/users\/4"}],"replies":[{"embeddable":true,"href":"https:\/\/www.upo.es\/diario\/wp-json\/wp\/v2\/comments?post=30878699"}],"version-history":[{"count":5,"href":"https:\/\/www.upo.es\/diario\/wp-json\/wp\/v2\/posts\/30878699\/revisions"}],"predecessor-version":[{"id":30878728,"href":"https:\/\/www.upo.es\/diario\/wp-json\/wp\/v2\/posts\/30878699\/revisions\/30878728"}],"wp:featuredmedia":[{"embeddable":true,"href":"https:\/\/www.upo.es\/diario\/wp-json\/wp\/v2\/media\/30878722"}],"wp:attachment":[{"href":"https:\/\/www.upo.es\/diario\/wp-json\/wp\/v2\/media?parent=30878699"}],"wp:term":[{"taxonomy":"category","embeddable":true,"href":"https:\/\/www.upo.es\/diario\/wp-json\/wp\/v2\/categories?post=30878699"},{"taxonomy":"post_tag","embeddable":true,"href":"https:\/\/www.upo.es\/diario\/wp-json\/wp\/v2\/tags?post=30878699"}],"curies":[{"name":"wp","href":"https:\/\/api.w.org\/{rel}","templated":true}]}}