{"id":30878705,"date":"2023-06-02T12:30:39","date_gmt":"2023-06-02T10:30:39","guid":{"rendered":"https:\/\/www.upo.es\/diario\/?p=30878705"},"modified":"2023-06-05T13:53:21","modified_gmt":"2023-06-05T11:53:21","slug":"la-upo-y-compania-danza-mobile-firman-un-convenio-para-el-desarrollo-de-actividades-culturales-inclusivas","status":"publish","type":"post","link":"https:\/\/www.upo.es\/diario\/institucional\/2023\/06\/la-upo-y-compania-danza-mobile-firman-un-convenio-para-el-desarrollo-de-actividades-culturales-inclusivas\/","title":{"rendered":"La UPO y Compa\u00f1\u00eda Danza Mobile firman un convenio para el desarrollo de actividades culturales inclusivas"},"content":{"rendered":"<figure id=\"attachment_30878708\" aria-describedby=\"caption-attachment-30878708\" style=\"width: 750px\" class=\"wp-caption aligncenter\"><a href=\"https:\/\/www.upo.es\/diario\/wp-content\/uploads\/2023\/06\/Conve-UPO-DanazaMobile-3-scaled.jpg\"><img loading=\"lazy\" decoding=\"async\" class=\"size-large wp-image-30878708\" src=\"https:\/\/www.upo.es\/diario\/wp-content\/uploads\/2023\/06\/Conve-UPO-DanazaMobile-3-750x422.jpg\" alt=\"\" width=\"750\" height=\"422\" srcset=\"https:\/\/www.upo.es\/diario\/wp-content\/uploads\/2023\/06\/Conve-UPO-DanazaMobile-3-750x422.jpg 750w, https:\/\/www.upo.es\/diario\/wp-content\/uploads\/2023\/06\/Conve-UPO-DanazaMobile-3-420x236.jpg 420w, https:\/\/www.upo.es\/diario\/wp-content\/uploads\/2023\/06\/Conve-UPO-DanazaMobile-3-768x432.jpg 768w, https:\/\/www.upo.es\/diario\/wp-content\/uploads\/2023\/06\/Conve-UPO-DanazaMobile-3-1536x864.jpg 1536w, https:\/\/www.upo.es\/diario\/wp-content\/uploads\/2023\/06\/Conve-UPO-DanazaMobile-3-2048x1152.jpg 2048w\" sizes=\"auto, (max-width: 750px) 100vw, 750px\" \/><\/a><figcaption id=\"caption-attachment-30878708\" class=\"wp-caption-text\">Mar\u00eda Jos\u00e9 Parejo, Francisco Oliva, Esmeralda Valderrama y Fernando Coronado<\/figcaption><\/figure>\n<p>El rector de la Universidad Pablo de Olavide, <strong>Francisco Oliva Bl\u00e1zquez<\/strong>, y la presidenta de la Asociaci\u00f3n Compa\u00f1\u00eda Danza Mobile, <strong>Esmeralda Valderrama Vega<\/strong>, han firmado un protocolo de colaboraci\u00f3n para la <strong>puesta en marcha y desarrollo de actividades culturales de tipo inclusivo<\/strong> en los \u00e1mbitos de ambas entidades.<\/p>\n<p>Francisco Oliva ha destacado el inter\u00e9s de la UPO en las pol\u00edticas de inclusi\u00f3n como uno de sus ejes fundamentales: \u201cAhora son pol\u00edticas activas de la Universidad y, en este sentido, hay un movimiento importante en el sector universitario en favor de pol\u00edticas activas. La Universidad Pablo de Olavide es una instituci\u00f3n pionera en este \u00e1mbito y, en el caso concreto de nuestro Vicerrectorado, se unen Cultura y Pol\u00edticas Sociales en beneficio mutuo\u201d.<\/p>\n<p>Por su parte, Esmeralda Valderrama ha se\u00f1alado la importancia de que las entidades y empresas consideren en sus instalaciones \u201cel hecho de que artistas con discapacidad se puedan subir a un escenario. No se contempla nunca que haya un artista con discapacidad f\u00edsica, como no hay camerinos o servicios adaptados\u201d, entre las dificultades con las que se encuentra en el trabajo que desarrolla con su compa\u00f1\u00eda.<\/p>\n<p>Al acto de firma, han asistido tambi\u00e9n la directora genera de Inclusi\u00f3n y Pol\u00edticas Socioculturales de la Universidad Pablo de Olavide, <strong>Mar\u00eda Jos\u00e9 Parejo Guzm\u00e1n<\/strong>, y el coordinador general de la Asociaci\u00f3n Compa\u00f1\u00eda Danza Mobile, <strong>Fernando Coronado<\/strong>.<\/p>\n<p><a href=\"https:\/\/www.upo.es\/diario\/wp-content\/uploads\/2023\/06\/Conve-UPO-DanazaMobile-4-scaled.jpg\"><img loading=\"lazy\" decoding=\"async\" class=\"alignright size-medium wp-image-30878709\" src=\"https:\/\/www.upo.es\/diario\/wp-content\/uploads\/2023\/06\/Conve-UPO-DanazaMobile-4-420x236.jpg\" alt=\"\" width=\"420\" height=\"236\" srcset=\"https:\/\/www.upo.es\/diario\/wp-content\/uploads\/2023\/06\/Conve-UPO-DanazaMobile-4-420x236.jpg 420w, https:\/\/www.upo.es\/diario\/wp-content\/uploads\/2023\/06\/Conve-UPO-DanazaMobile-4-750x422.jpg 750w, https:\/\/www.upo.es\/diario\/wp-content\/uploads\/2023\/06\/Conve-UPO-DanazaMobile-4-768x432.jpg 768w, https:\/\/www.upo.es\/diario\/wp-content\/uploads\/2023\/06\/Conve-UPO-DanazaMobile-4-1536x864.jpg 1536w, https:\/\/www.upo.es\/diario\/wp-content\/uploads\/2023\/06\/Conve-UPO-DanazaMobile-4-2048x1152.jpg 2048w, https:\/\/www.upo.es\/diario\/wp-content\/uploads\/2023\/06\/Conve-UPO-DanazaMobile-4-1320x743.jpg 1320w\" sizes=\"auto, (max-width: 420px) 100vw, 420px\" \/><\/a>Con la firma de este documento, la UPO y la Compa\u00f1\u00eda Danza Mobile suscriben un acuerdo para la celebraci\u00f3n de actividades formativas de tipo acad\u00e9mico, cient\u00edfico, t\u00e9cnico y de investigaci\u00f3n en materias de inter\u00e9s mutuo, as\u00ed como actividades pr\u00e1cticas dirigidas a estudiantes de la Universidad. Para ello, se firmar\u00e1n posteriores convenios espec\u00edficos que definir\u00e1n y seleccionar\u00e1n las actividades. El protocolo tiene una vigencia inicial de cuatro a\u00f1os.<\/p>\n<h3><strong>Sobre Compa\u00f1\u00eda Danza Mobile<\/strong><\/h3>\n<p>Desde sus inicios en 1996, la Asociaci\u00f3n Compa\u00f1\u00eda Danza Mobile se ha dedicado al <strong>desarrollo integral de las personas con discapacidad a trav\u00e9s de las distintas vertientes del arte<\/strong> desde la visi\u00f3n de seguir trabajando para consolidar puentes entre el mundo de la discapacidad y el de la cultura. En estos a\u00f1os, Danza Mobile se ha convertido en un proyecto integral y transversal con l\u00edneas de trabajo relacionadas con la participaci\u00f3n social, la formaci\u00f3n, la creaci\u00f3n art\u00edstica y la gesti\u00f3n cultural.<\/p>\n<p>Su primer proyecto de muchos, la escuela de danza, fue una apuesta para que personas con discapacidad pudieran disfrutar de la pr\u00e1ctica de una actividad de ocio como herramienta de expresi\u00f3n y de comunicaci\u00f3n. Ahora, la asociaci\u00f3n tiene la calificaci\u00f3n de Centro Especial de Empleo por parte de la Junta de Andaluc\u00eda.<\/p>\n<p>Este a\u00f1o 2023, la entidad ha recibido el <strong>premio Andaluc\u00eda + Social<\/strong> en la provincia de Sevilla, que entrega la Consejer\u00eda de Inclusi\u00f3n Social, Juventud, Familias e Igualdad de la Junta de Andaluc\u00eda, por su larga trayectoria. Asimismo, es promotora del Festival Internacional Escena Mobile Sevilla que en 2022 lleg\u00f3 a su 15\u00aa edici\u00f3n.<\/p>\n","protected":false},"excerpt":{"rendered":"<p>El rector de la Universidad Pablo de Olavide, Francisco Oliva Bl\u00e1zquez, y la presidenta de la Asociaci\u00f3n Compa\u00f1\u00eda Danza Mobile, Esmeralda Valderrama Vega, han firmado un protocolo de colaboraci\u00f3n para la puesta en marcha y desarrollo de actividades culturales de tipo inclusivo en los \u00e1mbitos de ambas entidades.<\/p>\n","protected":false},"author":14,"featured_media":30878708,"comment_status":"closed","ping_status":"open","sticky":false,"template":"","format":"standard","meta":{"_monsterinsights_skip_tracking":false,"_monsterinsights_sitenote_active":false,"_monsterinsights_sitenote_note":"","_monsterinsights_sitenote_category":0,"footnotes":""},"categories":[6],"tags":[2523,326,5834,8458,1210,2540,8068],"class_list":["post-30878705","post","type-post","status-publish","format-standard","has-post-thumbnail","hentry","category-institucional","tag-artes-escenicas","tag-convenio","tag-cultura","tag-danza-mobile","tag-discapacidad","tag-inclusion-social","tag-personas-con-discapacidad"],"_links":{"self":[{"href":"https:\/\/www.upo.es\/diario\/wp-json\/wp\/v2\/posts\/30878705","targetHints":{"allow":["GET"]}}],"collection":[{"href":"https:\/\/www.upo.es\/diario\/wp-json\/wp\/v2\/posts"}],"about":[{"href":"https:\/\/www.upo.es\/diario\/wp-json\/wp\/v2\/types\/post"}],"author":[{"embeddable":true,"href":"https:\/\/www.upo.es\/diario\/wp-json\/wp\/v2\/users\/14"}],"replies":[{"embeddable":true,"href":"https:\/\/www.upo.es\/diario\/wp-json\/wp\/v2\/comments?post=30878705"}],"version-history":[{"count":1,"href":"https:\/\/www.upo.es\/diario\/wp-json\/wp\/v2\/posts\/30878705\/revisions"}],"predecessor-version":[{"id":30878710,"href":"https:\/\/www.upo.es\/diario\/wp-json\/wp\/v2\/posts\/30878705\/revisions\/30878710"}],"wp:featuredmedia":[{"embeddable":true,"href":"https:\/\/www.upo.es\/diario\/wp-json\/wp\/v2\/media\/30878708"}],"wp:attachment":[{"href":"https:\/\/www.upo.es\/diario\/wp-json\/wp\/v2\/media?parent=30878705"}],"wp:term":[{"taxonomy":"category","embeddable":true,"href":"https:\/\/www.upo.es\/diario\/wp-json\/wp\/v2\/categories?post=30878705"},{"taxonomy":"post_tag","embeddable":true,"href":"https:\/\/www.upo.es\/diario\/wp-json\/wp\/v2\/tags?post=30878705"}],"curies":[{"name":"wp","href":"https:\/\/api.w.org\/{rel}","templated":true}]}}