{"id":30878741,"date":"2023-06-05T12:01:37","date_gmt":"2023-06-05T10:01:37","guid":{"rendered":"https:\/\/www.upo.es\/diario\/?p=30878741"},"modified":"2023-06-09T09:53:23","modified_gmt":"2023-06-09T07:53:23","slug":"la-fundacion-universidad-pablo-de-olavide-consolida-su-actividad-en-2022-con-mas-de-16-900-personas-beneficiarias","status":"publish","type":"post","link":"https:\/\/www.upo.es\/diario\/institucional\/2023\/06\/la-fundacion-universidad-pablo-de-olavide-consolida-su-actividad-en-2022-con-mas-de-16-900-personas-beneficiarias\/","title":{"rendered":"La Fundaci\u00f3n Universidad Pablo de Olavide consolida su actividad en 2022 con m\u00e1s de 16.900 personas beneficiarias"},"content":{"rendered":"<figure id=\"attachment_30878742\" aria-describedby=\"caption-attachment-30878742\" style=\"width: 750px\" class=\"wp-caption aligncenter\"><a href=\"https:\/\/www.upo.es\/diario\/wp-content\/uploads\/2023\/06\/Imagen1_Patronato050623-scaled.jpg\"><img loading=\"lazy\" decoding=\"async\" class=\"size-large wp-image-30878742\" src=\"https:\/\/www.upo.es\/diario\/wp-content\/uploads\/2023\/06\/Imagen1_Patronato050623-750x416.jpg\" alt=\"\" width=\"750\" height=\"416\" srcset=\"https:\/\/www.upo.es\/diario\/wp-content\/uploads\/2023\/06\/Imagen1_Patronato050623-750x416.jpg 750w, https:\/\/www.upo.es\/diario\/wp-content\/uploads\/2023\/06\/Imagen1_Patronato050623-420x233.jpg 420w, https:\/\/www.upo.es\/diario\/wp-content\/uploads\/2023\/06\/Imagen1_Patronato050623-768x426.jpg 768w, https:\/\/www.upo.es\/diario\/wp-content\/uploads\/2023\/06\/Imagen1_Patronato050623-1536x852.jpg 1536w, https:\/\/www.upo.es\/diario\/wp-content\/uploads\/2023\/06\/Imagen1_Patronato050623-2048x1136.jpg 2048w\" sizes=\"auto, (max-width: 750px) 100vw, 750px\" \/><\/a><figcaption id=\"caption-attachment-30878742\" class=\"wp-caption-text\">Reuni\u00f3n del Patronato de la Fundaci\u00f3n Universidad Pablo de Olavide<\/figcaption><\/figure>\n<p>La Fundaci\u00f3n Universidad Pablo de Olavide ha celebrado la reuni\u00f3n de su <strong>Patronato<\/strong>, en el que <strong>se ha presentado la memoria de actividades y se han aprobado las cuentas anuales correspondientes al ejercicio 2022<\/strong>. Un a\u00f1o que, tras la pandemia, ha supuesto la recuperaci\u00f3n y consolidaci\u00f3n de numerosas actividades, con m\u00e1s de <strong>16.900 personas beneficiarias<\/strong>, y que ha contribuido a reforzar el v\u00ednculo estrat\u00e9gico entre la Universidad y el tejido social y productivo.<\/p>\n<p>Como principales actividades, destaca la recuperaci\u00f3n del <strong>Centro Universitario Internacional<\/strong>, que ha recibido 589 estudiantes, lo que duplica la cifra del a\u00f1o anterior. Un resultado que es especialmente importante y que posiciona a la Universidad Pablo de Olavide como referente en el \u00e1mbito de la internacionalizaci\u00f3n en el panorama andaluz. Asimismo, tambi\u00e9n han sido relevantes las cifras logradas por la <strong>Residencia Universitaria Flora Trist\u00e1n<\/strong> en Pol\u00edgono Sur que, con 495 residentes, ha alcanzado la mayor tasa de ocupaci\u00f3n en sus diecinueve a\u00f1os de historia.<\/p>\n<p>Por otro lado, en 2022 se impartieron los primeros Cursos de Desarrollo Profesional Avanzado que, bajo el formato de microcredenciales, completan la oferta de Formaci\u00f3n Permanente de la Universidad. Estos cursos suponen un aprendizaje especializado, breve y flexible que permite la adquisici\u00f3n espec\u00edfica de conocimientos y competencias adaptadas a las necesidades del mercado y al reciclaje profesional. En total, se han celebrado 12 cursos con 312 estudiantes que se suman a los 66 T\u00edtulos Propios en los que se matricularon 1.037 estudiantes y los 29 Cursos de Verano que contaron con m\u00e1s de 670 estudiantes, es decir, m\u00e1s de 2.000 personas formadas a trav\u00e9s de la oferta de <strong>Formaci\u00f3n Permanente de la Universidad Pablo de Olavide<\/strong>.<\/p>\n<p>Adem\u00e1s, se han gestionado <strong>2.554 pr\u00e1cticas en empresas<\/strong> (1.847 de grado, 549 de postgrado y 158 de Formaci\u00f3n Permanente) en las que han participado casi 1.200 entidades, unos datos que han permitido mantener la oferta con la que el estudiantado de la UPO complementa su formaci\u00f3n acad\u00e9mica, se favorece su inserci\u00f3n laboral y se ha comenzado a dise\u00f1ar el programa \u2018Olavide Alumni`, que busca poner en valor el capital humano que suponen los egresados y egresadas de la Universidad Pablo de Olavide.<\/p>\n<p>En materia de empleabilidad y emprendimiento, tambi\u00e9n se han desarrollado un total de 31 talleres formativos, se ha celebrado la XIV edici\u00f3n del Concurso UPOemprende, se han atendido 99 proyectos de j\u00f3venes emprendedores y se han constituido 32 empresas. En total, este servicio ha atendido a 2.231 personas. Todas estas cifras suponen un incremento respecto al a\u00f1o anterior.<\/p>\n<h3><strong>XX Aniversario del Aula Abierta de Mayores<\/strong><\/h3>\n<p>El Aula Abierta de Mayores, que ha celebrado su vig\u00e9simo aniversario, ha acercado la Universidad a las personas mayores de 50 a\u00f1os <strong>con m\u00e1s de 1.000 alumnos y alumnas y presencia en 23 municipios de la provincia<\/strong>. Asimismo, se han desarrollado diferentes actividades culturales y sociales a trav\u00e9s de la Oficina de Voluntariado y Compromiso Social, con 382 personas voluntarias; y del Servicio de Extensi\u00f3n Cultural, con m\u00e1s de 3.800 personas beneficiarias. Por su parte, RadiOlavide, la radio universitaria de la UPO, ha estrenado 86 podcasts con m\u00e1s de 190.000 reproducciones en fonoteca.<\/p>\n<p>Por su parte,<strong> el Servicio de Deportes ha contado con m\u00e1s de 1.600 usuarios y usuarias<\/strong>, donde destaca la participaci\u00f3n de 196 en entrenamientos de diferentes disciplinas y 146 deportistas de la UPO en competiciones universitarias, andaluzas y nacionales. Adem\u00e1s, tras dos a\u00f1os suspendida por la pandemia, en 2022 se recuper\u00f3 la Carrea Popular en su sexta edici\u00f3n con la participaci\u00f3n de m\u00e1s de 500 personas.<\/p>\n<p>Durante el pasado a\u00f1o, la <strong>Oficina para la Igualdad<\/strong> atendi\u00f3 a m\u00e1s de 1.680 personas a trav\u00e9s de planes, programas y proyectos para garantizar el principio de igualdad de g\u00e9nero en el \u00e1mbito universitario. A ello se suma la elaboraci\u00f3n y puesta en marcha del III Plan Estrat\u00e9gico para la Igualdad de G\u00e9nero de la UPO 2022\/2026.<\/p>\n<p>Con respecto a <strong>las cuentas de la Fundaci\u00f3n, se ha alcanzado un resultado positivo por segundo a\u00f1o consecutivo<\/strong>, considerablemente superior al a\u00f1o anterior. Esto ha permitido, en tan solo dos ejercicios, sanear la situaci\u00f3n financiera negativa provocada por la pandemia en 2020.<\/p>\n<p>La reuni\u00f3n del Patronato ha estado presidida por el rector y presidente de la Fundaci\u00f3n, <strong>Francisco Oliva Bl\u00e1zquez<\/strong>, con la asistencia de la vicepresidenta ejecutiva de la Fundaci\u00f3n, <strong>Laura L\u00f3pez de la Cruz<\/strong>; el vicesecretario general, <strong>Francisco Toscano Gil<\/strong>; y como vocales: la gerente de la UPO, <strong>Concepci\u00f3n Mart\u00edn Brenes<\/strong>; el vicerrector de Estrategia y Planificaci\u00f3n Acad\u00e9mica, <strong>Jos\u00e9 Antonio S\u00e1nchez Medina<\/strong>, y el vicerrector de Cultura y Pol\u00edticas Sociales, <strong>David Cobos Sanchiz<\/strong>. Asimismo, han estado presentes <strong>Manuel Antonio G\u00e1lvez Rodr\u00edguez<\/strong>, miembro del Consejo Social de la UPO, y <strong>Amapola Povedano D\u00edaz<\/strong> y <strong>Norberto D\u00edaz D\u00edaz<\/strong>, miembros del Consejo de Gobierno de la UPO.<\/p>\n<p>La Fundaci\u00f3n es un medio propio de la Universidad Pablo de Olavide que act\u00faa como servicio t\u00e9cnico y que desarrolla toda su actividad conforme al marco regulador de los encargos de la UPO a su Fundaci\u00f3n, atendiendo a las l\u00edneas estrat\u00e9gicas definidas por la Universidad y los vicerrectorados competentes en las distintas \u00e1reas, teniendo como referentes fundamentales su compromiso institucional y social.<\/p>\n<p><a href=\"https:\/\/www.upo.es\/fundaciones\/wp-content\/uploads\/2023\/06\/Memoria-de-Actividades-2022-web.pdf\">Memoria de Actividades Fundaci\u00f3n Universidad Pablo de Olavide 2022<\/a><\/p>\n<p>Fuente: Fundaci\u00f3n Universidad Pablo de Olavide<\/p>\n","protected":false},"excerpt":{"rendered":"<p>La Fundaci\u00f3n Universidad Pablo de Olavide ha celebrado la reuni\u00f3n de su Patronato, en el que se ha presentado la memoria de actividades y se han aprobado las cuentas anuales correspondientes al ejercicio 2022. Un a\u00f1o que, tras la pandemia, ha supuesto la recuperaci\u00f3n y consolidaci\u00f3n de numerosas actividades, con m\u00e1s de 16.900 personas beneficiarias, y que ha contribuido a reforzar el v\u00ednculo estrat\u00e9gico entre la Universidad y el tejido social y productivo.<\/p>\n","protected":false},"author":14,"featured_media":30878742,"comment_status":"closed","ping_status":"open","sticky":false,"template":"","format":"standard","meta":{"_monsterinsights_skip_tracking":false,"_monsterinsights_sitenote_active":false,"_monsterinsights_sitenote_note":"","_monsterinsights_sitenote_category":0,"footnotes":""},"categories":[6],"tags":[52,1556,906,328,2474,4179,730,8459,1745],"class_list":["post-30878741","post","type-post","status-publish","format-standard","has-post-thumbnail","hentry","category-institucional","tag-aula-abierta-de-mayores","tag-cuentas-anuales","tag-cui","tag-formacion-permanente","tag-fundacion-universidad-pablo-de-olavide","tag-memoria-de-actividades","tag-patronato","tag-personas-beneficiarias","tag-residencia-universitaria-flora-tristan"],"_links":{"self":[{"href":"https:\/\/www.upo.es\/diario\/wp-json\/wp\/v2\/posts\/30878741","targetHints":{"allow":["GET"]}}],"collection":[{"href":"https:\/\/www.upo.es\/diario\/wp-json\/wp\/v2\/posts"}],"about":[{"href":"https:\/\/www.upo.es\/diario\/wp-json\/wp\/v2\/types\/post"}],"author":[{"embeddable":true,"href":"https:\/\/www.upo.es\/diario\/wp-json\/wp\/v2\/users\/14"}],"replies":[{"embeddable":true,"href":"https:\/\/www.upo.es\/diario\/wp-json\/wp\/v2\/comments?post=30878741"}],"version-history":[{"count":2,"href":"https:\/\/www.upo.es\/diario\/wp-json\/wp\/v2\/posts\/30878741\/revisions"}],"predecessor-version":[{"id":30878744,"href":"https:\/\/www.upo.es\/diario\/wp-json\/wp\/v2\/posts\/30878741\/revisions\/30878744"}],"wp:featuredmedia":[{"embeddable":true,"href":"https:\/\/www.upo.es\/diario\/wp-json\/wp\/v2\/media\/30878742"}],"wp:attachment":[{"href":"https:\/\/www.upo.es\/diario\/wp-json\/wp\/v2\/media?parent=30878741"}],"wp:term":[{"taxonomy":"category","embeddable":true,"href":"https:\/\/www.upo.es\/diario\/wp-json\/wp\/v2\/categories?post=30878741"},{"taxonomy":"post_tag","embeddable":true,"href":"https:\/\/www.upo.es\/diario\/wp-json\/wp\/v2\/tags?post=30878741"}],"curies":[{"name":"wp","href":"https:\/\/api.w.org\/{rel}","templated":true}]}}