{"id":30878749,"date":"2023-06-05T15:58:25","date_gmt":"2023-06-05T13:58:25","guid":{"rendered":"https:\/\/www.upo.es\/diario\/?p=30878749"},"modified":"2023-06-05T15:58:25","modified_gmt":"2023-06-05T13:58:25","slug":"ceremonia-de-fin-de-grado-de-ciencias-de-la-actividad-fisica-y-del-deporte-2","status":"publish","type":"post","link":"https:\/\/www.upo.es\/diario\/comunidad\/2023\/06\/ceremonia-de-fin-de-grado-de-ciencias-de-la-actividad-fisica-y-del-deporte-2\/","title":{"rendered":"Ceremonia de Fin de Grado de Ciencias de la Actividad F\u00edsica y del Deporte"},"content":{"rendered":"<figure id=\"attachment_30878750\" aria-describedby=\"caption-attachment-30878750\" style=\"width: 700px\" class=\"wp-caption aligncenter\"><a href=\"https:\/\/www.upo.es\/diario\/wp-content\/uploads\/2023\/06\/lineasDeporte.jpg\"><img loading=\"lazy\" decoding=\"async\" class=\"size-large wp-image-30878750\" src=\"https:\/\/www.upo.es\/diario\/wp-content\/uploads\/2023\/06\/lineasDeporte-700x525.jpg\" alt=\"\" width=\"700\" height=\"525\" srcset=\"https:\/\/www.upo.es\/diario\/wp-content\/uploads\/2023\/06\/lineasDeporte-700x525.jpg 700w, https:\/\/www.upo.es\/diario\/wp-content\/uploads\/2023\/06\/lineasDeporte-420x315.jpg 420w, https:\/\/www.upo.es\/diario\/wp-content\/uploads\/2023\/06\/lineasDeporte-768x576.jpg 768w, https:\/\/www.upo.es\/diario\/wp-content\/uploads\/2023\/06\/lineasDeporte-1536x1152.jpg 1536w, https:\/\/www.upo.es\/diario\/wp-content\/uploads\/2023\/06\/lineasDeporte-1320x990.jpg 1320w, https:\/\/www.upo.es\/diario\/wp-content\/uploads\/2023\/06\/lineasDeporte.jpg 1600w\" sizes=\"auto, (max-width: 700px) 100vw, 700px\" \/><\/a><figcaption id=\"caption-attachment-30878750\" class=\"wp-caption-text\">Promoci\u00f3n 2019\/23 Del Grado en Ciencias de la Actividad F\u00edsica y del Deporte<\/figcaption><\/figure>\n<p>La ceremonia de fin de grado de la promoci\u00f3n 2019\/23 de Ciencias de la Actividad F\u00edsica y del Deporte \u2013 L\u00edneas 1 y 2 &#8211; se celebr\u00f3 el pasado viernes en el Paraninfo de la Universidad Pablo de Olavide. El acto fue presidido por el vicerrector de Campus Saludable y Deporte de la UPO, Antonio Fern\u00e1ndez Mart\u00ednez, y el decano de la Facultad de Ciencias del Deporte, Javier G\u00e1lvez Gonz\u00e1lez.<\/p>\n<p><a href=\"https:\/\/www.upo.es\/diario\/wp-content\/uploads\/2023\/06\/230602UPO1_011-scaled.jpg\"><img loading=\"lazy\" decoding=\"async\" class=\"alignright size-medium wp-image-30878751\" src=\"https:\/\/www.upo.es\/diario\/wp-content\/uploads\/2023\/06\/230602UPO1_011-420x280.jpg\" alt=\"\" width=\"420\" height=\"280\" srcset=\"https:\/\/www.upo.es\/diario\/wp-content\/uploads\/2023\/06\/230602UPO1_011-420x280.jpg 420w, https:\/\/www.upo.es\/diario\/wp-content\/uploads\/2023\/06\/230602UPO1_011-750x500.jpg 750w, https:\/\/www.upo.es\/diario\/wp-content\/uploads\/2023\/06\/230602UPO1_011-768x512.jpg 768w, https:\/\/www.upo.es\/diario\/wp-content\/uploads\/2023\/06\/230602UPO1_011-1536x1024.jpg 1536w, https:\/\/www.upo.es\/diario\/wp-content\/uploads\/2023\/06\/230602UPO1_011-2048x1365.jpg 2048w, https:\/\/www.upo.es\/diario\/wp-content\/uploads\/2023\/06\/230602UPO1_011-165x109.jpg 165w, https:\/\/www.upo.es\/diario\/wp-content\/uploads\/2023\/06\/230602UPO1_011-1320x880.jpg 1320w\" sizes=\"auto, (max-width: 420px) 100vw, 420px\" \/><\/a>La madrina de la L\u00ednea 1 de la promoci\u00f3n ha sido Cecilia Dorado Garc\u00eda, catedr\u00e1tica del \u00c1rea de Educaci\u00f3n F\u00edsica de la Universidad de Las Palmas de Gran Canaria, y el padrino de la L\u00ednea 2 ha sido Emilio Mart\u00edn Romero, campe\u00f3n del mundo y de Europa de Duatl\u00f3n. A la ceremonia tambi\u00e9n han asistido la directora general de Deportes de la Universidad Pablo de Olavide, \u00c1frica Calvo Lluch y la vicedecana de Ordenaci\u00f3n Acad\u00e9mica de la Facultad de Ciencias del Deporte de la UPO, Elisabet Rodr\u00edguez Bies.<\/p>\n<p>En representaci\u00f3n del alumnado egresado, pronunciaron los discursos Bernardo Toro Crespo, Valeria Aguilera S\u00e1nchez y Guillermo Arcenegui Romero. Un total de 105 egresados y egresadas asistieron, junto a sus familiares, a este acto con el que la Universidad Pablo de Olavide recupera una antigua tradici\u00f3n de las universidades europeas.<\/p>\n<p>&nbsp;<\/p>\n<p>&nbsp;<\/p>\n","protected":false},"excerpt":{"rendered":"<p>La ceremonia de fin de grado de la promoci\u00f3n 2019\/23 de Ciencias de la Actividad F\u00edsica y del Deporte \u2013 L\u00edneas 1 y 2 &#8211; se ha celebrado en el Paraninfo de la Universidad Pablo de Olavide. Un total de 105 egresados y egresadas asistieron, junto a sus familiares, a este acto con el que la UPO recupera una antigua tradici\u00f3n de las universidades europeas.<\/p>\n","protected":false},"author":4,"featured_media":30878750,"comment_status":"closed","ping_status":"open","sticky":false,"template":"","format":"standard","meta":{"_monsterinsights_skip_tracking":false,"_monsterinsights_sitenote_active":false,"_monsterinsights_sitenote_note":"","_monsterinsights_sitenote_category":0,"footnotes":""},"categories":[5842],"tags":[581,3342,1331],"class_list":["post-30878749","post","type-post","status-publish","format-standard","has-post-thumbnail","hentry","category-comunidad","tag-ceremonia-de-egresados","tag-facultad-de-ciencias-del-deporte","tag-grado-en-ciencias-de-la-actividad-fisica-y-del-deporte"],"_links":{"self":[{"href":"https:\/\/www.upo.es\/diario\/wp-json\/wp\/v2\/posts\/30878749","targetHints":{"allow":["GET"]}}],"collection":[{"href":"https:\/\/www.upo.es\/diario\/wp-json\/wp\/v2\/posts"}],"about":[{"href":"https:\/\/www.upo.es\/diario\/wp-json\/wp\/v2\/types\/post"}],"author":[{"embeddable":true,"href":"https:\/\/www.upo.es\/diario\/wp-json\/wp\/v2\/users\/4"}],"replies":[{"embeddable":true,"href":"https:\/\/www.upo.es\/diario\/wp-json\/wp\/v2\/comments?post=30878749"}],"version-history":[{"count":1,"href":"https:\/\/www.upo.es\/diario\/wp-json\/wp\/v2\/posts\/30878749\/revisions"}],"predecessor-version":[{"id":30878752,"href":"https:\/\/www.upo.es\/diario\/wp-json\/wp\/v2\/posts\/30878749\/revisions\/30878752"}],"wp:featuredmedia":[{"embeddable":true,"href":"https:\/\/www.upo.es\/diario\/wp-json\/wp\/v2\/media\/30878750"}],"wp:attachment":[{"href":"https:\/\/www.upo.es\/diario\/wp-json\/wp\/v2\/media?parent=30878749"}],"wp:term":[{"taxonomy":"category","embeddable":true,"href":"https:\/\/www.upo.es\/diario\/wp-json\/wp\/v2\/categories?post=30878749"},{"taxonomy":"post_tag","embeddable":true,"href":"https:\/\/www.upo.es\/diario\/wp-json\/wp\/v2\/tags?post=30878749"}],"curies":[{"name":"wp","href":"https:\/\/api.w.org\/{rel}","templated":true}]}}