{"id":30878757,"date":"2023-06-06T10:11:45","date_gmt":"2023-06-06T08:11:45","guid":{"rendered":"https:\/\/www.upo.es\/diario\/?p=30878757"},"modified":"2023-06-06T10:13:50","modified_gmt":"2023-06-06T08:13:50","slug":"genes-de-sensibilidad-a-la-sequia-del-cedro-del-atlas-abren-la-esperanza-a-su-conservacion","status":"publish","type":"post","link":"https:\/\/www.upo.es\/diario\/ciencia\/2023\/06\/genes-de-sensibilidad-a-la-sequia-del-cedro-del-atlas-abren-la-esperanza-a-su-conservacion\/","title":{"rendered":"Genes de sensibilidad a la sequ\u00eda del cedro del atlas abren la esperanza a su conservaci\u00f3n"},"content":{"rendered":"<div>\n<figure id=\"attachment_30878762\" aria-describedby=\"caption-attachment-30878762\" style=\"width: 600px\" class=\"wp-caption aligncenter\"><a href=\"https:\/\/www.upo.es\/diario\/wp-content\/uploads\/2023\/06\/20230531_cedro_1.jpg\"><img loading=\"lazy\" decoding=\"async\" class=\"wp-image-30878762 size-full\" src=\"https:\/\/www.upo.es\/diario\/wp-content\/uploads\/2023\/06\/20230531_cedro_1.jpg\" alt=\"\" width=\"600\" height=\"450\" srcset=\"https:\/\/www.upo.es\/diario\/wp-content\/uploads\/2023\/06\/20230531_cedro_1.jpg 600w, https:\/\/www.upo.es\/diario\/wp-content\/uploads\/2023\/06\/20230531_cedro_1-420x315.jpg 420w\" sizes=\"auto, (max-width: 600px) 100vw, 600px\" \/><\/a><figcaption id=\"caption-attachment-30878762\" class=\"wp-caption-text\">Poblaci\u00f3n de cedro (Cedrus atlantica) en el Parque Nacional de Sierra Nevada (Granada). \/ J.C. Linares<\/figcaption><\/figure>\n<p>Un <strong>equipo de investigaci\u00f3n liderado por las universidades Complutense de Madrid (UCM) y Pablo de Olavide (UPO)<\/strong> ha descubierto <strong>una base gen\u00e9tica en la sensibilidad a la sequ\u00eda del\u00a0cedro\u00a0del atlas (<em>Cedrus atlantica<\/em>)<\/strong> que hace que unos ejemplares sobrevivan y otros no.<\/p>\n<p>El trabajo, publicado en\u00a0<a href=\"https:\/\/www.frontiersin.org\/articles\/10.3389\/fpls.2023.1116863\/full\" target=\"_blank\" rel=\"noopener\"><em>Frontiers in Plant Science<\/em><\/a>, es el primer estudio que investiga la <strong>respuesta a la sequ\u00eda y su recuperaci\u00f3n posterior (resiliencia)<\/strong> de esta especie, desde un punto de vista \u00f3mico (en concreto, estudiando su transcriptoma o expresi\u00f3n de todos sus genes).<\/p>\n<p>El <strong>cedro del atlas<\/strong> es una con\u00edfera (\u00e1rboles cuya aparici\u00f3n en el planeta se remonta unos 300 millones de a\u00f1os) end\u00e9mica del Norte de \u00c1frica. Actualmente, se encuentra amenazada por el cambio clim\u00e1tico. Durante el siglo pasado se utilizaron ejemplares de esta especie para realizar plantaciones en zonas del sur de la pen\u00ednsula ib\u00e9rica. En concreto, en dos zonas del macizo de Sierra Nevada: Almer\u00eda, conocida por su clima subdes\u00e9rtico, es decir, c\u00e1lido y seco; y Granada, con mayor tasa de precipitaci\u00f3n.<\/p>\n<p>Dichas plantaciones, fuera del h\u00e1bitat natural de la especie, ofrecen un \u201cexperimento natural\u201d que los investigadores de este trabajo han utilizado, adem\u00e1s, para estudiar una posible adaptaci\u00f3n r\u00e1pida de esta especie a las condiciones contrastadas de sequ\u00eda de ambas localidades.<\/p>\n<p>Para llevar a cabo el estudio, se someti\u00f3 a individuos de Granada y Almer\u00eda a 24 horas y 20 d\u00edas de sequ\u00eda (sequ\u00eda inmediata y extendida), y despu\u00e9s se estudi\u00f3 su recuperaci\u00f3n posterior (esto en ambas localidades). Aquellos individuos que fueron capaces de recuperarse se les consider\u00f3 resilientes, mientras que a los que no lo fueron, se les consider\u00f3 sensibles a la sequ\u00eda.<\/p>\n<p>\u201cSe emplea el t\u00e9rmino &#8216;resiliente&#8217; y no &#8216;resistente&#8217; ya que la resiliencia engloba los conceptos de tolerancia a la sequ\u00eda (sobrevivir al estr\u00e9s), pero tambi\u00e9n de su capacidad de recuperarse de la misma\u201d, matiza <strong>Irene Cobo Sim\u00f3n<\/strong>, autora principal del trabajo que forma parte de su tesis doctoral en la Universidad Complutense de Madrid.<\/p>\n<h3><strong>Genes \u201csaltarines\u201d, a examen en el futuro<\/strong><\/h3>\n<p>Aunque el objetivo inicial del trabajo era encontrar los genes responsables de dicha resiliencia a la sequ\u00eda, los investigadores encontraron, en cambio, una singularidad gen\u00e9tica en los individuos sensibles, una informaci\u00f3n clave tambi\u00e9n para el dise\u00f1o de estrategias de conservaci\u00f3n en esta especie amenazada.<\/p>\n<p>\u201cNuestros resultados pueden ayudar a guiar los programas de conservaci\u00f3n de esta con\u00edfera amenazada, contribuir al avance de la investigaci\u00f3n sobre la resiliencia a la sequ\u00eda y arrojar luz sobre el potencial de adaptaci\u00f3n de los \u00e1rboles al cambio clim\u00e1tico actual\u201d, destaca Cobo Sim\u00f3n,<\/p>\n<p>Del trabajo, se encontraron adem\u00e1s evidencias preliminares de una posible adaptaci\u00f3n local r\u00e1pida en ambas localidades con condiciones contrastadas de sequ\u00eda y se localizaron unos genes \u201csaltarines\u201d como posibles responsables de la adaptaci\u00f3n a la sequ\u00eda de algunos ejemplares.<\/p>\n<p>Por su capacidad de \u201csaltar\u201d a otras zonas del genoma, los transposones son capaces de alterar de muchas formas la expresi\u00f3n de los genes o generar mutaciones y, por tanto, son potenciales elementos evolutivos.<\/p>\n<p>Sin embargo, estos \u00faltimos resultados requieren una futura validaci\u00f3n, que ser\u00e1 objeto de pr\u00f3ximos estudios, ya que el n\u00famero de individuos analizados de ambas localidades no es suficiente para sacar conclusiones robustas, seg\u00fan los expertos.<\/p>\n<p>Adem\u00e1s de la UCM y la UPO, en el trabajo participan investigadores de la Universidad de California (Davis, Estados Unidos) y el Centro de Regulaci\u00f3n Gen\u00f3mica (CNAG-CRG) de Barcelona.<\/p>\n<p><strong>Referencia bibliogr\u00e1fica:<\/strong>\u00a0Cobo-Sim\u00f3n, Irene; G\u00f3mez-Garrido, J\u00e8ssica; Esteve-Codina, Anna; Dabad, Marc; Alioto, Tyler; Maloof, Julin N.; M\u00e9ndez-Cea, Bel\u00e9n; Seco, Jos\u00e9 Ignacio; Linares, Juan Carlos; Gallego, Francisco Javier (2023).\u00a0<strong><em>De novo<\/em>\u00a0transcriptome sequencing and gene co-expression reveal a genomic basis for drought sensitivity and evidence of a rapid local adaptation on Atlas cedar (<em>Cedrus atlantica<\/em>)<\/strong>.\u00a0<em>Frontiers in Plant Science<\/em>, Volume 14. DOI:\u00a0<a href=\"https:\/\/doi.org\/10.3389\/fpls.2023.1116863\" target=\"_blank\" rel=\"noopener\">10.3389\/fpls.2023.1116863<\/a>.<\/p>\n<p>Fuente: Universidad Complutense de Madrid<\/p>\n<\/div>\n<div class=\"spacer\"><\/div>\n","protected":false},"excerpt":{"rendered":"<p>Un equipo de investigaci\u00f3n liderado por las universidades Complutense de Madrid (UCM) y Pablo de Olavide (UPO) ha descubierto una base gen\u00e9tica en la sensibilidad a la sequ\u00eda del\u00a0cedro\u00a0del atlas (Cedrus atlantica) que hace que unos ejemplares sobrevivan y otros no.<\/p>\n","protected":false},"author":14,"featured_media":30878762,"comment_status":"closed","ping_status":"open","sticky":false,"template":"","format":"standard","meta":{"_monsterinsights_skip_tracking":false,"_monsterinsights_sitenote_active":false,"_monsterinsights_sitenote_note":"","_monsterinsights_sitenote_category":0,"footnotes":""},"categories":[3],"tags":[8464,2130,56,8465,2095,3579,2377],"class_list":["post-30878757","post","type-post","status-publish","format-standard","has-post-thumbnail","hentry","category-ciencia","tag-cedro-del-atlas","tag-departamento-de-sistemas-fisicos","tag-investigacion","tag-juan-carlos-linares","tag-medioambiente","tag-sequia","tag-universidad-complutense"],"_links":{"self":[{"href":"https:\/\/www.upo.es\/diario\/wp-json\/wp\/v2\/posts\/30878757","targetHints":{"allow":["GET"]}}],"collection":[{"href":"https:\/\/www.upo.es\/diario\/wp-json\/wp\/v2\/posts"}],"about":[{"href":"https:\/\/www.upo.es\/diario\/wp-json\/wp\/v2\/types\/post"}],"author":[{"embeddable":true,"href":"https:\/\/www.upo.es\/diario\/wp-json\/wp\/v2\/users\/14"}],"replies":[{"embeddable":true,"href":"https:\/\/www.upo.es\/diario\/wp-json\/wp\/v2\/comments?post=30878757"}],"version-history":[{"count":3,"href":"https:\/\/www.upo.es\/diario\/wp-json\/wp\/v2\/posts\/30878757\/revisions"}],"predecessor-version":[{"id":30878765,"href":"https:\/\/www.upo.es\/diario\/wp-json\/wp\/v2\/posts\/30878757\/revisions\/30878765"}],"wp:featuredmedia":[{"embeddable":true,"href":"https:\/\/www.upo.es\/diario\/wp-json\/wp\/v2\/media\/30878762"}],"wp:attachment":[{"href":"https:\/\/www.upo.es\/diario\/wp-json\/wp\/v2\/media?parent=30878757"}],"wp:term":[{"taxonomy":"category","embeddable":true,"href":"https:\/\/www.upo.es\/diario\/wp-json\/wp\/v2\/categories?post=30878757"},{"taxonomy":"post_tag","embeddable":true,"href":"https:\/\/www.upo.es\/diario\/wp-json\/wp\/v2\/tags?post=30878757"}],"curies":[{"name":"wp","href":"https:\/\/api.w.org\/{rel}","templated":true}]}}