{"id":30878785,"date":"2023-06-07T11:20:17","date_gmt":"2023-06-07T09:20:17","guid":{"rendered":"https:\/\/www.upo.es\/diario\/?p=30878785"},"modified":"2023-06-09T11:53:30","modified_gmt":"2023-06-09T09:53:30","slug":"la-upo-firma-un-protocolo-de-colaboracion-con-la-sociedad-de-podologia-estetica-y-regenerativa","status":"publish","type":"post","link":"https:\/\/www.upo.es\/diario\/institucional\/2023\/06\/la-upo-firma-un-protocolo-de-colaboracion-con-la-sociedad-de-podologia-estetica-y-regenerativa\/","title":{"rendered":"La UPO firma un protocolo de colaboraci\u00f3n con la Sociedad de Podolog\u00eda Est\u00e9tica y Regenerativa"},"content":{"rendered":"<figure id=\"attachment_30878792\" aria-describedby=\"caption-attachment-30878792\" style=\"width: 750px\" class=\"wp-caption aligncenter\"><a href=\"https:\/\/www.upo.es\/diario\/wp-content\/uploads\/2023\/06\/conve-Podologia-2-scaled.jpg\"><img loading=\"lazy\" decoding=\"async\" class=\"size-large wp-image-30878792\" src=\"https:\/\/www.upo.es\/diario\/wp-content\/uploads\/2023\/06\/conve-Podologia-2-750x491.jpg\" alt=\"\" width=\"750\" height=\"491\" srcset=\"https:\/\/www.upo.es\/diario\/wp-content\/uploads\/2023\/06\/conve-Podologia-2-750x491.jpg 750w, https:\/\/www.upo.es\/diario\/wp-content\/uploads\/2023\/06\/conve-Podologia-2-420x275.jpg 420w, https:\/\/www.upo.es\/diario\/wp-content\/uploads\/2023\/06\/conve-Podologia-2-768x503.jpg 768w, https:\/\/www.upo.es\/diario\/wp-content\/uploads\/2023\/06\/conve-Podologia-2-1536x1006.jpg 1536w, https:\/\/www.upo.es\/diario\/wp-content\/uploads\/2023\/06\/conve-Podologia-2-2048x1341.jpg 2048w, https:\/\/www.upo.es\/diario\/wp-content\/uploads\/2023\/06\/conve-Podologia-2-380x250.jpg 380w\" sizes=\"auto, (max-width: 750px) 100vw, 750px\" \/><\/a><figcaption id=\"caption-attachment-30878792\" class=\"wp-caption-text\">Jorge Barn\u00e9s, Francisco Oliva y Ana Checa<\/figcaption><\/figure>\n<p>El rector de la Universidad Pablo de Olavide, <strong>Francisco Oliva Bl\u00e1zquez<\/strong>, y el presidente de la Sociedad Espa\u00f1ola de Podolog\u00eda Est\u00e9tica y Regenerativa (SEPER), <strong>Jorge Barn\u00e9s Andreu<\/strong>, han firmado un protocolo de colaboraci\u00f3n entre ambas entidades con el objetivo de impulsar la celebraci\u00f3n de actividades formativas de tipo acad\u00e9mico, cient\u00edfico, t\u00e9cnico y de investigaci\u00f3n en materias de inter\u00e9s com\u00fan, as\u00ed como actividades pr\u00e1cticas dirigidas a estudiantes universitarios. Al acto de firma tambi\u00e9n ha asistido la vicepresidenta de SEPER, <strong>Ana Checa Fern\u00e1ndez<\/strong>.<\/p>\n<p>Francisco Oliva ha destacado la relevancia que para la Universidad Pablo de Olavide tiene la firma de este tipo de convenios porque \u201cnuestra visi\u00f3n de la UPO es estar abierta a la sociedad, trasladar a esta el conocimiento y viceversa\u201d. En concreto, ha apuntado a <strong>las micro credenciales como una importante v\u00eda de colaboraci\u00f3n<\/strong> puesto que \u201cabre la universidad a la formaci\u00f3n de profesionales con una flexibilidad en cuanto a las horas. De esta forma, se pretende dar una formaci\u00f3n a la carta mediante cr\u00e9ditos universitarios\u201d. En este sentido, ha se\u00f1alado que la Olavide es pionera en esta iniciativa que ya tiene en marcha.<\/p>\n<figure id=\"attachment_30878794\" aria-describedby=\"caption-attachment-30878794\" style=\"width: 420px\" class=\"wp-caption alignright\"><a href=\"https:\/\/www.upo.es\/diario\/wp-content\/uploads\/2023\/06\/conve-Podologia-3-1-scaled.jpg\"><img loading=\"lazy\" decoding=\"async\" class=\"size-medium wp-image-30878794\" src=\"https:\/\/www.upo.es\/diario\/wp-content\/uploads\/2023\/06\/conve-Podologia-3-1-420x236.jpg\" alt=\"\" width=\"420\" height=\"236\" srcset=\"https:\/\/www.upo.es\/diario\/wp-content\/uploads\/2023\/06\/conve-Podologia-3-1-420x236.jpg 420w, https:\/\/www.upo.es\/diario\/wp-content\/uploads\/2023\/06\/conve-Podologia-3-1-750x422.jpg 750w, https:\/\/www.upo.es\/diario\/wp-content\/uploads\/2023\/06\/conve-Podologia-3-1-768x432.jpg 768w, https:\/\/www.upo.es\/diario\/wp-content\/uploads\/2023\/06\/conve-Podologia-3-1-1536x864.jpg 1536w, https:\/\/www.upo.es\/diario\/wp-content\/uploads\/2023\/06\/conve-Podologia-3-1-2048x1152.jpg 2048w, https:\/\/www.upo.es\/diario\/wp-content\/uploads\/2023\/06\/conve-Podologia-3-1-1320x743.jpg 1320w\" sizes=\"auto, (max-width: 420px) 100vw, 420px\" \/><\/a><figcaption id=\"caption-attachment-30878794\" class=\"wp-caption-text\">Firma del convenio entre la UPO y la SEPER<\/figcaption><\/figure>\n<p>Por su parte, Jorge Barn\u00e9s ha remarcado el trabajo que la SEPER ya ha comenzado a desarrollar para darle contenido al convenio en tem\u00e1ticas como c\u00e9lulas madre, regeneraci\u00f3n o farmacolog\u00eda cl\u00ednica; as\u00ed como en cuestiones como los condicionantes \u00e9ticos de la profesi\u00f3n, con el objetivo de provocar la actualizaci\u00f3n de conocimientos en los y las profesionales del sector.<\/p>\n<p>El protocolo general de colaboraci\u00f3n firmado hoy servir\u00e1 para el desarrollo de futuros convenios espec\u00edficos que determinar\u00e1n la realizaci\u00f3n de actividades en \u00e1reas concretas de trabajo. Este acuerdo tiene una vigencia inicial de cuatro a\u00f1os y es prorrogable por otros cuatro.<\/p>\n","protected":false},"excerpt":{"rendered":"<p>El rector de la Universidad Pablo de Olavide, Francisco Oliva Bl\u00e1zquez, y el presidente de la Sociedad Espa\u00f1ola de Podolog\u00eda Est\u00e9tica y Regenerativa (SEPER), Jorge Barn\u00e9s Andreu, han firmado un protocolo de colaboraci\u00f3n entre ambas entidades con el objetivo de impulsar la celebraci\u00f3n de actividades formativas de tipo acad\u00e9mico, cient\u00edfico, t\u00e9cnico y de investigaci\u00f3n en materias de inter\u00e9s com\u00fan, as\u00ed como actividades pr\u00e1cticas dirigidas a estudiantes universitarios.<\/p>\n","protected":false},"author":14,"featured_media":30878792,"comment_status":"closed","ping_status":"open","sticky":false,"template":"","format":"standard","meta":{"_monsterinsights_skip_tracking":false,"_monsterinsights_sitenote_active":false,"_monsterinsights_sitenote_note":"","_monsterinsights_sitenote_category":0,"footnotes":""},"categories":[6],"tags":[8468,245,7800,8467,1987,8466],"class_list":["post-30878785","post","type-post","status-publish","format-standard","has-post-thumbnail","hentry","category-institucional","tag-actividades-academicas","tag-medicina","tag-microcredenciales","tag-podologia","tag-protocolo-de-colaboracion","tag-seper"],"_links":{"self":[{"href":"https:\/\/www.upo.es\/diario\/wp-json\/wp\/v2\/posts\/30878785","targetHints":{"allow":["GET"]}}],"collection":[{"href":"https:\/\/www.upo.es\/diario\/wp-json\/wp\/v2\/posts"}],"about":[{"href":"https:\/\/www.upo.es\/diario\/wp-json\/wp\/v2\/types\/post"}],"author":[{"embeddable":true,"href":"https:\/\/www.upo.es\/diario\/wp-json\/wp\/v2\/users\/14"}],"replies":[{"embeddable":true,"href":"https:\/\/www.upo.es\/diario\/wp-json\/wp\/v2\/comments?post=30878785"}],"version-history":[{"count":3,"href":"https:\/\/www.upo.es\/diario\/wp-json\/wp\/v2\/posts\/30878785\/revisions"}],"predecessor-version":[{"id":30878796,"href":"https:\/\/www.upo.es\/diario\/wp-json\/wp\/v2\/posts\/30878785\/revisions\/30878796"}],"wp:featuredmedia":[{"embeddable":true,"href":"https:\/\/www.upo.es\/diario\/wp-json\/wp\/v2\/media\/30878792"}],"wp:attachment":[{"href":"https:\/\/www.upo.es\/diario\/wp-json\/wp\/v2\/media?parent=30878785"}],"wp:term":[{"taxonomy":"category","embeddable":true,"href":"https:\/\/www.upo.es\/diario\/wp-json\/wp\/v2\/categories?post=30878785"},{"taxonomy":"post_tag","embeddable":true,"href":"https:\/\/www.upo.es\/diario\/wp-json\/wp\/v2\/tags?post=30878785"}],"curies":[{"name":"wp","href":"https:\/\/api.w.org\/{rel}","templated":true}]}}