{"id":30878803,"date":"2023-06-07T14:53:56","date_gmt":"2023-06-07T12:53:56","guid":{"rendered":"https:\/\/www.upo.es\/diario\/?p=30878803"},"modified":"2023-06-15T12:12:21","modified_gmt":"2023-06-15T10:12:21","slug":"acto-20-aniversario-centro-andaluz-de-biologia-del-desarrollo","status":"publish","type":"post","link":"https:\/\/www.upo.es\/diario\/institucional\/2023\/06\/acto-20-aniversario-centro-andaluz-de-biologia-del-desarrollo\/","title":{"rendered":"El CABD celebra su 20\u00ba Aniversario con el anuncio de su programa de excelencia y nuevos retos para los pr\u00f3ximos a\u00f1os"},"content":{"rendered":"<p><a href=\"https:\/\/www.upo.es\/diario\/wp-content\/uploads\/2023\/06\/CABD-20-aniversario-4-scaled.jpg\"><img loading=\"lazy\" decoding=\"async\" class=\"aligncenter wp-image-30878798 size-large\" src=\"https:\/\/www.upo.es\/diario\/wp-content\/uploads\/2023\/06\/CABD-20-aniversario-4-750x422.jpg\" alt=\"\" width=\"750\" height=\"422\" srcset=\"https:\/\/www.upo.es\/diario\/wp-content\/uploads\/2023\/06\/CABD-20-aniversario-4-750x422.jpg 750w, https:\/\/www.upo.es\/diario\/wp-content\/uploads\/2023\/06\/CABD-20-aniversario-4-420x236.jpg 420w, https:\/\/www.upo.es\/diario\/wp-content\/uploads\/2023\/06\/CABD-20-aniversario-4-768x432.jpg 768w, https:\/\/www.upo.es\/diario\/wp-content\/uploads\/2023\/06\/CABD-20-aniversario-4-1536x864.jpg 1536w, https:\/\/www.upo.es\/diario\/wp-content\/uploads\/2023\/06\/CABD-20-aniversario-4-2048x1152.jpg 2048w\" sizes=\"auto, (max-width: 750px) 100vw, 750px\" \/><\/a>El rector de la Universidad Pablo de Olavide, Francisco Oliva, ha presidido el <strong>acto de conmemoraci\u00f3n del 20\u00ba Aniversario del Centro Andaluz de Biolog\u00eda del Desarrollo (CABD)<\/strong>, en el que se ha presentado el <strong>programa por el reconocimiento a la excelencia como Unidad Mar\u00eda de Maeztu para el periodo 2022\/2025<\/strong> que tiene como objetivo mejorar la comprensi\u00f3n de los principios de auto organizaci\u00f3n celular en diferentes niveles de complejidad biol\u00f3gica.<\/p>\n<p>Junto al rector, han participado en el acto el vicepresidente de Investigaci\u00f3n Cient\u00edfica y T\u00e9cnica del Consejo Superior de Investigaciones Cient\u00edficas (CSIC), Jos\u00e9 Mar\u00eda Martell; la delegada institucional del CSIC en Andaluc\u00eda, Margarita Paneque; el director general de Planificaci\u00f3n de la Investigaci\u00f3n de la Junta de Andaluc\u00eda, Librado Carrasco; el director del CABD, Peter Askjaer; y la vicerrectora de Investigaci\u00f3n, Transferencia y Doctorado, Antonia Jim\u00e9nez.<\/p>\n<p><a href=\"https:\/\/www.upo.es\/diario\/wp-content\/uploads\/2023\/06\/CABD-20-aniversario-3-scaled.jpg\"><img loading=\"lazy\" decoding=\"async\" class=\"size-medium wp-image-30878799 alignleft\" src=\"https:\/\/www.upo.es\/diario\/wp-content\/uploads\/2023\/06\/CABD-20-aniversario-3-420x269.jpg\" alt=\"\" width=\"420\" height=\"269\" srcset=\"https:\/\/www.upo.es\/diario\/wp-content\/uploads\/2023\/06\/CABD-20-aniversario-3-420x269.jpg 420w, https:\/\/www.upo.es\/diario\/wp-content\/uploads\/2023\/06\/CABD-20-aniversario-3-750x480.jpg 750w, https:\/\/www.upo.es\/diario\/wp-content\/uploads\/2023\/06\/CABD-20-aniversario-3-768x491.jpg 768w, https:\/\/www.upo.es\/diario\/wp-content\/uploads\/2023\/06\/CABD-20-aniversario-3-1536x982.jpg 1536w, https:\/\/www.upo.es\/diario\/wp-content\/uploads\/2023\/06\/CABD-20-aniversario-3-2048x1310.jpg 2048w\" sizes=\"auto, (max-width: 420px) 100vw, 420px\" \/><\/a>Francisco Oliva ha expresado su \u201cprofunda admiraci\u00f3n y respeto por este centro, que es una historia de \u00e9xito y un modelo de eficiencia a imitar. Los datos del CABD hablan por s\u00ed solos, con una plantilla de investigaci\u00f3n de car\u00e1cter internacional, signo de la calidad del centro y un impacto cient\u00edfico muy relevante\u201d.\u00a0 Asimismo, ha agradecido a todas las personas que han trabajado para hacer una realidad de un sue\u00f1o y, en este punto, ha recordado a Rosario Valpuesta por su visi\u00f3n estrat\u00e9gica y a Juan Jim\u00e9nez, que fuera rector de la UPO y primer director del centro.<\/p>\n<p>Por otro lado, ha informado del incremento de la aportaci\u00f3n econ\u00f3mica por parte de la Universidad Pablo de Olavide al CABD y ha agradecido al CSIC y a la Junta de Andaluc\u00eda: \u201cSomos un ejemplo de c\u00f3mo unir el talento de la universidad y la investigaci\u00f3n y este tiene que ser el camino de la ciencia junto con la internacionalizaci\u00f3n\u201d. Finalmente, ha reivindicado el papel de la ciencia en el siglo XXI, como se ha visto con vacunas en tiempo r\u00e9cord durante la pandemia por Covid-19. \u201cEsto no es casualidad sino a\u00f1os de investigaci\u00f3n b\u00e1sica como futuro de desarrollo y riqueza de la sociedad. Aqu\u00ed se seguir\u00e1 haciendo la mejor ciencia \u00fatil, esc\u00e9ptica y universal\u201d, ha concluido.<\/p>\n<p>Por su parte, <strong>Jos\u00e9 Mar\u00eda Martell<\/strong> ha manifestado que, con este aniversario, \u201ccelebramos la ciencia y el \u00e9xito. Este centro es singular gracias a su especializaci\u00f3n, lo que le ha hecho aportar al avance cient\u00edfico con \u00e1reas muy importantes dentro de la Biolog\u00eda del Desarrollo\u201d. Por otra parte, ha se\u00f1alado las sinergias entre sus grupos como raz\u00f3n para el \u00e9xito colectivo del centro: \u201cEl CABD es \u00fanico y un centro muy motivador, con una gran comisi\u00f3n cient\u00edfica que destaca por su apoyo a la juventud investigadora\u201d.<\/p>\n<p><strong>Librado Carrasco<\/strong> ha destacado el campo de la Biolog\u00eda del Desarrollo como uno de los m\u00e1s transversales en la \u201capuesta decidida\u201d del CABD por las personas por su transferencia. Asimismo, ha presentado la felicitaci\u00f3n del consejero de Universidad, Investigaci\u00f3n e Innovaci\u00f3n, Jos\u00e9 Carlos G\u00f3mez Villamandos, que ha destacado del CABD \u201csu aportaci\u00f3n cient\u00edfica durante estos veinte a\u00f1os\u201d y ha agradecido el trabajo de sus directores y su grupo humano.<\/p>\n<p><a href=\"https:\/\/www.upo.es\/diario\/wp-content\/uploads\/2023\/06\/CABD-20-aniversario-1-scaled.jpg\"><img loading=\"lazy\" decoding=\"async\" class=\"size-medium wp-image-30878801 alignleft\" src=\"https:\/\/www.upo.es\/diario\/wp-content\/uploads\/2023\/06\/CABD-20-aniversario-1-420x236.jpg\" alt=\"Peter Askjaer\" width=\"420\" height=\"236\" srcset=\"https:\/\/www.upo.es\/diario\/wp-content\/uploads\/2023\/06\/CABD-20-aniversario-1-420x236.jpg 420w, https:\/\/www.upo.es\/diario\/wp-content\/uploads\/2023\/06\/CABD-20-aniversario-1-750x422.jpg 750w, https:\/\/www.upo.es\/diario\/wp-content\/uploads\/2023\/06\/CABD-20-aniversario-1-768x432.jpg 768w, https:\/\/www.upo.es\/diario\/wp-content\/uploads\/2023\/06\/CABD-20-aniversario-1-1536x864.jpg 1536w, https:\/\/www.upo.es\/diario\/wp-content\/uploads\/2023\/06\/CABD-20-aniversario-1-2048x1152.jpg 2048w\" sizes=\"auto, (max-width: 420px) 100vw, 420px\" \/><\/a><\/p>\n<p>El recientemente nombrado nuevo director del CABD, <strong>Peter Askjaer<\/strong>, ha reivindicado el papel del centro en la sociedad para aumentar la sensaci\u00f3n de que la inversi\u00f3n en ciencia es \u00fatil y ha recordado, entre sus hitos, un 100% de productividad por cumplimiento de objetivos en el periodo 2016\/2022 porque \u201ctambi\u00e9n queremos ser un centro de \u00e9xito cuando celebremos los 25 a\u00f1os. Nuestro reto es seguir en esta posici\u00f3n y crecer como centro atractivo para el talento\u201d.<\/p>\n<h3><strong>C\u00f3mo las c\u00e9lulas interaccionan a nivel de genomas<\/strong><\/h3>\n<p>Juan Pablo Couso, director del <strong>programa <em>\u2018DMC3: decision making in cell collectives across scales\u2019<\/em> <\/strong>con motivo del reconocimiento Mar\u00eda de Maeztu, ha expuesto sus principales caracter\u00edsticas y ha enfatizado en su car\u00e1cter enfocado a la excelencia, ya que se trata de tan solo 12 acreditaciones que se conceden anualmente, con unos requisitos muy exigentes como que el 75% de las publicaciones del centro sea en revistas del primer cuartil. De hecho, como ha informado Couso, el CABD ha sido el \u00fanico centro reconocido de perfil biom\u00e9dico.<\/p>\n<p>Con un presupuesto de casi dos millones de euros, el objetivo principal del proyecto cient\u00edfico es estudiar c\u00f3mo las c\u00e9lulas de diferentes organismos y\/o especies interaccionan entre s\u00ed a nivel de genomas. Con un gran objetivo estrat\u00e9gico: incrementar la interacci\u00f3n y colaboraci\u00f3n entre los grupos del CSIC y la UPO. Gracias a ello, ha informado el director, \u201chemos conseguido 19 puestos de trabajo en \u00e1reas tan punteras como la Biolog\u00eda y la Biotecnolog\u00eda\u201d. Finalmente, ha destacado que el objetivo final del proyecto es la renovaci\u00f3n de la acreditaci\u00f3n e incluso su extensi\u00f3n a la de Severo Ochoa.<\/p>\n<p>El acto de conmemoraci\u00f3n por el 20\u00ba Aniversario del CABD ha contado con la conferencia que ha pronunciado la profesora investigadora del CSIC \u00c1ngela Nieto sobre la evoluci\u00f3n cient\u00edfica en los \u00faltimos veinte a\u00f1os. Con ello, se culminan las jornadas cient\u00edficas y divulgativas que el CABD organiz\u00f3 los pasados d\u00edas 5 y 6 de junio en el Hogar Virgen de los Reyes (Sevilla) bajo el t\u00edtulo <em>\u2018DMC3: decision making in cell collectives across scales launching meeting\u2019.<\/em><\/p>\n<h3><strong>Primer instituto espa\u00f1ol sobre Biolog\u00eda del Desarrollo<\/strong><\/h3>\n<p><a href=\"https:\/\/www.upo.es\/diario\/wp-content\/uploads\/2022\/10\/fachada_CABD_2.jpg\"><img loading=\"lazy\" decoding=\"async\" class=\"alignright size-medium wp-image-30875580\" src=\"https:\/\/www.upo.es\/diario\/wp-content\/uploads\/2022\/10\/fachada_CABD_2-385x256.jpg\" alt=\"\" width=\"385\" height=\"256\" srcset=\"https:\/\/www.upo.es\/diario\/wp-content\/uploads\/2022\/10\/fachada_CABD_2-385x256.jpg 385w, https:\/\/www.upo.es\/diario\/wp-content\/uploads\/2022\/10\/fachada_CABD_2-165x109.jpg 165w, https:\/\/www.upo.es\/diario\/wp-content\/uploads\/2022\/10\/fachada_CABD_2.jpg 600w\" sizes=\"auto, (max-width: 385px) 100vw, 385px\" \/><\/a>El CABD, centro de investigaci\u00f3n CSIC-UPO-Junta de Andaluc\u00eda, se cre\u00f3 en el a\u00f1o 2003 como el primer instituto espa\u00f1ol especializado en el estudio de la Biolog\u00eda del Desarrollo. En solo dos d\u00e9cadas, ha conseguido situarse a la vanguardia de la ciencia en Espa\u00f1a en su \u00e1mbito y formar parte de la <strong>Alianza SOMMa<\/strong>, que une a los Centros Severo Ochoa y las Unidades Mar\u00eda de Maeztu para promover la excelencia de la ciencia en nuestro pa\u00eds. En 2023, coincidiendo con sus 20 a\u00f1os, ha conseguido distinciones como la Bandera de Andaluc\u00eda en Sevilla, que otorga la Junta de Andaluc\u00eda, y el premio de la Academia de Ciencias Sociales y del Medio Ambiente de Andaluc\u00eda como centro de investigaci\u00f3n.<\/p>\n<p>El Centro Andaluz de Biolog\u00eda del Desarrollo cuenta con 43 grupos de investigaci\u00f3n divididos en dos departamentos, Biolog\u00eda Celular y Biotecnolog\u00eda (26 grupos) y Regulaci\u00f3n G\u00e9nica y Morfog\u00e9nesis (17). Sus m\u00e1s de 150 investigadores e investigadoras, de veinte nacionalidades, publican el 77% de sus resultados en revistas de alto impacto (Q1). Cient\u00edficos y cient\u00edficas del CSIC y de la UPO trabajan conjuntamente en investigaci\u00f3n b\u00e1sica, pero tambi\u00e9n aplicada, ya que muchas de ellas tienen como fin, por ejemplo, el tratamiento de las enfermedades raras o la lucha contra bacterias resistentes a los antibi\u00f3ticos.<\/p>\n<p><a href=\"https:\/\/www.upo.es\/diario\/wp-content\/uploads\/2023\/06\/CABD-20-aniversario-5-scaled.jpg\"><img loading=\"lazy\" decoding=\"async\" class=\"aligncenter size-large wp-image-30878802\" src=\"https:\/\/www.upo.es\/diario\/wp-content\/uploads\/2023\/06\/CABD-20-aniversario-5-750x337.jpg\" alt=\"\" width=\"750\" height=\"337\" srcset=\"https:\/\/www.upo.es\/diario\/wp-content\/uploads\/2023\/06\/CABD-20-aniversario-5-750x337.jpg 750w, https:\/\/www.upo.es\/diario\/wp-content\/uploads\/2023\/06\/CABD-20-aniversario-5-420x189.jpg 420w, https:\/\/www.upo.es\/diario\/wp-content\/uploads\/2023\/06\/CABD-20-aniversario-5-768x346.jpg 768w, https:\/\/www.upo.es\/diario\/wp-content\/uploads\/2023\/06\/CABD-20-aniversario-5-1536x691.jpg 1536w, https:\/\/www.upo.es\/diario\/wp-content\/uploads\/2023\/06\/CABD-20-aniversario-5-2048x921.jpg 2048w\" sizes=\"auto, (max-width: 750px) 100vw, 750px\" \/><\/a><\/p>\n","protected":false},"excerpt":{"rendered":"<p>Presentado el programa por el reconocimiento como Unidad Mar\u00eda de Maeztu para el periodo 2022-2025 sobre la comprensi\u00f3n de los principios de auto organizaci\u00f3n celular en diferentes niveles de complejidad biol\u00f3gica.<\/p>\n","protected":false},"author":6,"featured_media":30878798,"comment_status":"closed","ping_status":"open","sticky":false,"template":"","format":"standard","meta":{"_monsterinsights_skip_tracking":false,"_monsterinsights_sitenote_active":false,"_monsterinsights_sitenote_note":"","_monsterinsights_sitenote_category":0,"footnotes":""},"categories":[6],"tags":[5133,43,5956,45,4021,203,4389,2199],"class_list":["post-30878803","post","type-post","status-publish","format-standard","has-post-thumbnail","hentry","category-institucional","tag-20-aniversario","tag-cabd","tag-centro-de-investigacion","tag-csic","tag-francisco-oliva-blazquez","tag-junta-de-andalucia","tag-maria-de-maeztu","tag-peter-askjaer"],"_links":{"self":[{"href":"https:\/\/www.upo.es\/diario\/wp-json\/wp\/v2\/posts\/30878803","targetHints":{"allow":["GET"]}}],"collection":[{"href":"https:\/\/www.upo.es\/diario\/wp-json\/wp\/v2\/posts"}],"about":[{"href":"https:\/\/www.upo.es\/diario\/wp-json\/wp\/v2\/types\/post"}],"author":[{"embeddable":true,"href":"https:\/\/www.upo.es\/diario\/wp-json\/wp\/v2\/users\/6"}],"replies":[{"embeddable":true,"href":"https:\/\/www.upo.es\/diario\/wp-json\/wp\/v2\/comments?post=30878803"}],"version-history":[{"count":8,"href":"https:\/\/www.upo.es\/diario\/wp-json\/wp\/v2\/posts\/30878803\/revisions"}],"predecessor-version":[{"id":30878812,"href":"https:\/\/www.upo.es\/diario\/wp-json\/wp\/v2\/posts\/30878803\/revisions\/30878812"}],"wp:featuredmedia":[{"embeddable":true,"href":"https:\/\/www.upo.es\/diario\/wp-json\/wp\/v2\/media\/30878798"}],"wp:attachment":[{"href":"https:\/\/www.upo.es\/diario\/wp-json\/wp\/v2\/media?parent=30878803"}],"wp:term":[{"taxonomy":"category","embeddable":true,"href":"https:\/\/www.upo.es\/diario\/wp-json\/wp\/v2\/categories?post=30878803"},{"taxonomy":"post_tag","embeddable":true,"href":"https:\/\/www.upo.es\/diario\/wp-json\/wp\/v2\/tags?post=30878803"}],"curies":[{"name":"wp","href":"https:\/\/api.w.org\/{rel}","templated":true}]}}