{"id":30878817,"date":"2023-06-09T11:52:35","date_gmt":"2023-06-09T09:52:35","guid":{"rendered":"https:\/\/www.upo.es\/diario\/?p=30878817"},"modified":"2023-06-15T15:38:22","modified_gmt":"2023-06-15T13:38:22","slug":"concierto-de-la-banda-del-sol-y-cata-de-olavidium-en-el-antiquarium-con-motivo-del-25o-aniversario-de-la-upo","status":"publish","type":"post","link":"https:\/\/www.upo.es\/diario\/cultura-social\/2023\/06\/concierto-de-la-banda-del-sol-y-cata-de-olavidium-en-el-antiquarium-con-motivo-del-25o-aniversario-de-la-upo\/","title":{"rendered":"Concierto de la Banda del Sol y Cata de \u2018Olavidium\u2019 en el Antiquarium con motivo del 25\u00ba Aniversario de la UPO"},"content":{"rendered":"<figure id=\"attachment_30878818\" aria-describedby=\"caption-attachment-30878818\" style=\"width: 750px\" class=\"wp-caption aligncenter\"><a href=\"https:\/\/www.upo.es\/diario\/wp-content\/uploads\/2023\/06\/310942ed-5e84-45d9-897b-c245039a33c8.jpg\"><img loading=\"lazy\" decoding=\"async\" class=\"size-large wp-image-30878818\" src=\"https:\/\/www.upo.es\/diario\/wp-content\/uploads\/2023\/06\/310942ed-5e84-45d9-897b-c245039a33c8-750x492.jpg\" alt=\"\" width=\"750\" height=\"492\" srcset=\"https:\/\/www.upo.es\/diario\/wp-content\/uploads\/2023\/06\/310942ed-5e84-45d9-897b-c245039a33c8-750x492.jpg 750w, https:\/\/www.upo.es\/diario\/wp-content\/uploads\/2023\/06\/310942ed-5e84-45d9-897b-c245039a33c8-420x276.jpg 420w, https:\/\/www.upo.es\/diario\/wp-content\/uploads\/2023\/06\/310942ed-5e84-45d9-897b-c245039a33c8-768x504.jpg 768w, https:\/\/www.upo.es\/diario\/wp-content\/uploads\/2023\/06\/310942ed-5e84-45d9-897b-c245039a33c8-380x250.jpg 380w, https:\/\/www.upo.es\/diario\/wp-content\/uploads\/2023\/06\/310942ed-5e84-45d9-897b-c245039a33c8-760x500.jpg 760w, https:\/\/www.upo.es\/diario\/wp-content\/uploads\/2023\/06\/310942ed-5e84-45d9-897b-c245039a33c8-165x109.jpg 165w, https:\/\/www.upo.es\/diario\/wp-content\/uploads\/2023\/06\/310942ed-5e84-45d9-897b-c245039a33c8.jpg 1024w\" sizes=\"auto, (max-width: 750px) 100vw, 750px\" \/><\/a><figcaption id=\"caption-attachment-30878818\" class=\"wp-caption-text\">Concierto &#8216;Un aniversario de pel\u00edcula&#8217; de la Banda del Sol<\/figcaption><\/figure>\n<p>La Universidad Pablo de Olavide ha organizado <strong>\u2018Un aniversario de pel\u00edcula\u2019<\/strong>, un acto con motivo del <strong>25\u00ba Aniversario<\/strong> de la instituci\u00f3n en la Sala Antiquarium de Sevilla, que ha contado con un concierto de bandas sonoras de largometrajes a cargo de la Banda de M\u00fasica del Sol con la direcci\u00f3n de <strong>Jorge Belda Mora<\/strong> y una cata de vino Olavidium.<\/p>\n<p>El acto cont\u00f3 con la presencia del vicerrector de Estrategia y Planificaci\u00f3n Acad\u00e9mica y vicerrector primero, <strong>Jos\u00e9 Antonio S\u00e1nchez Medina<\/strong>; la vicerrectora de Relaciones Institucionales y Fundaciones, <strong>Laura L\u00f3pez de la Cruz<\/strong>; la directora general de Inclusi\u00f3n y Pol\u00edticas Socioculturales, <strong>Mar\u00eda Jos\u00e9 Parejo Guzm\u00e1n<\/strong>; el catedr\u00e1tico de Gen\u00e9tica de la UPO, <strong>Juan Jim\u00e9nez Mart\u00ednez<\/strong>; <strong>Gumersindo Caballero G\u00f3mez<\/strong>, de la sede Olavide en Sevilla \u2013 Centro; y <strong>Javier Fito<\/strong>, coordinador de la Sala Antiquarium del Ayuntamiento de Sevilla.<\/p>\n<figure id=\"attachment_30878819\" aria-describedby=\"caption-attachment-30878819\" style=\"width: 420px\" class=\"wp-caption alignright\"><a href=\"https:\/\/www.upo.es\/diario\/wp-content\/uploads\/2023\/06\/1b8f01d2-79a3-4db2-bcb4-0e7e10c33681.jpg\"><img loading=\"lazy\" decoding=\"async\" class=\"size-medium wp-image-30878819\" src=\"https:\/\/www.upo.es\/diario\/wp-content\/uploads\/2023\/06\/1b8f01d2-79a3-4db2-bcb4-0e7e10c33681-420x315.jpg\" alt=\"\" width=\"420\" height=\"315\" srcset=\"https:\/\/www.upo.es\/diario\/wp-content\/uploads\/2023\/06\/1b8f01d2-79a3-4db2-bcb4-0e7e10c33681-420x315.jpg 420w, https:\/\/www.upo.es\/diario\/wp-content\/uploads\/2023\/06\/1b8f01d2-79a3-4db2-bcb4-0e7e10c33681-700x525.jpg 700w, https:\/\/www.upo.es\/diario\/wp-content\/uploads\/2023\/06\/1b8f01d2-79a3-4db2-bcb4-0e7e10c33681-768x576.jpg 768w, https:\/\/www.upo.es\/diario\/wp-content\/uploads\/2023\/06\/1b8f01d2-79a3-4db2-bcb4-0e7e10c33681.jpg 1024w\" sizes=\"auto, (max-width: 420px) 100vw, 420px\" \/><\/a><figcaption id=\"caption-attachment-30878819\" class=\"wp-caption-text\">Javier Fito, Juan Jim\u00e9nez, Laura L\u00f3pez, Mar\u00eda Jos\u00e9 Parejo, Jorge Belda, Jos\u00e9 Antonio S\u00e1nchez y Gumersindo Caballero<\/figcaption><\/figure>\n<p>La Banda del Sol fue creada por Jos\u00e9 Mar\u00eda G\u00f3mez D\u00edaz y, en 1999, se vincula a la Hermandad del Sol tomando como nombre el de la titular de la instituci\u00f3n. En la actualidad, su relaci\u00f3n con la UPO a trav\u00e9s del Vicerrectorado de Cultura y Pol\u00edticas Sociales tiene forma en la Escuela de Percusi\u00f3n que la Banda ha constituido en el Colegio Paz y Bien para ni\u00f1os, ni\u00f1as y j\u00f3venes del barrio Pol\u00edgono Sur con el apoyo del Espacio de Innovaci\u00f3n Social de la Residencia Universitaria Flora Trist\u00e1n.<\/p>\n<p>Olavidium es un vino que nace de la fermentaci\u00f3n del mosto de uva soleada de la variedad moscatel de grano menudo, con una levadura aut\u00f3ctona de Andaluc\u00eda, aislada y seleccionada por personal investigador de la Universidad Pablo de Olavide por sus propiedades \u00fanicas y su sorprendente poder fermentativo. Juan Jim\u00e9nez, ex rector de la UPO, es el director de este proyecto junto con Andr\u00e9s Garz\u00f3n.<\/p>\n","protected":false},"excerpt":{"rendered":"<p>La Universidad Pablo de Olavide ha organizado \u2018Un aniversario de pel\u00edcula\u2019, un acto con motivo del 25\u00ba Aniversario de la instituci\u00f3n en la Sala Antiquarium de Sevilla, que ha contado con un concierto de bandas sonoras de largometrajes a cargo de la Banda de M\u00fasica del Sol con la direcci\u00f3n de Jorge Belda Mora y una cata de vino Olavidium.<\/p>\n","protected":false},"author":14,"featured_media":30878818,"comment_status":"closed","ping_status":"open","sticky":false,"template":"","format":"standard","meta":{"_monsterinsights_skip_tracking":false,"_monsterinsights_sitenote_active":false,"_monsterinsights_sitenote_note":"","_monsterinsights_sitenote_category":0,"footnotes":""},"categories":[5843],"tags":[7944,8471,631,3995,6243,7194],"class_list":["post-30878817","post","type-post","status-publish","format-standard","has-post-thumbnail","hentry","category-cultura-social","tag-25-aniversario-upo","tag-banda-del-sol","tag-juan-jimenez","tag-olavidium","tag-sala-antiquarium","tag-vicerrectorado-de-cultura-y-politicas-sociales"],"_links":{"self":[{"href":"https:\/\/www.upo.es\/diario\/wp-json\/wp\/v2\/posts\/30878817","targetHints":{"allow":["GET"]}}],"collection":[{"href":"https:\/\/www.upo.es\/diario\/wp-json\/wp\/v2\/posts"}],"about":[{"href":"https:\/\/www.upo.es\/diario\/wp-json\/wp\/v2\/types\/post"}],"author":[{"embeddable":true,"href":"https:\/\/www.upo.es\/diario\/wp-json\/wp\/v2\/users\/14"}],"replies":[{"embeddable":true,"href":"https:\/\/www.upo.es\/diario\/wp-json\/wp\/v2\/comments?post=30878817"}],"version-history":[{"count":1,"href":"https:\/\/www.upo.es\/diario\/wp-json\/wp\/v2\/posts\/30878817\/revisions"}],"predecessor-version":[{"id":30878820,"href":"https:\/\/www.upo.es\/diario\/wp-json\/wp\/v2\/posts\/30878817\/revisions\/30878820"}],"wp:featuredmedia":[{"embeddable":true,"href":"https:\/\/www.upo.es\/diario\/wp-json\/wp\/v2\/media\/30878818"}],"wp:attachment":[{"href":"https:\/\/www.upo.es\/diario\/wp-json\/wp\/v2\/media?parent=30878817"}],"wp:term":[{"taxonomy":"category","embeddable":true,"href":"https:\/\/www.upo.es\/diario\/wp-json\/wp\/v2\/categories?post=30878817"},{"taxonomy":"post_tag","embeddable":true,"href":"https:\/\/www.upo.es\/diario\/wp-json\/wp\/v2\/tags?post=30878817"}],"curies":[{"name":"wp","href":"https:\/\/api.w.org\/{rel}","templated":true}]}}