{"id":30878821,"date":"2023-06-09T12:58:14","date_gmt":"2023-06-09T10:58:14","guid":{"rendered":"https:\/\/www.upo.es\/diario\/?p=30878821"},"modified":"2023-06-12T21:09:10","modified_gmt":"2023-06-12T19:09:10","slug":"congreso-internacional-en-la-upo-sobre-criminalidad-y-desastres-en-el-entorno-natural-y-humano","status":"publish","type":"post","link":"https:\/\/www.upo.es\/diario\/docencia-formacion\/2023\/06\/congreso-internacional-en-la-upo-sobre-criminalidad-y-desastres-en-el-entorno-natural-y-humano\/","title":{"rendered":"Congreso Internacional en la UPO sobre criminalidad y desastres en el entorno natural y humano"},"content":{"rendered":"<figure id=\"attachment_30878822\" aria-describedby=\"caption-attachment-30878822\" style=\"width: 750px\" class=\"wp-caption aligncenter\"><a href=\"https:\/\/www.upo.es\/diario\/wp-content\/uploads\/2023\/06\/Cong_Macrocriminalidad0.jpg\"><img loading=\"lazy\" decoding=\"async\" class=\"size-large wp-image-30878822\" src=\"https:\/\/www.upo.es\/diario\/wp-content\/uploads\/2023\/06\/Cong_Macrocriminalidad0-750x500.jpg\" alt=\"\" width=\"750\" height=\"500\" srcset=\"https:\/\/www.upo.es\/diario\/wp-content\/uploads\/2023\/06\/Cong_Macrocriminalidad0-750x500.jpg 750w, https:\/\/www.upo.es\/diario\/wp-content\/uploads\/2023\/06\/Cong_Macrocriminalidad0-420x280.jpg 420w, https:\/\/www.upo.es\/diario\/wp-content\/uploads\/2023\/06\/Cong_Macrocriminalidad0-768x512.jpg 768w, https:\/\/www.upo.es\/diario\/wp-content\/uploads\/2023\/06\/Cong_Macrocriminalidad0-1536x1025.jpg 1536w, https:\/\/www.upo.es\/diario\/wp-content\/uploads\/2023\/06\/Cong_Macrocriminalidad0-165x109.jpg 165w, https:\/\/www.upo.es\/diario\/wp-content\/uploads\/2023\/06\/Cong_Macrocriminalidad0-1320x880.jpg 1320w, https:\/\/www.upo.es\/diario\/wp-content\/uploads\/2023\/06\/Cong_Macrocriminalidad0.jpg 2000w\" sizes=\"auto, (max-width: 750px) 100vw, 750px\" \/><\/a><figcaption id=\"caption-attachment-30878822\" class=\"wp-caption-text\">Pastora Garc\u00eda, Viviana Caruso y Donato Castronuovo<\/figcaption><\/figure>\n<p>La Universidad Pablo de Olavide acoge hasta el pr\u00f3ximo 12 de junio el <a href=\"https:\/\/eventos.upo.es\/96323\/detail\/congreso-internacional-sobre-macrocriminalidad-lcriminalidad-y-desastres-en-el-entorno-natural-y-hu.html\">Congreso Internacional sobre Macrocriminalidad \u2018Criminalidad y desastres en el entorno natural y humano\u2019<\/a> coorganizado por el Grupo Internacional e Interdisciplinario de Investigaciones sobre la Criminalidad de la UPO (<strong>GI3CRIM<\/strong>) y el Centro de Estudios Jur\u00eddicos Europeos sobre la Macrocriminalidad (<strong>Macrocrimes<\/strong>) de Ferrara.<\/p>\n<p>La mesa inaugural ha contado con la presencia de la vicedecana de Calidad y Nuevas Tecnolog\u00edas de la Facultad de Derecho de la UPO, <strong>Viviana Caruso Font\u00e1n<\/strong>; y la directora y director del congreso: <strong>Pastora Garc\u00eda \u00c1lvarez<\/strong>, profesora del Departamento de Derecho P\u00fablico de la Universidad Pablo de Olavide, y <strong>Donato Castronuovo<\/strong>, de la Universit\u00e0 degli Studi di Ferrara (Italia).<\/p>\n<p>Este foro re\u00fane a personas especialistas llegadas de Espa\u00f1a e Italia en criminolog\u00eda verde, Derecho penal internacional y Derecho penal medioambiental con el objetivo de plantear cuestiones como el equilibrio entre desarrollo econ\u00f3mico y social y protecci\u00f3n del medioambiente y la salud; o el nivel de riesgo o de da\u00f1o permitido por el Derecho en este sentido.<\/p>\n<p>Desde el famoso terremoto de Lisboa de 1755, se plantean cuestiones como el grado de contribuci\u00f3n de la mano del ser humano a este tipo de cat\u00e1strofes. Desde la revoluci\u00f3n industrial, a los desastres naturales, se unen otros de pura creaci\u00f3n humana como la contaminaci\u00f3n que, como resultado de limitaciones tecnol\u00f3gicas y af\u00e1n de ahorro en los procesos de producci\u00f3n industrial, destruye la naturaleza y envenena a las personas.<\/p>\n<p>El Congreso Internacional sobre Macrocriminalidad se organiza en torno a tres mesas tem\u00e1ticas principales sobre los desastres ambientales y la criminolog\u00eda verde; su vertiente en el Derecho penal internacional y derechos humanos; y en los ordenamientos nacionales.<\/p>\n<p>El lunes concluye con la reuni\u00f3n fundacional de la <strong><em>Disaster &amp; Criminality Network<\/em><\/strong>\u00a0que tiene como vocaci\u00f3n ser un espacio informal de intercambio de informaci\u00f3n y experiencias de naturaleza cient\u00edfica sobre la criminalidad relacionada con desastres y un potencial punto de encuentro para poner en marcha proyectos en com\u00fan.<\/p>\n","protected":false},"excerpt":{"rendered":"<p>La Universidad Pablo de Olavide acoge hasta el pr\u00f3ximo 12 de junio el Congreso Internacional sobre Macrocriminalidad \u2018Criminalidad y desastres en el entorno natural y humano\u2019 coorganizado por el Grupo Internacional e Interdisciplinario de Investigaciones sobre la Criminalidad de la UPO (GI3CRIM) y el Centro de Estudios Jur\u00eddicos Europeos sobre la Macrocriminalidad (Macrocrimes) de Ferrara.<\/p>\n","protected":false},"author":14,"featured_media":30878822,"comment_status":"closed","ping_status":"open","sticky":false,"template":"","format":"standard","meta":{"_monsterinsights_skip_tracking":false,"_monsterinsights_sitenote_active":false,"_monsterinsights_sitenote_note":"","_monsterinsights_sitenote_category":0,"footnotes":""},"categories":[2779],"tags":[1880,8475,8473,81,8474,8472,2095],"class_list":["post-30878821","post","type-post","status-publish","format-standard","has-post-thumbnail","hentry","category-docencia-formacion","tag-congreso-internacional","tag-criminologia-verde","tag-desastres-naturales","tag-facultad-de-derecho","tag-gi3crim","tag-macrocriminalidad","tag-medioambiente"],"_links":{"self":[{"href":"https:\/\/www.upo.es\/diario\/wp-json\/wp\/v2\/posts\/30878821","targetHints":{"allow":["GET"]}}],"collection":[{"href":"https:\/\/www.upo.es\/diario\/wp-json\/wp\/v2\/posts"}],"about":[{"href":"https:\/\/www.upo.es\/diario\/wp-json\/wp\/v2\/types\/post"}],"author":[{"embeddable":true,"href":"https:\/\/www.upo.es\/diario\/wp-json\/wp\/v2\/users\/14"}],"replies":[{"embeddable":true,"href":"https:\/\/www.upo.es\/diario\/wp-json\/wp\/v2\/comments?post=30878821"}],"version-history":[{"count":1,"href":"https:\/\/www.upo.es\/diario\/wp-json\/wp\/v2\/posts\/30878821\/revisions"}],"predecessor-version":[{"id":30878823,"href":"https:\/\/www.upo.es\/diario\/wp-json\/wp\/v2\/posts\/30878821\/revisions\/30878823"}],"wp:featuredmedia":[{"embeddable":true,"href":"https:\/\/www.upo.es\/diario\/wp-json\/wp\/v2\/media\/30878822"}],"wp:attachment":[{"href":"https:\/\/www.upo.es\/diario\/wp-json\/wp\/v2\/media?parent=30878821"}],"wp:term":[{"taxonomy":"category","embeddable":true,"href":"https:\/\/www.upo.es\/diario\/wp-json\/wp\/v2\/categories?post=30878821"},{"taxonomy":"post_tag","embeddable":true,"href":"https:\/\/www.upo.es\/diario\/wp-json\/wp\/v2\/tags?post=30878821"}],"curies":[{"name":"wp","href":"https:\/\/api.w.org\/{rel}","templated":true}]}}