{"id":30878827,"date":"2023-06-09T14:09:31","date_gmt":"2023-06-09T12:09:31","guid":{"rendered":"https:\/\/www.upo.es\/diario\/?p=30878827"},"modified":"2023-06-09T14:09:31","modified_gmt":"2023-06-09T12:09:31","slug":"cancionero-lorca-concierto-del-coro-de-la-upo-con-motivo-del-125o-aniversario-del-nacimiento-del-poeta","status":"publish","type":"post","link":"https:\/\/www.upo.es\/diario\/cultura\/2023\/06\/cancionero-lorca-concierto-del-coro-de-la-upo-con-motivo-del-125o-aniversario-del-nacimiento-del-poeta\/","title":{"rendered":"\u2018Cancionero Lorca\u2019, concierto del Coro de la UPO con motivo del 125\u00ba aniversario del nacimiento del poeta"},"content":{"rendered":"<p><a href=\"https:\/\/www.upo.es\/diario\/wp-content\/uploads\/2023\/06\/imagen1_CoroFundicion.jpg\"><img loading=\"lazy\" decoding=\"async\" class=\"alignright size-medium wp-image-30878831\" src=\"https:\/\/www.upo.es\/diario\/wp-content\/uploads\/2023\/06\/imagen1_CoroFundicion-280x420.jpg\" alt=\"\" width=\"280\" height=\"420\" srcset=\"https:\/\/www.upo.es\/diario\/wp-content\/uploads\/2023\/06\/imagen1_CoroFundicion-280x420.jpg 280w, https:\/\/www.upo.es\/diario\/wp-content\/uploads\/2023\/06\/imagen1_CoroFundicion-350x525.jpg 350w, https:\/\/www.upo.es\/diario\/wp-content\/uploads\/2023\/06\/imagen1_CoroFundicion-768x1152.jpg 768w, https:\/\/www.upo.es\/diario\/wp-content\/uploads\/2023\/06\/imagen1_CoroFundicion.jpg 853w\" sizes=\"auto, (max-width: 280px) 100vw, 280px\" \/><\/a>El <strong>Coro de la Universidad Pablo de Olavide<\/strong> presenta este lunes <strong>12 de junio a las 20:30 horas en la Sala La Fundici\u00f3n<\/strong> (Calle Habana, 18. Sevilla) el concierto <strong>\u2018Cancionero Lorca\u2019<\/strong> junto con la voz del grupo \u2018091\u2019, el solista <strong>Jos\u00e9 Antonio Garc\u00eda<\/strong> con motivo del 125\u00ba aniversario del nacimiento del poeta andaluz Federico Garc\u00eda Lorca el 5 de junio de 1898 en Fuente Vaqueros (Granada).<\/p>\n<p>Con la direcci\u00f3n art\u00edstica de <strong>Miguel Rodr\u00edguez<\/strong> y la direcci\u00f3n musical de <strong>Jorge R. Morata<\/strong>, el concierto cuenta tambi\u00e9n con <strong>Nicol\u00e1s Hern\u00e1ndez<\/strong> (guitarra el\u00e9ctrica), <strong>Chano Robles<\/strong> (\u00f3rgano) y <strong>David Ruiz<\/strong> (percusi\u00f3n) como m\u00fasicos invitados.<\/p>\n<p>El <strong>Vicerrectorado de Cultura y Pol\u00edticas Sociales<\/strong> de la UPO, a trav\u00e9s del <strong>Servicio de Extensi\u00f3n Cultural<\/strong>, en su trabajo de promoci\u00f3n y difusi\u00f3n de la cultura universitaria, ha coordinado la presentaci\u00f3n de las propuestas art\u00edsticas del Aula de Artes Esc\u00e9nicas La Escalera Teatro, el Coro de la UPO y el Aula de Flamenco (el pr\u00f3ximo 24 de junio) en la Sala La Fundici\u00f3n de Sevilla. Esta colaboraci\u00f3n se inici\u00f3 en el a\u00f1o 2004 y se ha ampliado a todas las disciplinas art\u00edsticas que se integran en el Programa Artes y Formaci\u00f3n en este curso de la celebraci\u00f3n del 25\u00ba Aniversario de la Universidad.<\/p>\n","protected":false},"excerpt":{"rendered":"<p>El coro de la Universidad Pablo de Olavide presenta este lunes 12 de junio a las 20:30 horas en la Sala La Fundici\u00f3n (Calle Habana, 18. Sevilla) el concierto \u2018Cancionero Lorca\u2019 junto con la voz del grupo \u2018091\u2019, el solista Jos\u00e9 Antonio Garc\u00eda con motivo del 125\u00ba aniversario del nacimiento del poeta andaluz Federico Garc\u00eda Lorca el 5 de junio de 1898 en Fuente Vaqueros (Granada).<\/p>\n","protected":false},"author":14,"featured_media":30878831,"comment_status":"closed","ping_status":"open","sticky":false,"template":"","format":"standard","meta":{"_monsterinsights_skip_tracking":false,"_monsterinsights_sitenote_active":false,"_monsterinsights_sitenote_note":"","_monsterinsights_sitenote_category":0,"footnotes":""},"categories":[7],"tags":[8476,403,71,5834,6931,4117,3746,7194],"class_list":["post-30878827","post","type-post","status-publish","format-standard","has-post-thumbnail","hentry","category-cultura","tag-8476","tag-concierto","tag-coro","tag-cultura","tag-federico-garcia-lorca","tag-sala-la-fundicion","tag-servicio-de-extension-cultural","tag-vicerrectorado-de-cultura-y-politicas-sociales"],"_links":{"self":[{"href":"https:\/\/www.upo.es\/diario\/wp-json\/wp\/v2\/posts\/30878827","targetHints":{"allow":["GET"]}}],"collection":[{"href":"https:\/\/www.upo.es\/diario\/wp-json\/wp\/v2\/posts"}],"about":[{"href":"https:\/\/www.upo.es\/diario\/wp-json\/wp\/v2\/types\/post"}],"author":[{"embeddable":true,"href":"https:\/\/www.upo.es\/diario\/wp-json\/wp\/v2\/users\/14"}],"replies":[{"embeddable":true,"href":"https:\/\/www.upo.es\/diario\/wp-json\/wp\/v2\/comments?post=30878827"}],"version-history":[{"count":1,"href":"https:\/\/www.upo.es\/diario\/wp-json\/wp\/v2\/posts\/30878827\/revisions"}],"predecessor-version":[{"id":30878832,"href":"https:\/\/www.upo.es\/diario\/wp-json\/wp\/v2\/posts\/30878827\/revisions\/30878832"}],"wp:featuredmedia":[{"embeddable":true,"href":"https:\/\/www.upo.es\/diario\/wp-json\/wp\/v2\/media\/30878831"}],"wp:attachment":[{"href":"https:\/\/www.upo.es\/diario\/wp-json\/wp\/v2\/media?parent=30878827"}],"wp:term":[{"taxonomy":"category","embeddable":true,"href":"https:\/\/www.upo.es\/diario\/wp-json\/wp\/v2\/categories?post=30878827"},{"taxonomy":"post_tag","embeddable":true,"href":"https:\/\/www.upo.es\/diario\/wp-json\/wp\/v2\/tags?post=30878827"}],"curies":[{"name":"wp","href":"https:\/\/api.w.org\/{rel}","templated":true}]}}