{"id":30878853,"date":"2023-06-13T15:00:53","date_gmt":"2023-06-13T13:00:53","guid":{"rendered":"https:\/\/www.upo.es\/diario\/?p=30878853"},"modified":"2023-06-15T14:37:48","modified_gmt":"2023-06-15T12:37:48","slug":"la-primera-jornada-de-la-pevau-transcurre-sin-incidencias-en-la-universidad-pablo-de-olavide","status":"publish","type":"post","link":"https:\/\/www.upo.es\/diario\/institucional\/2023\/06\/la-primera-jornada-de-la-pevau-transcurre-sin-incidencias-en-la-universidad-pablo-de-olavide\/","title":{"rendered":"La primera jornada de la PEvAU transcurre sin incidencias en la Universidad Pablo de Olavide"},"content":{"rendered":"<figure id=\"attachment_30878854\" aria-describedby=\"caption-attachment-30878854\" style=\"width: 750px\" class=\"wp-caption aligncenter\"><a href=\"https:\/\/www.upo.es\/diario\/wp-content\/uploads\/2023\/06\/PEvAU-UPO-20-scaled.jpg\"><img loading=\"lazy\" decoding=\"async\" class=\"wp-image-30878854 size-large\" src=\"https:\/\/www.upo.es\/diario\/wp-content\/uploads\/2023\/06\/PEvAU-UPO-20-750x502.jpg\" alt=\"\" width=\"750\" height=\"502\" srcset=\"https:\/\/www.upo.es\/diario\/wp-content\/uploads\/2023\/06\/PEvAU-UPO-20-750x502.jpg 750w, https:\/\/www.upo.es\/diario\/wp-content\/uploads\/2023\/06\/PEvAU-UPO-20-420x281.jpg 420w, https:\/\/www.upo.es\/diario\/wp-content\/uploads\/2023\/06\/PEvAU-UPO-20-768x514.jpg 768w, https:\/\/www.upo.es\/diario\/wp-content\/uploads\/2023\/06\/PEvAU-UPO-20-1536x1028.jpg 1536w, https:\/\/www.upo.es\/diario\/wp-content\/uploads\/2023\/06\/PEvAU-UPO-20-2048x1371.jpg 2048w\" sizes=\"auto, (max-width: 750px) 100vw, 750px\" \/><\/a><figcaption id=\"caption-attachment-30878854\" class=\"wp-caption-text\">Aula de examen de la PEvAU en el campus de la UPO<\/figcaption><\/figure>\n<p>El campus de la Universidad Pablo de Olavide ha acogido esta ma\u00f1ana la primera jornada de la Prueba de Evaluaci\u00f3n y Acceso a la Universidad (PEvAU), donde <strong>1.469 estudiantes de 35 centros de Sevilla capital y provincia han realizado sin incidencias los primeros ex\u00e1menes de la fase de acceso<\/strong> de las asignaturas de Lengua Castellana y Literatura II, Historia de Espa\u00f1a y Lengua Extranjera.<\/p>\n<p>La Universidad Pablo de Olavide, que coordina este a\u00f1o las pruebas a nivel andaluz, ha recibido la visita de la consejera de Desarrollo Educativo y Formaci\u00f3n Profesional de la Junta de Andaluc\u00eda, <strong>Patricia del Pozo Fern\u00e1ndez<\/strong>, y el consejero de Universidad, Investigaci\u00f3n e Innovaci\u00f3n, <strong>Jos\u00e9 Carlos G\u00f3mez Villamandos<\/strong>, que han sido recibidos por la vicerrectora de Relaciones Institucionales y Fundaciones de la UPO, <strong>Laura L\u00f3pez de la Cruz<\/strong>, y la vicerrectora de Estudiantes, <strong>Mari\u00e1n Mor\u00f3n Mart\u00edn<\/strong>.<\/p>\n<p>Patricia del Pozo ha dado las gracias y la enhorabuena a la Universidad Pablo de Olavide por la preparaci\u00f3n de sus sedes para estas pruebas y ha informado que, en Andaluc\u00eda, ha aumentado este curso casi un 4% el n\u00famero de estudiantes que se presentan a la PEvAU respecto al a\u00f1o anterior en las 129 sedes habilitadas. En total, \u201ccasi 50.000 andaluces del futuro que persiguen un sue\u00f1o y llevan muchos a\u00f1os prepar\u00e1ndose para un proyecto de vida. Por eso es tan importante el d\u00eda de hoy\u201d. Por otra parte, ha destacado que \u201cnuestros estudiantes alcanzan muy buenas notas en la PEvAU y el porcentaje de aprobados supera el 96%\u201d.<\/p>\n<figure id=\"attachment_30878856\" aria-describedby=\"caption-attachment-30878856\" style=\"width: 420px\" class=\"wp-caption alignright\"><a href=\"https:\/\/www.upo.es\/diario\/wp-content\/uploads\/2023\/06\/PEvAU-UPO-MC-Consejerias-15-scaled.jpg\"><img loading=\"lazy\" decoding=\"async\" class=\"size-medium wp-image-30878856\" src=\"https:\/\/www.upo.es\/diario\/wp-content\/uploads\/2023\/06\/PEvAU-UPO-MC-Consejerias-15-420x236.jpg\" alt=\"\" width=\"420\" height=\"236\" srcset=\"https:\/\/www.upo.es\/diario\/wp-content\/uploads\/2023\/06\/PEvAU-UPO-MC-Consejerias-15-420x236.jpg 420w, https:\/\/www.upo.es\/diario\/wp-content\/uploads\/2023\/06\/PEvAU-UPO-MC-Consejerias-15-750x422.jpg 750w, https:\/\/www.upo.es\/diario\/wp-content\/uploads\/2023\/06\/PEvAU-UPO-MC-Consejerias-15-768x432.jpg 768w, https:\/\/www.upo.es\/diario\/wp-content\/uploads\/2023\/06\/PEvAU-UPO-MC-Consejerias-15-1536x864.jpg 1536w, https:\/\/www.upo.es\/diario\/wp-content\/uploads\/2023\/06\/PEvAU-UPO-MC-Consejerias-15-2048x1152.jpg 2048w\" sizes=\"auto, (max-width: 420px) 100vw, 420px\" \/><\/a><figcaption id=\"caption-attachment-30878856\" class=\"wp-caption-text\">Mari\u00e1n Mor\u00f3n, Jos\u00e9 Carlos G\u00f3mez, Patricia del Pozo y Laura L\u00f3pez<\/figcaption><\/figure>\n<p>Por su parte, Jos\u00e9 Carlos G\u00f3mez Villamandos ha destacado \u201cla coordinaci\u00f3n que se realiza entre el profesorado universitario y el de Bachillerato\u201d para que los ex\u00e1menes sean adecuados y con todas las garant\u00edas. \u201cEn Andaluc\u00eda, tenemos la satisfacci\u00f3n de que las notas de la PEvAU son de las m\u00e1s altas de Espa\u00f1a, lo que pone de manifiesto el compromiso y el gran esfuerzo de toda la cadena educativa\u201d, ha remarcado. Asimismo, ha se\u00f1alado que esta prueba \u201cviene a homogeneizar a nivel estatal las diferencias que se pueden producir en el Bachillerato y tenemos que intentar que sea as\u00ed hasta que sea posible llegar a la prueba \u00fanica\u201d. \u201cHoy es un d\u00eda importante para estos j\u00f3venes y para sus familias porque se abre la posibilidad de ingresar en la universidad, pero no hay que dramatizar los resultados finales porque el n\u00famero de aprobados es muy alto y hay plazas suficientes para estos 50.000 estudiantes. Nuestras universidades son referentes a nivel nacional e internacional\u201d, ha concluido el consejero.<\/p>\n<p>La vicerrectora de Estudiantes, Mari\u00e1n Mor\u00f3n Mart\u00edn, ha destacado \u201cla ilusi\u00f3n y la responsabilidad\u201d con las que la UPO ha afrontado la coordinaci\u00f3n de las pruebas a nivel andaluz. Tras la celebraci\u00f3n de los primeros ex\u00e1menes, \u201ctodo se ha desarrollado con absoluta normalidad y animamos a los y las estudiantes a continuar con confianza en esta fase crucial en el desarrollo de su vida acad\u00e9mica y en su futuro profesional\u201d, ha se\u00f1alado.<\/p>\n<p>Para el desarrollo de las pruebas, la Universidad Pablo de Olavide ha dispuesto cuatro sedes en los edificios del campus y una serie de recursos como <strong>una sala de bienestar para los y las estudiantes y sus familias<\/strong> en el pabell\u00f3n n\u00famero 37, as\u00ed como la <strong>asistencia de profesionales del servicio de atenci\u00f3n y formaci\u00f3n en salud emocional de la UPO, EncuentrOlavide<\/strong>.<\/p>\n<h3><strong>Lorca en el 125\u00ba Aniversario de su nacimiento y Primo de Rivera otra vez<\/strong><\/h3>\n<figure id=\"attachment_30878859\" aria-describedby=\"caption-attachment-30878859\" style=\"width: 420px\" class=\"wp-caption alignright\"><a href=\"https:\/\/www.upo.es\/diario\/wp-content\/uploads\/2023\/06\/PEvAU-UPO-5-scaled.jpg\"><img loading=\"lazy\" decoding=\"async\" class=\"size-medium wp-image-30878859\" src=\"https:\/\/www.upo.es\/diario\/wp-content\/uploads\/2023\/06\/PEvAU-UPO-5-420x236.jpg\" alt=\"\" width=\"420\" height=\"236\" srcset=\"https:\/\/www.upo.es\/diario\/wp-content\/uploads\/2023\/06\/PEvAU-UPO-5-420x236.jpg 420w, https:\/\/www.upo.es\/diario\/wp-content\/uploads\/2023\/06\/PEvAU-UPO-5-750x422.jpg 750w, https:\/\/www.upo.es\/diario\/wp-content\/uploads\/2023\/06\/PEvAU-UPO-5-768x432.jpg 768w, https:\/\/www.upo.es\/diario\/wp-content\/uploads\/2023\/06\/PEvAU-UPO-5-1536x864.jpg 1536w, https:\/\/www.upo.es\/diario\/wp-content\/uploads\/2023\/06\/PEvAU-UPO-5-2048x1152.jpg 2048w\" sizes=\"auto, (max-width: 420px) 100vw, 420px\" \/><\/a><figcaption id=\"caption-attachment-30878859\" class=\"wp-caption-text\">Sala de bienestar en el Pabell\u00f3n 37 de la UPO<\/figcaption><\/figure>\n<p>El primer examen ha sido el de <strong>Lengua Castellana y Literatura II<\/strong>, en el que el alumnado de Bachillerato ha tenido que elegir en el primer bloque (5 puntos) entre un fragmento de \u2018La Casa de Bernarda Alba\u2019 de Federico Garc\u00eda Lorca, del que ahora se cumple el 125\u00ba Aniversario de su nacimiento, y un editorial del peri\u00f3dico El Pa\u00eds de fecha 28 de enero de 2023 sobre la trascendencia de la brecha digital en la p\u00e9rdida de derechos de la ciudadan\u00eda. A continuaci\u00f3n, en un segundo bloque, los y las estudiantes han tenido que elegir para responden una opci\u00f3n de cada una de las cuatro cuestiones propuestas (5 puntos).<\/p>\n<p>Tras un descanso de una hora, a las 11:00 ha dado comienzo la prueba de <strong>Historia de Espa\u00f1a<\/strong>, donde han podido elegir entre cuatro temas a desarrollar (5,5 puntos): la crisis de la monarqu\u00eda borb\u00f3nica. La Guerra de la Independencia y los comienzos de la revoluci\u00f3n liberal. La Constituci\u00f3n de 1812; el Sexenio Revolucionario (1868-1874): intentos democratizadores. De la revoluci\u00f3n al ensayo republicano; la Dictadura de Primo de Rivera; y los gobiernos democr\u00e1ticos. Por \u00faltimo, han contestado a tres cuestiones entre seis disponibles (1,5 puntos cada una).<\/p>\n<p>La primera jornada ha concluido con el examen de <strong>Lengua Extranjera<\/strong> (alem\u00e1n, franc\u00e9s, ingl\u00e9s, italiano o portugu\u00e9s), donde se valora la comprensi\u00f3n lectora y la expresi\u00f3n escrita del alumnado. En ingl\u00e9s, la prueba ha constado de tres bloques. En el primero, de comprensi\u00f3n lectora, alumnas y alumnos han podido elegir entre dos textos sobre el que han tenido que responder unas preguntas (4 puntos) sobre la historia de la hija de un piloto que combati\u00f3 en la Segunda Guerra Mundial y los esfuerzos de la UNESCO para salvaguardar los lugares que son Patrimonio de la Humanidad. En el segundo, han tenido que contestar seis de las doce preguntas propuestas (3 puntos); y en el \u00faltimo han realizado una redacci\u00f3n sobre uno de los dos temas propuestos con una extensi\u00f3n m\u00ednima de 120 palabras (3 puntos).<\/p>\n<p>La <strong>fase de acceso concluir\u00e1 ma\u00f1ana mi\u00e9rcoles 14 de junio con el ejercicio sobre una materia troncal general de segundo curso<\/strong>, elegida seg\u00fan la modalidad de Bachillerato entre Fundamentos del Arte II, Lat\u00edn II, Matem\u00e1ticas II y Matem\u00e1ticas Aplicadas a las Ciencias Sociales.<\/p>\n<h3><strong>Empate entre Ciencias y Humanidades<\/strong><\/h3>\n<p><strong>\u00a0<\/strong>En la convocatoria ordinaria de este a\u00f1o, se han inscrito 1.124 estudiantes para realizar en la UPO la fase de acceso junto a la de admisi\u00f3n; 308 solamente har\u00e1n los ex\u00e1menes de admisi\u00f3n, al tener superada la de acceso; y 37 estudiantes se han inscrito \u00fanicamente para esta.<\/p>\n<p>Del total del alumnado que concurre en este campus,<strong> el 48,64% lo hace desde la modalidad de Ciencias; el 48,64% desde Humanidades y Ciencias Sociales; y el 2,72% desde la modalidad de Artes<\/strong>.<\/p>\n<p>El proceso de preinscripci\u00f3n, donde se realizar\u00e1 la solicitud de plazas en las Universidades P\u00fablicas Andaluzas, comprende <strong>entre el 22 y el 30 de junio<\/strong>. Todo ello de forma telem\u00e1tica a trav\u00e9s de la p\u00e1gina del <a href=\"https:\/\/www.juntadeandalucia.es\/economiaconocimientoempresasyuniversidad\/sguit\/\">Distrito \u00danico Andaluz<\/a>. Para m\u00e1s informaci\u00f3n, la UPO pone a disposici\u00f3n de los y las estudiantes <a href=\"https:\/\/www.upo.es\/estudiantes\/es\/index.html\">iPuntOlavide<\/a>, un nuevo portal de informaci\u00f3n donde encontrar orientaci\u00f3n sobre estos procesos en la secci\u00f3n <a href=\"https:\/\/www.upo.es\/estudiantes\/es\/futuros-estudiantes\/\">Antes del Grado<\/a>.<\/p>\n<h3><strong>Hasta 40 Grados y Dobles Grados<\/strong><\/h3>\n<p><strong>\u00a0<\/strong>La Universidad Pablo de Olavide, <strong>primera universidad de Espa\u00f1a con todos sus centros de estudios certificados por el programa AUDIT de la Agencia Nacional de Evaluaci\u00f3n de la Calidad y Acreditaci\u00f3n (ANECA)<\/strong>, oferta 40 Grados y Dobles Grados para el pr\u00f3ximo curso acad\u00e9mico 2023\/2024. En total, son 2.635 plazas para el estudiantado de nuevo ingreso, de las que 506 corresponde al Centro Adscrito San Isidoro.<\/p>\n<p>Las cinco Facultades y la Escuela Polit\u00e9cnica Superior de la <strong>Universidad Pablo de Olavide<\/strong> ofrecen:<\/p>\n<table width=\"652\">\n<tbody>\n<tr>\n<td width=\"359\"><strong>GRADOS UNIVERSITARIOS<\/strong><\/td>\n<td width=\"208\"><strong>CENTRO<\/strong><\/td>\n<td width=\"85\"><strong>N\u00ba DE PLAZAS<\/strong><\/p>\n<p><strong>23-24<\/strong><\/td>\n<\/tr>\n<tr>\n<td width=\"359\">Grado en Administraci\u00f3n y Direcci\u00f3n de Empresas<\/td>\n<td width=\"208\">Facultad de CC. Empresariales<\/td>\n<td width=\"85\">100<\/td>\n<\/tr>\n<tr>\n<td width=\"359\">Grado en Administraci\u00f3n y Direcci\u00f3n de Empresas (Ingl\u00e9s)<\/td>\n<td width=\"208\">Facultad de CC. Empresariales<\/td>\n<td width=\"85\">22<\/td>\n<\/tr>\n<tr>\n<td width=\"359\">Grado en An\u00e1lisis Econ\u00f3mico<\/td>\n<td width=\"208\">Facultad de CC. Empresariales<\/td>\n<td width=\"85\">60<\/td>\n<\/tr>\n<tr>\n<td width=\"359\">Grado en Biotecnolog\u00eda<\/td>\n<td width=\"208\">Facultad de CC. Experimentales<\/td>\n<td width=\"85\">60<\/td>\n<\/tr>\n<tr>\n<td width=\"359\">Grado en Ciencias Ambientales<\/td>\n<td width=\"208\">Facultad de CC. Experimentales<\/td>\n<td width=\"85\">100<\/td>\n<\/tr>\n<tr>\n<td width=\"359\">Grado en Ciencias de la Actividad F\u00edsica y del Deporte<\/td>\n<td width=\"208\">Facultad de CC. del Deporte<\/td>\n<td width=\"85\">140<\/td>\n<\/tr>\n<tr>\n<td width=\"359\">Grado en Ciencias Pol\u00edticas y de la Administraci\u00f3n<\/td>\n<td width=\"208\">Facultad de Derecho<\/td>\n<td width=\"85\">25<\/td>\n<\/tr>\n<tr>\n<td width=\"359\">Grado en Criminolog\u00eda<\/td>\n<td width=\"208\">Facultad de Derecho<\/td>\n<td width=\"85\">60<\/td>\n<\/tr>\n<tr>\n<td width=\"359\">Grado en Derecho<\/td>\n<td width=\"208\">Facultad de Derecho<\/td>\n<td width=\"85\">65<\/td>\n<\/tr>\n<tr>\n<td width=\"359\">Grado en Derecho Hispano-Alem\u00e1n con la Universidad de Bayreuth<\/td>\n<td width=\"208\">Facultad de Derecho<\/td>\n<td width=\"85\">20<\/td>\n<\/tr>\n<tr>\n<td width=\"359\">Grado en Educaci\u00f3n Social<\/td>\n<td width=\"208\">Facultad de CC. Sociales<\/td>\n<td width=\"85\">60<\/td>\n<\/tr>\n<tr>\n<td width=\"359\">Grado en Finanzas y Contabilidad<\/td>\n<td width=\"208\">Facultad de CC. Empresariales<\/td>\n<td width=\"85\">100<\/td>\n<\/tr>\n<tr>\n<td width=\"359\">Grado en Geograf\u00eda e Historia<\/td>\n<td width=\"208\">Facultad de Humanidades<\/td>\n<td width=\"85\">34<\/td>\n<\/tr>\n<tr>\n<td width=\"359\">Grado en Humanidades<\/td>\n<td width=\"208\">Facultad de Humanidades<\/td>\n<td width=\"85\">30<\/td>\n<\/tr>\n<tr>\n<td width=\"359\">Grado en Ingenier\u00eda Inform\u00e1tica en Sistemas de Informaci\u00f3n<\/td>\n<td width=\"208\">Escuela Polit\u00e9cnica Superior<\/td>\n<td width=\"85\">80<\/td>\n<\/tr>\n<tr>\n<td width=\"359\">Grado en Nutrici\u00f3n Humana y Diet\u00e9tica<\/td>\n<td width=\"208\">Facultad de CC. Experimentales<\/td>\n<td width=\"85\">60<\/td>\n<\/tr>\n<tr>\n<td width=\"359\">Grado en Relaciones Internacionales<\/td>\n<td width=\"208\">Facultad de Derecho<\/td>\n<td width=\"85\">20<\/td>\n<\/tr>\n<tr>\n<td width=\"359\">Grado en Relaciones Laborales y Recursos Humanos<\/td>\n<td width=\"208\">Facultad de Derecho<\/td>\n<td width=\"85\">100<\/td>\n<\/tr>\n<tr>\n<td width=\"359\">Grado en Sociolog\u00eda<\/td>\n<td width=\"208\">Facultad de CC. Sociales<\/td>\n<td width=\"85\">46<\/td>\n<\/tr>\n<tr>\n<td width=\"359\">Grado en Trabajo Social<\/td>\n<td width=\"208\">Facultad de CC. Sociales<\/td>\n<td width=\"85\">160<\/td>\n<\/tr>\n<tr>\n<td width=\"359\">Grado en Traducci\u00f3n e Interpretaci\u00f3n: Alem\u00e1n<\/td>\n<td width=\"208\">Facultad de Humanidades<\/td>\n<td width=\"85\">20<\/td>\n<\/tr>\n<tr>\n<td width=\"359\">Grado en Traducci\u00f3n e Interpretaci\u00f3n: Franc\u00e9s<\/td>\n<td width=\"208\">Facultad de Humanidades<\/td>\n<td width=\"85\">20<\/td>\n<\/tr>\n<tr>\n<td width=\"359\">Grado en Traducci\u00f3n e Interpretaci\u00f3n: Ingl\u00e9s<\/td>\n<td width=\"208\">Facultad de Humanidades<\/td>\n<td width=\"85\">120<\/td>\n<\/tr>\n<tr>\n<td colspan=\"3\" width=\"652\"><strong>\u00a0<\/strong><strong>DOBLES GRADOS UNIVERSITARIOS\u00a0\u00a0\u00a0\u00a0\u00a0\u00a0\u00a0\u00a0\u00a0\u00a0\u00a0\u00a0\u00a0 <\/strong><\/td>\n<\/tr>\n<tr>\n<td width=\"359\">Doble Grado: Administraci\u00f3n y Direcci\u00f3n de Empresas y Derecho<\/td>\n<td width=\"208\">Facultades de CC. Empresariales y de Derecho<\/td>\n<td width=\"85\">100<\/td>\n<\/tr>\n<tr>\n<td width=\"359\">Doble Grado: Administraci\u00f3n y Direcci\u00f3n de Empresas (Ingl\u00e9s) y Derecho<\/td>\n<td width=\"208\">Facultades de CC. Empresariales y de Derecho<\/td>\n<td width=\"85\">50<\/td>\n<\/tr>\n<tr>\n<td width=\"359\">Doble Grado: Ciencias Ambientales y Geograf\u00eda e Historia<\/td>\n<td width=\"208\">Facultades de CC. Experimentales y de Humanidades<\/td>\n<td width=\"85\">12<\/td>\n<\/tr>\n<tr>\n<td width=\"359\">Doble Grado: Derecho y Ciencias Pol\u00edticas y de la Administraci\u00f3n<\/td>\n<td width=\"208\">Facultad de Derecho<\/td>\n<td width=\"85\">60<\/td>\n<\/tr>\n<tr>\n<td width=\"359\">Doble Grado: Derecho y Criminolog\u00eda<\/td>\n<td width=\"208\">Facultad de Derecho<\/td>\n<td width=\"85\">40<\/td>\n<\/tr>\n<tr>\n<td width=\"359\">Doble Grado: Derecho y Finanzas y Contabilidad<\/td>\n<td width=\"208\">Facultades de Derecho y de CC. Empresariales<\/td>\n<td width=\"85\">60<\/td>\n<\/tr>\n<tr>\n<td width=\"359\">Doble Grado: Derecho y Relaciones Laborales y Recursos Humanos<\/td>\n<td width=\"208\">Facultad de Derecho<\/td>\n<td width=\"85\">20<\/td>\n<\/tr>\n<tr>\n<td width=\"359\">Doble Grado: Geograf\u00eda e Historia y Relaciones Internacionales<\/td>\n<td width=\"208\">Facultades de Humanidades y de Derecho<\/td>\n<td width=\"85\">20<\/td>\n<\/tr>\n<tr>\n<td width=\"359\">Doble Grado: Humanidades y Traducci\u00f3n e Interpretaci\u00f3n (Ingl\u00e9s)<\/td>\n<td width=\"208\">Facultad de Humanidades<\/td>\n<td width=\"85\">30<\/td>\n<\/tr>\n<tr>\n<td width=\"359\">Doble Grado: Ingenier\u00eda Agr\u00edcola (US) y Ciencias Ambientales (UPO)<\/td>\n<td width=\"208\">Facultad de CC. Experimentales<\/td>\n<td width=\"85\">20<\/td>\n<\/tr>\n<tr>\n<td width=\"359\">Doble Grado: Relaciones Internacionales y Derecho<\/td>\n<td width=\"208\">Facultad de Derecho<\/td>\n<td width=\"85\">20<\/td>\n<\/tr>\n<tr>\n<td width=\"359\">Doble Grado: Relaciones Internacionales y CC. Pol\u00edticas y de la Administraci\u00f3n<\/td>\n<td width=\"208\">Facultad de Derecho<\/td>\n<td width=\"85\">15<\/td>\n<\/tr>\n<tr>\n<td width=\"359\">Doble Grado: Sociolog\u00eda y Ciencias Pol\u00edticas y de la Administraci\u00f3n<\/td>\n<td width=\"208\">Facultades de CC. Sociales y de Derecho<\/td>\n<td width=\"85\">40<\/td>\n<\/tr>\n<tr>\n<td width=\"359\">Doble Grado: Sociolog\u00eda y Trabajo Social<\/td>\n<td width=\"208\">Facultad de CC. Sociales<\/td>\n<td width=\"85\">60<\/td>\n<\/tr>\n<tr>\n<td width=\"359\">Doble Grado: Trabajo Social y Educaci\u00f3n Social<\/td>\n<td width=\"208\">Facultad de CC. Sociales<\/td>\n<td width=\"85\">60<\/td>\n<\/tr>\n<tr>\n<td width=\"359\">Doble Grado: Traducci\u00f3n e Interpretaci\u00f3n (Alem\u00e1n) y Relaciones Internacionales<\/td>\n<td width=\"208\">Facultades de Humanidades y de Derecho<\/td>\n<td width=\"85\">10<\/td>\n<\/tr>\n<tr>\n<td width=\"359\">Doble Grado: Traducci\u00f3n e Interpretaci\u00f3n (Franc\u00e9s) y Relaciones Internacionales<\/td>\n<td width=\"208\">Facultades de Humanidades y de Derecho<\/td>\n<td width=\"85\">10<\/td>\n<\/tr>\n<tr>\n<td width=\"359\"><\/td>\n<td colspan=\"2\" width=\"293\"><\/td>\n<\/tr>\n<\/tbody>\n<\/table>\n<p>&nbsp;<\/p>\n<p>El <strong>Centro Adscrito San Isidoro<\/strong> ofrece:<\/p>\n<table width=\"652\">\n<tbody>\n<tr>\n<td width=\"359\"><strong>GRADOS UNIVERSITARIOS<\/strong><\/td>\n<td width=\"208\"><strong>\u00a0<\/strong><\/p>\n<p><strong>CENTRO<\/strong><\/p>\n<p><strong>\u00a0<\/strong><\/td>\n<td width=\"85\"><strong>N\u00ba DE PLAZAS<\/strong><\/p>\n<p><strong>23-24<\/strong><\/td>\n<\/tr>\n<tr>\n<td width=\"359\">Grado en Administraci\u00f3n y Direcci\u00f3n de Empresas<\/p>\n<p>Centro Adscrito San Isidoro<\/td>\n<td width=\"208\">Centro Adscrito San Isidoro<\/td>\n<td width=\"85\">80<\/td>\n<\/tr>\n<tr>\n<td width=\"359\">Grado en Ciencias de la Actividad F\u00edsica y del Deporte<\/td>\n<td width=\"208\">Centro Adscrito San Isidoro<\/td>\n<td width=\"85\">110<\/td>\n<\/tr>\n<tr>\n<td width=\"359\">Grado en Comunicaci\u00f3n<\/td>\n<td width=\"208\">Centro Adscrito San Isidoro<\/td>\n<td width=\"85\">74<\/td>\n<\/tr>\n<tr>\n<td width=\"359\">Grado en Comunicaci\u00f3n Digital<\/td>\n<td width=\"208\">Centro Adscrito San Isidoro<\/td>\n<td width=\"85\">50<\/td>\n<\/tr>\n<tr>\n<td width=\"359\">Grado en Derecho<\/td>\n<td width=\"208\">Centro Adscrito San Isidoro<\/td>\n<td width=\"85\">60<\/td>\n<\/tr>\n<tr>\n<td width=\"359\">Grado en Fisioterapia<\/td>\n<td width=\"208\">Centro Adscrito San Isidoro<\/td>\n<td width=\"85\">88<\/td>\n<\/tr>\n<tr>\n<td colspan=\"3\" width=\"652\"><strong>\u00a0<\/strong><\/p>\n<p><strong>DOBLES GRADOS UNIVERSITARIOS\u00a0\u00a0\u00a0\u00a0\u00a0\u00a0\u00a0\u00a0\u00a0\u00a0\u00a0\u00a0\u00a0 <\/strong><\/p>\n<p><strong>\u00a0<\/strong><\/td>\n<\/tr>\n<tr>\n<td width=\"359\">Doble Grado: Administraci\u00f3n y Direcci\u00f3n de Empresas y Derecho<\/td>\n<td width=\"208\">Centro Adscrito San Isidoro<\/td>\n<td width=\"85\">28<\/td>\n<\/tr>\n<tr>\n<td width=\"359\">Doble Grado: Comunicaci\u00f3n y Comunicaci\u00f3n Digital<\/td>\n<td width=\"208\">Centro Adscrito San Isidoro<\/td>\n<td width=\"85\">16<\/td>\n<\/tr>\n<\/tbody>\n<\/table>\n<p><a title=\"PEvAU 2023 - Convocatoria Ordinaria\" href=\"https:\/\/www.flickr.com\/photos\/pablodeolavide\/albums\/72177720309021515\" data-flickr-embed=\"true\" data-header=\"true\"><img loading=\"lazy\" decoding=\"async\" src=\"https:\/\/live.staticflickr.com\/65535\/52971386821_b5b60eb009_z.jpg\" alt=\"PEvAU 2023 - Convocatoria Ordinaria\" width=\"640\" height=\"480\" \/><\/a><script async src=\"\/\/embedr.flickr.com\/assets\/client-code.js\" charset=\"utf-8\"><\/script><\/p>\n","protected":false},"excerpt":{"rendered":"<p>El campus de la Universidad Pablo de Olavide ha acogido esta ma\u00f1ana la primera jornada de la Prueba de Evaluaci\u00f3n y Acceso a la Universidad (PEvAU), donde 1.469 estudiantes de 35 centros de Sevilla capital y provincia han realizado sin incidencias los primeros ex\u00e1menes de la fase de acceso de las asignaturas de Lengua Castellana y Literatura II, Historia de Espa\u00f1a y Lengua Extranjera.<\/p>\n","protected":false},"author":14,"featured_media":30878854,"comment_status":"closed","ping_status":"open","sticky":false,"template":"","format":"standard","meta":{"_monsterinsights_skip_tracking":false,"_monsterinsights_sitenote_active":false,"_monsterinsights_sitenote_note":"","_monsterinsights_sitenote_category":0,"footnotes":""},"categories":[6],"tags":[644,8414,8075,2581,4123,5469,4122,4082,2114],"class_list":["post-30878853","post","type-post","status-publish","format-standard","has-post-thumbnail","hentry","category-institucional","tag-bachillerato","tag-consejeria-de-desarrollo-educativo","tag-consejeria-de-universidad","tag-grados-y-dobles-grados","tag-historia-de-espana","tag-lengua-castellana-y-literatura","tag-lengua-extranjera","tag-pevau","tag-vicerrectorado-de-estudiantes"],"_links":{"self":[{"href":"https:\/\/www.upo.es\/diario\/wp-json\/wp\/v2\/posts\/30878853","targetHints":{"allow":["GET"]}}],"collection":[{"href":"https:\/\/www.upo.es\/diario\/wp-json\/wp\/v2\/posts"}],"about":[{"href":"https:\/\/www.upo.es\/diario\/wp-json\/wp\/v2\/types\/post"}],"author":[{"embeddable":true,"href":"https:\/\/www.upo.es\/diario\/wp-json\/wp\/v2\/users\/14"}],"replies":[{"embeddable":true,"href":"https:\/\/www.upo.es\/diario\/wp-json\/wp\/v2\/comments?post=30878853"}],"version-history":[{"count":9,"href":"https:\/\/www.upo.es\/diario\/wp-json\/wp\/v2\/posts\/30878853\/revisions"}],"predecessor-version":[{"id":30878865,"href":"https:\/\/www.upo.es\/diario\/wp-json\/wp\/v2\/posts\/30878853\/revisions\/30878865"}],"wp:featuredmedia":[{"embeddable":true,"href":"https:\/\/www.upo.es\/diario\/wp-json\/wp\/v2\/media\/30878854"}],"wp:attachment":[{"href":"https:\/\/www.upo.es\/diario\/wp-json\/wp\/v2\/media?parent=30878853"}],"wp:term":[{"taxonomy":"category","embeddable":true,"href":"https:\/\/www.upo.es\/diario\/wp-json\/wp\/v2\/categories?post=30878853"},{"taxonomy":"post_tag","embeddable":true,"href":"https:\/\/www.upo.es\/diario\/wp-json\/wp\/v2\/tags?post=30878853"}],"curies":[{"name":"wp","href":"https:\/\/api.w.org\/{rel}","templated":true}]}}