{"id":30878886,"date":"2023-06-14T15:17:38","date_gmt":"2023-06-14T13:17:38","guid":{"rendered":"https:\/\/www.upo.es\/diario\/?p=30878886"},"modified":"2023-06-14T15:17:38","modified_gmt":"2023-06-14T13:17:38","slug":"libro-consecuencias-pandemia-igualdad-genero","status":"publish","type":"post","link":"https:\/\/www.upo.es\/diario\/docencia-formacion\/2023\/06\/libro-consecuencias-pandemia-igualdad-genero\/","title":{"rendered":"Raquel Garc\u00eda y Jordi Luengo editan un libro sobre las consecuencias de la pandemia para la igualdad de g\u00e9nero"},"content":{"rendered":"<figure id=\"attachment_30878889\" aria-describedby=\"caption-attachment-30878889\" style=\"width: 750px\" class=\"wp-caption aligncenter\"><a href=\"https:\/\/www.upo.es\/diario\/wp-content\/uploads\/2023\/06\/JordiLuengoLopez-RaquelGarciaFuentes-scaled.jpg\"><img loading=\"lazy\" decoding=\"async\" class=\"size-large wp-image-30878889\" src=\"https:\/\/www.upo.es\/diario\/wp-content\/uploads\/2023\/06\/JordiLuengoLopez-RaquelGarciaFuentes-750x500.jpg\" alt=\"Raquel Garc\u00eda y Jordi Luengo\" width=\"750\" height=\"500\" srcset=\"https:\/\/www.upo.es\/diario\/wp-content\/uploads\/2023\/06\/JordiLuengoLopez-RaquelGarciaFuentes-750x500.jpg 750w, https:\/\/www.upo.es\/diario\/wp-content\/uploads\/2023\/06\/JordiLuengoLopez-RaquelGarciaFuentes-420x280.jpg 420w, https:\/\/www.upo.es\/diario\/wp-content\/uploads\/2023\/06\/JordiLuengoLopez-RaquelGarciaFuentes-768x512.jpg 768w, https:\/\/www.upo.es\/diario\/wp-content\/uploads\/2023\/06\/JordiLuengoLopez-RaquelGarciaFuentes-1536x1024.jpg 1536w, https:\/\/www.upo.es\/diario\/wp-content\/uploads\/2023\/06\/JordiLuengoLopez-RaquelGarciaFuentes-2048x1365.jpg 2048w\" sizes=\"auto, (max-width: 750px) 100vw, 750px\" \/><\/a><figcaption id=\"caption-attachment-30878889\" class=\"wp-caption-text\">Raquel Garc\u00eda y Jordi Luengo<\/figcaption><\/figure>\n<p>En la introducci\u00f3n de \u2018G\u00e9nero y COVID-19\u2019, <strong>Jordi Luengo y Raquel Garc\u00eda<\/strong>, del Departamento de Filolog\u00eda y Traducci\u00f3n de la Universidad Pablo de Olavide, comienzan recordando a Simone de Beauvoir, quien ya advirtiera de que cualquier crisis con repercusiones pol\u00edticas, econ\u00f3micas o religiosas causar\u00eda un retroceso en los valores e ideas que impulsan la igualdad de g\u00e9nero, es decir, en el feminismo.<\/p>\n<p>Para analizar las repercusiones que la pandemia de COVID-19 ha tenido en la realidad diaria de las mujeres, en \u00e1mbitos que van desde su invisibilizaci\u00f3n hasta el aumento de la violencia machista, y en todas las sociedades, desde las m\u00e1s avanzadas donde se desarrollaron las vacunas hasta las zonas rurales, ha sido publicado este libro que lleva por subt\u00edtulo \u2018Ciencia, cultura y ciudadan\u00eda\u2019. En palabras de Jordi Luengo y Raquel Garc\u00eda, \u201cciencia y ciudadan\u00eda, pero tambi\u00e9n cultura, en tanto que, en su sentido m\u00e1s amplio, incluye temas que van desde la sexualidad hasta el poder, y donde la perspectiva de g\u00e9nero resulta relevante para poder interpretar todo aquello a lo que han tenido que hacer frente durante la pandemia\u201d.<\/p>\n<p><a href=\"https:\/\/www.ucm.es\/ediciones-complutense\/genero-y-covid-19-ciencia,-cultura-y\"><img loading=\"lazy\" decoding=\"async\" class=\"alignright wp-image-30878888 size-medium\" src=\"https:\/\/www.upo.es\/diario\/wp-content\/uploads\/2023\/06\/generoycovid19-portada-280x420.jpg\" alt=\"\u2018G\u00e9nero y COVID-19\u2019 (portada)\" width=\"280\" height=\"420\" srcset=\"https:\/\/www.upo.es\/diario\/wp-content\/uploads\/2023\/06\/generoycovid19-portada-280x420.jpg 280w, https:\/\/www.upo.es\/diario\/wp-content\/uploads\/2023\/06\/generoycovid19-portada-350x525.jpg 350w, https:\/\/www.upo.es\/diario\/wp-content\/uploads\/2023\/06\/generoycovid19-portada-768x1152.jpg 768w, https:\/\/www.upo.es\/diario\/wp-content\/uploads\/2023\/06\/generoycovid19-portada.jpg 850w\" sizes=\"auto, (max-width: 280px) 100vw, 280px\" \/><\/a>\u2018G\u00e9nero y COVID-19\u2019 est\u00e1 dividido en cinco secciones, cada una de ellas formada por dos ensayos. Comienza con <strong>\u2018<\/strong>Vacunas y recursos sanitarios frente a la COVID-19\u2019, en la que se abordan temas como <strong>la ausencia de perspectiva de g\u00e9nero en la investigaci\u00f3n farmac\u00e9utica<\/strong> o el tratamiento por parte de los medios de comunicaci\u00f3n chinos a las profesionales sanitarias. La segunda secci\u00f3n profundiza en los <strong>medios de comunicaci\u00f3n<\/strong>, y en la democratizaci\u00f3n que han tra\u00eddo las redes sociales, pero tambi\u00e9n convertidas en canales en los que se han hecho fuertes discursos mis\u00f3ginos y antifeministas. El tercer bloque, <strong>\u2018Violencia machista en tiempos de COVID-19\u2019<\/strong>, estudia la violencia contra las mujeres en M\u00e9xico y, en la realidad digital, como el incremento de las relaciones afectivas virtuales por la pandemia ha devenido en el aumento de la violencia sexual en la esfera virtual. La cuarta secci\u00f3n contin\u00faa este an\u00e1lisis, pero desde el punto de vista de <strong>la mercantilizaci\u00f3n sexual<\/strong>, constatando el incremento de la trata sexual de mujeres y ni\u00f1as. La quinta y \u00faltima secci\u00f3n trata <strong>el impacto de la COVID-19 en los \u00e1mbitos laboral y educativo<\/strong>. El aumento de tareas no remuneradas desempe\u00f1adas por mujeres, el empobrecimiento de las mujeres de clases m\u00e1s desfavorecidas o el mayor impacto en las zonas rurales frente a las urbanas, son algunos de los temas analizados.<\/p>\n<p>En tanto que las investigaciones del libro demuestran las consecuencias que la pandemia ha tenido sobre la realidad de las mujeres en muchos \u00e1mbitos, \u2018G\u00e9nero y COVID-19\u2019 pone tambi\u00e9n de manifiesto la necesidad de que el mantenimiento de derechos y libertades se dote de instrumentos nuevos, capaces de afrontar los cambios que la nueva sociedad post-pandemia, o futuras crisis, supongan para la igualdad entre mujeres y hombres.<\/p>\n<p><u>Referencia<\/u>:<\/p>\n<p>Luengo, J., &amp; Garc\u00eda, R. (Eds.). (2023). <em>G\u00e9nero y COVID-19. Ciencia, cultura y ciudadan\u00eda en tiempos de crisis<\/em>. Ediciones Complutense. <a href=\"http:\/\/www.ucm.es\/ediciones-complutense\/genero-y-covid-19-ciencia,-cultura-y\">www.ucm.es\/ediciones-complutense\/genero-y-covid-19-ciencia,-cultura-y<\/a><\/p>\n<p>&nbsp;<\/p>\n","protected":false},"excerpt":{"rendered":"<p>\u2018G\u00e9nero y COVID-19. Ciencia, cultura y ciudadan\u00eda en tiempos de crisis&#8217; ha sido publicado por Ediciones Complutense en la colecci\u00f3n \u2018Hemisferios de Igualdad\u2019.<\/p>\n","protected":false},"author":6,"featured_media":30878889,"comment_status":"closed","ping_status":"open","sticky":false,"template":"","format":"standard","meta":{"_monsterinsights_skip_tracking":false,"_monsterinsights_sitenote_active":false,"_monsterinsights_sitenote_note":"","_monsterinsights_sitenote_category":0,"footnotes":""},"categories":[2779],"tags":[6601,144,517,5883,8324,333,984,7041,143],"class_list":["post-30878886","post","type-post","status-publish","format-standard","has-post-thumbnail","hentry","category-docencia-formacion","tag-covid-19","tag-crisis","tag-igualdad","tag-igualdad-de-genero","tag-jordi-luengo","tag-libro","tag-medios-de-comunicacion","tag-pandemia","tag-violencia"],"_links":{"self":[{"href":"https:\/\/www.upo.es\/diario\/wp-json\/wp\/v2\/posts\/30878886","targetHints":{"allow":["GET"]}}],"collection":[{"href":"https:\/\/www.upo.es\/diario\/wp-json\/wp\/v2\/posts"}],"about":[{"href":"https:\/\/www.upo.es\/diario\/wp-json\/wp\/v2\/types\/post"}],"author":[{"embeddable":true,"href":"https:\/\/www.upo.es\/diario\/wp-json\/wp\/v2\/users\/6"}],"replies":[{"embeddable":true,"href":"https:\/\/www.upo.es\/diario\/wp-json\/wp\/v2\/comments?post=30878886"}],"version-history":[{"count":3,"href":"https:\/\/www.upo.es\/diario\/wp-json\/wp\/v2\/posts\/30878886\/revisions"}],"predecessor-version":[{"id":30878891,"href":"https:\/\/www.upo.es\/diario\/wp-json\/wp\/v2\/posts\/30878886\/revisions\/30878891"}],"wp:featuredmedia":[{"embeddable":true,"href":"https:\/\/www.upo.es\/diario\/wp-json\/wp\/v2\/media\/30878889"}],"wp:attachment":[{"href":"https:\/\/www.upo.es\/diario\/wp-json\/wp\/v2\/media?parent=30878886"}],"wp:term":[{"taxonomy":"category","embeddable":true,"href":"https:\/\/www.upo.es\/diario\/wp-json\/wp\/v2\/categories?post=30878886"},{"taxonomy":"post_tag","embeddable":true,"href":"https:\/\/www.upo.es\/diario\/wp-json\/wp\/v2\/tags?post=30878886"}],"curies":[{"name":"wp","href":"https:\/\/api.w.org\/{rel}","templated":true}]}}