{"id":30878900,"date":"2023-06-15T12:11:29","date_gmt":"2023-06-15T10:11:29","guid":{"rendered":"https:\/\/www.upo.es\/diario\/?p=30878900"},"modified":"2023-06-20T22:33:09","modified_gmt":"2023-06-20T20:33:09","slug":"la-upo-organiza-una-jornada-de-estudio-juridico-sobre-la-nueva-ley-de-convivencia-universitaria","status":"publish","type":"post","link":"https:\/\/www.upo.es\/diario\/docencia-formacion\/2023\/06\/la-upo-organiza-una-jornada-de-estudio-juridico-sobre-la-nueva-ley-de-convivencia-universitaria\/","title":{"rendered":"La UPO organiza una Jornada de estudio jur\u00eddico sobre la nueva Ley de Convivencia Universitaria"},"content":{"rendered":"<figure id=\"attachment_30878901\" aria-describedby=\"caption-attachment-30878901\" style=\"width: 750px\" class=\"wp-caption aligncenter\"><a href=\"https:\/\/www.upo.es\/diario\/wp-content\/uploads\/2023\/06\/J_LeyConvivencia.jpg\"><img loading=\"lazy\" decoding=\"async\" class=\"size-large wp-image-30878901\" src=\"https:\/\/www.upo.es\/diario\/wp-content\/uploads\/2023\/06\/J_LeyConvivencia-750x500.jpg\" alt=\"\" width=\"750\" height=\"500\" srcset=\"https:\/\/www.upo.es\/diario\/wp-content\/uploads\/2023\/06\/J_LeyConvivencia-750x500.jpg 750w, https:\/\/www.upo.es\/diario\/wp-content\/uploads\/2023\/06\/J_LeyConvivencia-420x280.jpg 420w, https:\/\/www.upo.es\/diario\/wp-content\/uploads\/2023\/06\/J_LeyConvivencia-768x512.jpg 768w, https:\/\/www.upo.es\/diario\/wp-content\/uploads\/2023\/06\/J_LeyConvivencia-1536x1025.jpg 1536w, https:\/\/www.upo.es\/diario\/wp-content\/uploads\/2023\/06\/J_LeyConvivencia-165x109.jpg 165w, https:\/\/www.upo.es\/diario\/wp-content\/uploads\/2023\/06\/J_LeyConvivencia-1320x880.jpg 1320w, https:\/\/www.upo.es\/diario\/wp-content\/uploads\/2023\/06\/J_LeyConvivencia.jpg 2000w\" sizes=\"auto, (max-width: 750px) 100vw, 750px\" \/><\/a><figcaption id=\"caption-attachment-30878901\" class=\"wp-caption-text\">Beatriz Belando, Mar\u00eda Dolores Rego, Mar\u00eda Serrano y Ana Bel\u00e9n Casares<\/figcaption><\/figure>\n<p>La Universidad Pablo de Olavide ha organizado una <a href=\"https:\/\/eventos.upo.es\/96736\/detail\/jornada-de-estudio-juridico-sobre-la-ley-de-convivencia-universitaria.html\">Jornada de estudio jur\u00eddico sobre la nueva Ley 3\/2022 de Convivencia Universitaria<\/a>, organizada por la <strong>Facultad de Derecho<\/strong> y dirigida a toda la comunidad universitaria, que tiene como objetivo analizar c\u00f3mo <strong>prevenir y solucionar los conflictos en la universidad al amparo de la nueva norma.<\/strong> Para ello, este foro re\u00fane a juristas con especializaci\u00f3n y experiencia pr\u00e1ctica en el \u00e1mbito universitario para tratar sus aspectos fundamentales.<\/p>\n<p>La Ley 3\/2022 de Convivencia Universitaria <strong>deroga el Decreto de 8 de septiembre de 1954<\/strong> y, con ello, el <strong>Reglamento de Disciplina Acad\u00e9mica<\/strong>, hasta ahora aplicable al estudiantado en Espa\u00f1a. Esto hab\u00eda sido reclamado insistentemente por la doctrina cient\u00edfica, jurisprudencia, comunidad universitaria y otras instituciones p\u00fablicas.<\/p>\n<p>El rector de la Universidad Pablo de Olavide, <strong>Francisco Oliva Bl\u00e1zquez<\/strong>, que ha inaugurado la Jornada de forma telem\u00e1tica, ha destacado la trascendencia de esta jornada porque \u201cintroduce la obligaci\u00f3n de las universidades de tener normas democr\u00e1ticas que deben presidir la vida universitaria\u201d, as\u00ed como el establecimiento de la mediaci\u00f3n como sistema de soluci\u00f3n del conflicto, \u201clo que es una noticia positiva para garantizar una mejor convivencia\u201d. Por otra parte, ha remarcado la necesidad de prescindir del \u201cpredemocr\u00e1tico Reglamento de Disciplina Acad\u00e9mica de 1954, que era una verg\u00fcenza para el Estado espa\u00f1ol\u201d.<\/p>\n<p>Por su parte, la decana de la Facultad de Derecho de la UPO, <strong>Mar\u00eda Serrano Fern\u00e1ndez<\/strong>, ha se\u00f1alado que la nueva Ley soluciona los problemas de aplicaci\u00f3n que conllevaba el Reglamento anterior y ha destacado que la nueva norma rige para todas las universidades. \u201cEsta ley sigue siendo una gran desconocida y esta jornada es un paso adelante para que deje de serlo\u201d, ha concluido.<\/p>\n<p>Como se se\u00f1ala desde el comit\u00e9 organizador que dirige la profesora del \u00c1rea de Derecho Administrativo, <strong>Mar\u00eda Dolores Rego Blanco<\/strong>, la nueva norma en vigor obliga a las universidades a dotarse de normas propias de convivencia y, en el caso de las p\u00fablicas, a crear una Comisi\u00f3n de Convivencia, por lo que es interesante revisar la puesta en marcha de la Ley hasta el momento.<\/p>\n<p>A lo largo de la jornada, se desarrollan hasta seis ponencias por parte de profesorado de las <strong>Universidades de Le\u00f3n, C\u00f3rdoba, Sevilla, Valencia y Pablo de Olavide<\/strong> que versar\u00e1n sobre temas como la evoluci\u00f3n de la convivencia universitaria, sus potestades de mantenimiento, la postura de las universidades frente a la nueva Ley, la mediaci\u00f3n, la prueba en los procedimientos y el tratamiento de las infracciones y sanciones.<\/p>\n<p>El evento concluir\u00e1 con una mesa redonda a las 17:15 horas sobre \u2018La inspecci\u00f3n universitaria\u2019 que modera la profesora de la UPO <strong>Montserrat Hermos\u00edn \u00c1lvarez<\/strong>. En ella intervendr\u00e1n el profesor de la Universidad de Valladolid <strong>Fernando Rey Mart\u00ednez<\/strong> y el profesor de la Universidad de Sevilla <strong>Antonio Jos\u00e9 S\u00e1nchez S\u00e1ez<\/strong>. Posteriormente, la profesora Mar\u00eda Dolores Rego Blanco proceder\u00e1 con las conclusiones.<\/p>\n","protected":false},"excerpt":{"rendered":"<p>La Universidad Pablo de Olavide ha organizado una Jornada de estudio jur\u00eddico sobre la nueva Ley 3\/2022 de Convivencia Universitaria, organizada por la Facultad de Derecho y dirigida a toda la comunidad universitaria, que tiene como objetivo analizar c\u00f3mo prevenir y solucionar los conflictos en la universidad al amparo de la nueva norma.<\/p>\n","protected":false},"author":14,"featured_media":30878901,"comment_status":"closed","ping_status":"open","sticky":false,"template":"","format":"standard","meta":{"_monsterinsights_skip_tracking":false,"_monsterinsights_sitenote_active":false,"_monsterinsights_sitenote_note":"","_monsterinsights_sitenote_category":0,"footnotes":""},"categories":[2779],"tags":[4169,2623,81,514,8480,39],"class_list":["post-30878900","post","type-post","status-publish","format-standard","has-post-thumbnail","hentry","category-docencia-formacion","tag-area-de-derecho-administrativo","tag-comunidad-universitaria","tag-facultad-de-derecho","tag-jornada","tag-ley-de-convivencia-universitaria","tag-universidades"],"_links":{"self":[{"href":"https:\/\/www.upo.es\/diario\/wp-json\/wp\/v2\/posts\/30878900","targetHints":{"allow":["GET"]}}],"collection":[{"href":"https:\/\/www.upo.es\/diario\/wp-json\/wp\/v2\/posts"}],"about":[{"href":"https:\/\/www.upo.es\/diario\/wp-json\/wp\/v2\/types\/post"}],"author":[{"embeddable":true,"href":"https:\/\/www.upo.es\/diario\/wp-json\/wp\/v2\/users\/14"}],"replies":[{"embeddable":true,"href":"https:\/\/www.upo.es\/diario\/wp-json\/wp\/v2\/comments?post=30878900"}],"version-history":[{"count":4,"href":"https:\/\/www.upo.es\/diario\/wp-json\/wp\/v2\/posts\/30878900\/revisions"}],"predecessor-version":[{"id":30878923,"href":"https:\/\/www.upo.es\/diario\/wp-json\/wp\/v2\/posts\/30878900\/revisions\/30878923"}],"wp:featuredmedia":[{"embeddable":true,"href":"https:\/\/www.upo.es\/diario\/wp-json\/wp\/v2\/media\/30878901"}],"wp:attachment":[{"href":"https:\/\/www.upo.es\/diario\/wp-json\/wp\/v2\/media?parent=30878900"}],"wp:term":[{"taxonomy":"category","embeddable":true,"href":"https:\/\/www.upo.es\/diario\/wp-json\/wp\/v2\/categories?post=30878900"},{"taxonomy":"post_tag","embeddable":true,"href":"https:\/\/www.upo.es\/diario\/wp-json\/wp\/v2\/tags?post=30878900"}],"curies":[{"name":"wp","href":"https:\/\/api.w.org\/{rel}","templated":true}]}}