{"id":30878905,"date":"2023-06-15T14:26:09","date_gmt":"2023-06-15T12:26:09","guid":{"rendered":"https:\/\/www.upo.es\/diario\/?p=30878905"},"modified":"2023-06-20T22:34:29","modified_gmt":"2023-06-20T20:34:29","slug":"la-universidad-pablo-de-olavide-comunicara-las-notas-de-la-pevau-por-sms-el-jueves-22-de-junio","status":"publish","type":"post","link":"https:\/\/www.upo.es\/diario\/institucional\/2023\/06\/la-universidad-pablo-de-olavide-comunicara-las-notas-de-la-pevau-por-sms-el-jueves-22-de-junio\/","title":{"rendered":"La Universidad Pablo de Olavide comunicar\u00e1 las notas de la PEvAU por SMS el jueves 22 de junio"},"content":{"rendered":"<figure id=\"attachment_30878906\" aria-describedby=\"caption-attachment-30878906\" style=\"width: 750px\" class=\"wp-caption aligncenter\"><a href=\"https:\/\/www.upo.es\/diario\/wp-content\/uploads\/2023\/06\/PEvAU-UPO-8-scaled.jpg\"><img loading=\"lazy\" decoding=\"async\" class=\"size-large wp-image-30878906\" src=\"https:\/\/www.upo.es\/diario\/wp-content\/uploads\/2023\/06\/PEvAU-UPO-8-750x422.jpg\" alt=\"\" width=\"750\" height=\"422\" srcset=\"https:\/\/www.upo.es\/diario\/wp-content\/uploads\/2023\/06\/PEvAU-UPO-8-750x422.jpg 750w, https:\/\/www.upo.es\/diario\/wp-content\/uploads\/2023\/06\/PEvAU-UPO-8-420x236.jpg 420w, https:\/\/www.upo.es\/diario\/wp-content\/uploads\/2023\/06\/PEvAU-UPO-8-768x432.jpg 768w, https:\/\/www.upo.es\/diario\/wp-content\/uploads\/2023\/06\/PEvAU-UPO-8-1536x864.jpg 1536w, https:\/\/www.upo.es\/diario\/wp-content\/uploads\/2023\/06\/PEvAU-UPO-8-2048x1152.jpg 2048w\" sizes=\"auto, (max-width: 750px) 100vw, 750px\" \/><\/a><figcaption id=\"caption-attachment-30878906\" class=\"wp-caption-text\">Alumnado que se examina de la PEvAU en la UPO<\/figcaption><\/figure>\n<p>Un total de 1.469 estudiantes de 35 centros de Sevilla capital y provincia han finalizado sin incidencias los ex\u00e1menes de la fase de acceso y de admisi\u00f3n de la Prueba de Evaluaci\u00f3n y Acceso a la Universidad (PEvAU) en el campus de la Universidad Pablo de Olavide. <strong>El pr\u00f3ximo jueves 22 de junio, recibir\u00e1n por SMS las calificaciones obtenidas en las pruebas<\/strong> que podr\u00e1n tambi\u00e9n consultarse a trav\u00e9s de la web de la Universidad <a href=\"http:\/\/www.upo.es\">www.upo.es<\/a> .<\/p>\n<p><a href=\"https:\/\/www.upo.es\/diario\/wp-content\/uploads\/2023\/06\/PEvAU-UPO-17-scaled.jpg\"><img loading=\"lazy\" decoding=\"async\" class=\"alignright size-medium wp-image-30878917\" src=\"https:\/\/www.upo.es\/diario\/wp-content\/uploads\/2023\/06\/PEvAU-UPO-17-420x280.jpg\" alt=\"Estudiantes durante un examen de la PEvAU en la UPO\" width=\"420\" height=\"280\" srcset=\"https:\/\/www.upo.es\/diario\/wp-content\/uploads\/2023\/06\/PEvAU-UPO-17-420x280.jpg 420w, https:\/\/www.upo.es\/diario\/wp-content\/uploads\/2023\/06\/PEvAU-UPO-17-750x500.jpg 750w, https:\/\/www.upo.es\/diario\/wp-content\/uploads\/2023\/06\/PEvAU-UPO-17-768x512.jpg 768w, https:\/\/www.upo.es\/diario\/wp-content\/uploads\/2023\/06\/PEvAU-UPO-17-1536x1024.jpg 1536w, https:\/\/www.upo.es\/diario\/wp-content\/uploads\/2023\/06\/PEvAU-UPO-17-2048x1365.jpg 2048w\" sizes=\"auto, (max-width: 420px) 100vw, 420px\" \/><\/a>La revisi\u00f3n de ex\u00e1menes podr\u00e1 solicitarse entre el 23 y el 27 de junio. Para superar la fase de acceso no es necesario aprobar cada examen por separado, sino que la calificaci\u00f3n ha de ser igual o superior a 4 y la media ponderada con Bachillerato (60% Bachillerato + 40% ex\u00e1menes de acceso) debe ser igual o superior a 5. Por tanto, los y las estudiantes que aprueben la fase de acceso obtendr\u00e1n una calificaci\u00f3n que variar\u00e1 entre 5 y 10 puntos. Esta calificaci\u00f3n otorga acceso indefinido a la Universidad y puede mejorarse con los resultados de la fase de admisi\u00f3n en hasta cuatro puntos m\u00e1s, permitiendo alcanzar una calificaci\u00f3n final m\u00e1xima de 14 puntos.<\/p>\n<p><strong>El proceso de preinscripci\u00f3n en la web del <a href=\"https:\/\/lajunta.es\/portaldua\">Distrito \u00danico Andaluz<\/a>, donde se realiza la solicitud de plazas de forma telem\u00e1tica en las universidades p\u00fablicas andaluzas, comprende entre el 22 y el 30 de junio<\/strong>. Para m\u00e1s informaci\u00f3n, la UPO pone a disposici\u00f3n de los y las estudiantes <a href=\"https:\/\/www.upo.es\/estudiantes\/es\/index.html\">iPuntOlavide<\/a>, un nuevo portal de informaci\u00f3n donde encontrar orientaci\u00f3n sobre estos procesos en la secci\u00f3n Antes del Grado. La convocatoria extraordinaria de la PEvAU 2023 se realizar\u00e1 en Andaluc\u00eda entre el 11 y el 13 de julio.<\/p>\n<p>La Universidad Pablo de Olavide oferta para el curso 2023\/2024 un total de <strong>2.129 plazas para estudiantes de nuevo ingreso, con 40 t\u00edtulos de grado distribuidos en 23 grados y 17 dobles titulaciones<\/strong>.<\/p>\n<h3><strong>Hasta 40 Grados y Dobles Grados<\/strong><\/h3>\n<p>La Universidad Pablo de Olavide, primera universidad de Espa\u00f1a con todos sus centros de estudios certificados por el programa AUDIT de la Agencia Nacional de Evaluaci\u00f3n de la Calidad y Acreditaci\u00f3n (ANECA), oferta 40 Grados y Dobles Grados para el pr\u00f3ximo curso acad\u00e9mico 2023\/2024. En total, son 2.635 plazas para el estudiantado de nuevo ingreso, de las que 506 corresponde al Centro Adscrito San Isidoro.<\/p>\n<p>Las cinco Facultades y la Escuela Polit\u00e9cnica Superior de la <strong>Universidad Pablo de Olavide<\/strong> ofrecen:<\/p>\n<table width=\"652\">\n<tbody>\n<tr>\n<td width=\"359\"><strong>GRADOS UNIVERSITARIOS<\/strong><\/td>\n<td width=\"208\"><strong>\u00a0<\/strong><strong>CENTRO<\/strong><\/td>\n<td width=\"85\"><strong>N\u00ba DE PLAZAS<\/strong><\/p>\n<p><strong>23-24<\/strong><\/td>\n<\/tr>\n<tr>\n<td width=\"359\">Grado en Administraci\u00f3n y Direcci\u00f3n de Empresas<\/td>\n<td width=\"208\">Facultad de CC. Empresariales<\/td>\n<td width=\"85\">100<\/td>\n<\/tr>\n<tr>\n<td width=\"359\">Grado en Administraci\u00f3n y Direcci\u00f3n de Empresas (Ingl\u00e9s)<\/td>\n<td width=\"208\">Facultad de CC. Empresariales<\/td>\n<td width=\"85\">22<\/td>\n<\/tr>\n<tr>\n<td width=\"359\">Grado en An\u00e1lisis Econ\u00f3mico<\/td>\n<td width=\"208\">Facultad de CC. Empresariales<\/td>\n<td width=\"85\">60<\/td>\n<\/tr>\n<tr>\n<td width=\"359\">Grado en Biotecnolog\u00eda<\/td>\n<td width=\"208\">Facultad de CC. Experimentales<\/td>\n<td width=\"85\">60<\/td>\n<\/tr>\n<tr>\n<td width=\"359\">Grado en Ciencias Ambientales<\/td>\n<td width=\"208\">Facultad de CC. Experimentales<\/td>\n<td width=\"85\">100<\/td>\n<\/tr>\n<tr>\n<td width=\"359\">Grado en Ciencias de la Actividad F\u00edsica y del Deporte<\/td>\n<td width=\"208\">Facultad de CC. del Deporte<\/td>\n<td width=\"85\">140<\/td>\n<\/tr>\n<tr>\n<td width=\"359\">Grado en Ciencias Pol\u00edticas y de la Administraci\u00f3n<\/td>\n<td width=\"208\">Facultad de Derecho<\/td>\n<td width=\"85\">25<\/td>\n<\/tr>\n<tr>\n<td width=\"359\">Grado en Criminolog\u00eda<\/td>\n<td width=\"208\">Facultad de Derecho<\/td>\n<td width=\"85\">60<\/td>\n<\/tr>\n<tr>\n<td width=\"359\">Grado en Derecho<\/td>\n<td width=\"208\">Facultad de Derecho<\/td>\n<td width=\"85\">65<\/td>\n<\/tr>\n<tr>\n<td width=\"359\">Grado en Derecho Hispano-Alem\u00e1n con la Universidad de Bayreuth<\/td>\n<td width=\"208\">Facultad de Derecho<\/td>\n<td width=\"85\">20<\/td>\n<\/tr>\n<tr>\n<td width=\"359\">Grado en Educaci\u00f3n Social<\/td>\n<td width=\"208\">Facultad de CC. Sociales<\/td>\n<td width=\"85\">60<\/td>\n<\/tr>\n<tr>\n<td width=\"359\">Grado en Finanzas y Contabilidad<\/td>\n<td width=\"208\">Facultad de CC. Empresariales<\/td>\n<td width=\"85\">100<\/td>\n<\/tr>\n<tr>\n<td width=\"359\">Grado en Geograf\u00eda e Historia<\/td>\n<td width=\"208\">Facultad de Humanidades<\/td>\n<td width=\"85\">34<\/td>\n<\/tr>\n<tr>\n<td width=\"359\">Grado en Humanidades<\/td>\n<td width=\"208\">Facultad de Humanidades<\/td>\n<td width=\"85\">30<\/td>\n<\/tr>\n<tr>\n<td width=\"359\">Grado en Ingenier\u00eda Inform\u00e1tica en Sistemas de Informaci\u00f3n<\/td>\n<td width=\"208\">Escuela Polit\u00e9cnica Superior<\/td>\n<td width=\"85\">80<\/td>\n<\/tr>\n<tr>\n<td width=\"359\">Grado en Nutrici\u00f3n Humana y Diet\u00e9tica<\/td>\n<td width=\"208\">Facultad de CC. Experimentales<\/td>\n<td width=\"85\">60<\/td>\n<\/tr>\n<tr>\n<td width=\"359\">Grado en Relaciones Internacionales<\/td>\n<td width=\"208\">Facultad de Derecho<\/td>\n<td width=\"85\">20<\/td>\n<\/tr>\n<tr>\n<td width=\"359\">Grado en Relaciones Laborales y Recursos Humanos<\/td>\n<td width=\"208\">Facultad de Derecho<\/td>\n<td width=\"85\">100<\/td>\n<\/tr>\n<tr>\n<td width=\"359\">Grado en Sociolog\u00eda<\/td>\n<td width=\"208\">Facultad de CC. Sociales<\/td>\n<td width=\"85\">46<\/td>\n<\/tr>\n<tr>\n<td width=\"359\">Grado en Trabajo Social<\/td>\n<td width=\"208\">Facultad de CC. Sociales<\/td>\n<td width=\"85\">160<\/td>\n<\/tr>\n<tr>\n<td width=\"359\">Grado en Traducci\u00f3n e Interpretaci\u00f3n: Alem\u00e1n<\/td>\n<td width=\"208\">Facultad de Humanidades<\/td>\n<td width=\"85\">20<\/td>\n<\/tr>\n<tr>\n<td width=\"359\">Grado en Traducci\u00f3n e Interpretaci\u00f3n: Franc\u00e9s<\/td>\n<td width=\"208\">Facultad de Humanidades<\/td>\n<td width=\"85\">20<\/td>\n<\/tr>\n<tr>\n<td width=\"359\">Grado en Traducci\u00f3n e Interpretaci\u00f3n: Ingl\u00e9s<\/td>\n<td width=\"208\">Facultad de Humanidades<\/td>\n<td width=\"85\">120<\/td>\n<\/tr>\n<tr>\n<td colspan=\"3\" width=\"652\"><strong>\u00a0<\/strong><strong>DOBLES GRADOS UNIVERSITARIOS\u00a0\u00a0\u00a0\u00a0\u00a0\u00a0\u00a0\u00a0\u00a0\u00a0\u00a0\u00a0\u00a0 <\/strong><\/td>\n<\/tr>\n<tr>\n<td width=\"359\">Doble Grado: Administraci\u00f3n y Direcci\u00f3n de Empresas y Derecho<\/td>\n<td width=\"208\">Facultades de CC. Empresariales y de Derecho<\/td>\n<td width=\"85\">100<\/td>\n<\/tr>\n<tr>\n<td width=\"359\">Doble Grado: Administraci\u00f3n y Direcci\u00f3n de Empresas (Ingl\u00e9s) y Derecho<\/td>\n<td width=\"208\">Facultades de CC. Empresariales y de Derecho<\/td>\n<td width=\"85\">50<\/td>\n<\/tr>\n<tr>\n<td width=\"359\">Doble Grado: Ciencias Ambientales y Geograf\u00eda e Historia<\/td>\n<td width=\"208\">Facultades de CC. Experimentales y de Humanidades<\/td>\n<td width=\"85\">12<\/td>\n<\/tr>\n<tr>\n<td width=\"359\">Doble Grado: Derecho y Ciencias Pol\u00edticas y de la Administraci\u00f3n<\/td>\n<td width=\"208\">Facultad de Derecho<\/td>\n<td width=\"85\">60<\/td>\n<\/tr>\n<tr>\n<td width=\"359\">Doble Grado: Derecho y Criminolog\u00eda<\/td>\n<td width=\"208\">Facultad de Derecho<\/td>\n<td width=\"85\">40<\/td>\n<\/tr>\n<tr>\n<td width=\"359\">Doble Grado: Derecho y Finanzas y Contabilidad<\/td>\n<td width=\"208\">Facultades de Derecho y de CC. Empresariales<\/td>\n<td width=\"85\">60<\/td>\n<\/tr>\n<tr>\n<td width=\"359\">Doble Grado: Derecho y Relaciones Laborales y Recursos Humanos<\/td>\n<td width=\"208\">Facultad de Derecho<\/td>\n<td width=\"85\">20<\/td>\n<\/tr>\n<tr>\n<td width=\"359\">Doble Grado: Geograf\u00eda e Historia y Relaciones Internacionales<\/td>\n<td width=\"208\">Facultades de Humanidades y de Derecho<\/td>\n<td width=\"85\">20<\/td>\n<\/tr>\n<tr>\n<td width=\"359\">Doble Grado: Humanidades y Traducci\u00f3n e Interpretaci\u00f3n (Ingl\u00e9s)<\/td>\n<td width=\"208\">Facultad de Humanidades<\/td>\n<td width=\"85\">30<\/td>\n<\/tr>\n<tr>\n<td width=\"359\">Doble Grado: Ingenier\u00eda Agr\u00edcola (US) y Ciencias Ambientales (UPO)<\/td>\n<td width=\"208\">Facultad de CC. Experimentales<\/td>\n<td width=\"85\">20<\/td>\n<\/tr>\n<tr>\n<td width=\"359\">Doble Grado: Relaciones Internacionales y Derecho<\/td>\n<td width=\"208\">Facultad de Derecho<\/td>\n<td width=\"85\">20<\/td>\n<\/tr>\n<tr>\n<td width=\"359\">Doble Grado: Relaciones Internacionales y CC. Pol\u00edticas y de la Administraci\u00f3n<\/td>\n<td width=\"208\">Facultad de Derecho<\/td>\n<td width=\"85\">15<\/td>\n<\/tr>\n<tr>\n<td width=\"359\">Doble Grado: Sociolog\u00eda y Ciencias Pol\u00edticas y de la Administraci\u00f3n<\/td>\n<td width=\"208\">Facultades de CC. Sociales y de Derecho<\/td>\n<td width=\"85\">40<\/td>\n<\/tr>\n<tr>\n<td width=\"359\">Doble Grado: Sociolog\u00eda y Trabajo Social<\/td>\n<td width=\"208\">Facultad de CC. Sociales<\/td>\n<td width=\"85\">60<\/td>\n<\/tr>\n<tr>\n<td width=\"359\">Doble Grado: Trabajo Social y Educaci\u00f3n Social<\/td>\n<td width=\"208\">Facultad de CC. Sociales<\/td>\n<td width=\"85\">60<\/td>\n<\/tr>\n<tr>\n<td width=\"359\">Doble Grado: Traducci\u00f3n e Interpretaci\u00f3n (Alem\u00e1n) y Relaciones Internacionales<\/td>\n<td width=\"208\">Facultades de Humanidades y de Derecho<\/td>\n<td width=\"85\">10<\/td>\n<\/tr>\n<tr>\n<td width=\"359\">Doble Grado: Traducci\u00f3n e Interpretaci\u00f3n (Franc\u00e9s) y Relaciones Internacionales<\/td>\n<td width=\"208\">Facultades de Humanidades y de Derecho<\/td>\n<td width=\"85\">10<\/td>\n<\/tr>\n<tr>\n<td width=\"359\"><\/td>\n<td colspan=\"2\" width=\"293\"><\/td>\n<\/tr>\n<\/tbody>\n<\/table>\n<p>&nbsp;<\/p>\n<h3><strong>El Centro Adscrito San Isidoro ofrece:<\/strong><\/h3>\n<table width=\"652\">\n<tbody>\n<tr>\n<td width=\"359\"><strong>GRADOS UNIVERSITARIOS<\/strong><\/td>\n<td width=\"208\"><strong>\u00a0<\/strong><\/p>\n<p><strong>CENTRO<\/strong><\/p>\n<p><strong>\u00a0<\/strong><\/td>\n<td width=\"85\"><strong>N\u00ba DE PLAZAS<\/strong><\/p>\n<p><strong>23-24<\/strong><\/td>\n<\/tr>\n<tr>\n<td width=\"359\">Grado en Administraci\u00f3n y Direcci\u00f3n de Empresas<\/p>\n<p>Centro Adscrito San Isidoro<\/td>\n<td width=\"208\">Centro Adscrito San Isidoro<\/td>\n<td width=\"85\">80<\/td>\n<\/tr>\n<tr>\n<td width=\"359\">Grado en Ciencias de la Actividad F\u00edsica y del Deporte<\/td>\n<td width=\"208\">Centro Adscrito San Isidoro<\/td>\n<td width=\"85\">110<\/td>\n<\/tr>\n<tr>\n<td width=\"359\">Grado en Comunicaci\u00f3n<\/td>\n<td width=\"208\">Centro Adscrito San Isidoro<\/td>\n<td width=\"85\">74<\/td>\n<\/tr>\n<tr>\n<td width=\"359\">Grado en Comunicaci\u00f3n Digital<\/td>\n<td width=\"208\">Centro Adscrito San Isidoro<\/td>\n<td width=\"85\">50<\/td>\n<\/tr>\n<tr>\n<td width=\"359\">Grado en Derecho<\/td>\n<td width=\"208\">Centro Adscrito San Isidoro<\/td>\n<td width=\"85\">60<\/td>\n<\/tr>\n<tr>\n<td width=\"359\">Grado en Fisioterapia<\/td>\n<td width=\"208\">Centro Adscrito San Isidoro<\/td>\n<td width=\"85\">88<\/td>\n<\/tr>\n<tr>\n<td colspan=\"3\" width=\"652\"><strong>\u00a0<\/strong><\/p>\n<p><strong>DOBLES GRADOS UNIVERSITARIOS\u00a0\u00a0\u00a0\u00a0\u00a0\u00a0\u00a0\u00a0\u00a0\u00a0\u00a0\u00a0\u00a0 <\/strong><\/p>\n<p><strong>\u00a0<\/strong><\/td>\n<\/tr>\n<tr>\n<td width=\"359\">Doble Grado: Administraci\u00f3n y Direcci\u00f3n de Empresas y Derecho<\/td>\n<td width=\"208\">Centro Adscrito San Isidoro<\/td>\n<td width=\"85\">28<\/td>\n<\/tr>\n<tr>\n<td width=\"359\">Doble Grado: Comunicaci\u00f3n y Comunicaci\u00f3n Digital<\/td>\n<td width=\"208\">Centro Adscrito San Isidoro<\/td>\n<td width=\"85\">16<\/td>\n<\/tr>\n<\/tbody>\n<\/table>\n<p>&nbsp;<\/p>\n","protected":false},"excerpt":{"rendered":"<p>Un total de 1.469 estudiantes de 35 centros de Sevilla capital y provincia han finalizado sin incidencias los ex\u00e1menes de la fase de acceso y de admisi\u00f3n de la Prueba de Evaluaci\u00f3n y Acceso a la Universidad (PEvAU) en el campus de la Universidad Pablo de Olavide. El pr\u00f3ximo jueves 22 de junio, recibir\u00e1n por SMS las calificaciones obtenidas en las pruebas que podr\u00e1n tambi\u00e9n consultarse a trav\u00e9s de la web de la Universidad www.upo.es .<\/p>\n","protected":false},"author":14,"featured_media":30878906,"comment_status":"closed","ping_status":"open","sticky":false,"template":"","format":"standard","meta":{"_monsterinsights_skip_tracking":false,"_monsterinsights_sitenote_active":false,"_monsterinsights_sitenote_note":"","_monsterinsights_sitenote_category":0,"footnotes":""},"categories":[6],"tags":[1462,644,2613,21,2581,4082,743,5488],"class_list":["post-30878905","post","type-post","status-publish","format-standard","has-post-thumbnail","hentry","category-institucional","tag-acceso-a-la-universidad","tag-bachillerato","tag-calificaciones","tag-estudiantes","tag-grados-y-dobles-grados","tag-pevau","tag-preinscripcion","tag-universidades-publicas-andaluzas"],"_links":{"self":[{"href":"https:\/\/www.upo.es\/diario\/wp-json\/wp\/v2\/posts\/30878905","targetHints":{"allow":["GET"]}}],"collection":[{"href":"https:\/\/www.upo.es\/diario\/wp-json\/wp\/v2\/posts"}],"about":[{"href":"https:\/\/www.upo.es\/diario\/wp-json\/wp\/v2\/types\/post"}],"author":[{"embeddable":true,"href":"https:\/\/www.upo.es\/diario\/wp-json\/wp\/v2\/users\/14"}],"replies":[{"embeddable":true,"href":"https:\/\/www.upo.es\/diario\/wp-json\/wp\/v2\/comments?post=30878905"}],"version-history":[{"count":6,"href":"https:\/\/www.upo.es\/diario\/wp-json\/wp\/v2\/posts\/30878905\/revisions"}],"predecessor-version":[{"id":30878919,"href":"https:\/\/www.upo.es\/diario\/wp-json\/wp\/v2\/posts\/30878905\/revisions\/30878919"}],"wp:featuredmedia":[{"embeddable":true,"href":"https:\/\/www.upo.es\/diario\/wp-json\/wp\/v2\/media\/30878906"}],"wp:attachment":[{"href":"https:\/\/www.upo.es\/diario\/wp-json\/wp\/v2\/media?parent=30878905"}],"wp:term":[{"taxonomy":"category","embeddable":true,"href":"https:\/\/www.upo.es\/diario\/wp-json\/wp\/v2\/categories?post=30878905"},{"taxonomy":"post_tag","embeddable":true,"href":"https:\/\/www.upo.es\/diario\/wp-json\/wp\/v2\/tags?post=30878905"}],"curies":[{"name":"wp","href":"https:\/\/api.w.org\/{rel}","templated":true}]}}