{"id":30878955,"date":"2023-06-19T12:05:03","date_gmt":"2023-06-19T10:05:03","guid":{"rendered":"https:\/\/www.upo.es\/diario\/?p=30878955"},"modified":"2023-06-21T13:25:33","modified_gmt":"2023-06-21T11:25:33","slug":"congreso-radma-2023","status":"publish","type":"post","link":"https:\/\/www.upo.es\/diario\/docencia-formacion\/2023\/06\/congreso-radma-2023\/","title":{"rendered":"Una innovaci\u00f3n responsable para un futuro mejor, tema del Congreso RADMA 2023"},"content":{"rendered":"<figure id=\"attachment_30878958\" aria-describedby=\"caption-attachment-30878958\" style=\"width: 750px\" class=\"wp-caption aligncenter\"><a href=\"https:\/\/www.upo.es\/diario\/wp-content\/uploads\/2023\/06\/Congreso-RADMA-2-scaled.jpg\"><img loading=\"lazy\" decoding=\"async\" class=\"size-large wp-image-30878958\" src=\"https:\/\/www.upo.es\/diario\/wp-content\/uploads\/2023\/06\/Congreso-RADMA-2-750x500.jpg\" alt=\"Presentaci\u00f3n de la R&amp;D Management Conference 2023\" width=\"750\" height=\"500\" srcset=\"https:\/\/www.upo.es\/diario\/wp-content\/uploads\/2023\/06\/Congreso-RADMA-2-750x500.jpg 750w, https:\/\/www.upo.es\/diario\/wp-content\/uploads\/2023\/06\/Congreso-RADMA-2-420x280.jpg 420w, https:\/\/www.upo.es\/diario\/wp-content\/uploads\/2023\/06\/Congreso-RADMA-2-768x512.jpg 768w, https:\/\/www.upo.es\/diario\/wp-content\/uploads\/2023\/06\/Congreso-RADMA-2-1536x1024.jpg 1536w, https:\/\/www.upo.es\/diario\/wp-content\/uploads\/2023\/06\/Congreso-RADMA-2-2048x1365.jpg 2048w\" sizes=\"auto, (max-width: 750px) 100vw, 750px\" \/><\/a><figcaption id=\"caption-attachment-30878958\" class=\"wp-caption-text\">Presentaci\u00f3n de la R&amp;D Management Conference 2023<\/figcaption><\/figure>\n<p>El congreso anual de la <a href=\"https:\/\/radma.net\/\"><em>Research and Development Management Association<\/em> (RADMA)<\/a> se celebra esta semana en la Universidad Pablo de Olavide bajo el t\u00edtulo \u2018<strong><em>Responsible and Responsive Innovation for a Better Future\u2019<\/em><\/strong>. Organizado por INN-LAB, el foro ha sido inaugurado por el rector de la Universidad Pablo de Olavide, <strong>Francisco Oliva<\/strong>; el presidente de RADMA,<strong> Jeremy Klein<\/strong>; la responsable de eventos de RADMA, <strong>Andrea Piccaluga<\/strong>; y por la coordinadora de INN-LAB y presidenta del comit\u00e9 organizador el Congreso, <strong>Carmen Cabello<\/strong>.<\/p>\n<figure id=\"attachment_30878959\" aria-describedby=\"caption-attachment-30878959\" style=\"width: 420px\" class=\"wp-caption alignleft\"><a href=\"https:\/\/www.upo.es\/diario\/wp-content\/uploads\/2023\/06\/Congreso-RADMA-3-scaled.jpg\"><img loading=\"lazy\" decoding=\"async\" class=\"size-medium wp-image-30878959\" src=\"https:\/\/www.upo.es\/diario\/wp-content\/uploads\/2023\/06\/Congreso-RADMA-3-420x236.jpg\" alt=\"Jeremy Klein durante la inauguraci\u00f3n del Congreso RADMA 2023\" width=\"420\" height=\"236\" srcset=\"https:\/\/www.upo.es\/diario\/wp-content\/uploads\/2023\/06\/Congreso-RADMA-3-420x236.jpg 420w, https:\/\/www.upo.es\/diario\/wp-content\/uploads\/2023\/06\/Congreso-RADMA-3-750x422.jpg 750w, https:\/\/www.upo.es\/diario\/wp-content\/uploads\/2023\/06\/Congreso-RADMA-3-768x432.jpg 768w, https:\/\/www.upo.es\/diario\/wp-content\/uploads\/2023\/06\/Congreso-RADMA-3-1536x864.jpg 1536w, https:\/\/www.upo.es\/diario\/wp-content\/uploads\/2023\/06\/Congreso-RADMA-3-2048x1152.jpg 2048w\" sizes=\"auto, (max-width: 420px) 100vw, 420px\" \/><\/a><figcaption id=\"caption-attachment-30878959\" class=\"wp-caption-text\">Jeremy Klein durante la inauguraci\u00f3n del Congreso RADMA 2023<\/figcaption><\/figure>\n<p>C\u00f3mo lograr una innovaci\u00f3n responsable es el tema central de <a href=\"https:\/\/eventos.upo.es\/event_detail\/84186\/detail\/randd-management-conference-2023-responsible-and-responsive-innovation-for-a-better-future.html\">R&amp;D Management Conference 2023<\/a>, que ha dado comienzo el pasado fin de semana con un coloquio doctoral celebrado en el edificio Alexander von Humboldt. Con tres ponencias plenarias, el Congreso tratar\u00e1 de poner en com\u00fan ideas para que las empresas que crean los productos y dise\u00f1an los servicios del futuro contribuyan a un mundo mejor, es decir, que la innovaci\u00f3n tenga en cuenta las necesidades de la sociedad y no sea esta la que tenga que adaptarse a los cambios. La innovaci\u00f3n tiene un impacto social, \u00e9tico y medioambiental que debe ser tenido en cuenta durante su desarrollo por empresas y corporaciones de todo el mundo.<\/p>\n<p>\u2018<em>Responsible and Responsive Innovation for a Better Future\u2019<\/em> cuenta con tres conferencias plenarias, la primera de las cuales ha tenido lugar esta ma\u00f1ana, \u2018Build a resilient Business\u2019 ha sido impartida por <strong>Rosal\u00eda Simon<\/strong>, directora de consultor\u00eda en Telef\u00f3nica Tech. La segunda sesi\u00f3n plenaria tendr\u00e1 lugar este martes con la participaci\u00f3n de <strong>Marcus Wagner<\/strong>, profesor de la Universidad de Augsburgo (Alemania), quien impartir\u00e1 la conferencia \u2018Innovation and technology for sustainable futures\u2019. La \u00faltima sesi\u00f3n plenaria tendr\u00e1 formato de mesa redonda y contar\u00e1 con la presencia de <strong>Rafael S\u00e1nchez<\/strong>, director general de Endesa para Andaluc\u00eda, Extremadura, Ceuta y Melilla; <strong>Ada Bernal<\/strong>, directora regional de relaciones institucionales de Heineken Espa\u00f1a; y <strong>Ana Mar\u00eda Ru\u00edz<\/strong>, responsable de innovaci\u00f3n en Airbus. Moderada por la profesora de la UPO <strong>Ana P\u00e9rez Lu\u00f1o<\/strong>, el debate se desarrollar\u00e1 bajo el t\u00edtulo \u2018A Crossindustry View of Responsible Innovation Challenges\u2019.<\/p>\n<div id='gallery-1' class='gallery galleryid-30878955 gallery-columns-2 gallery-size-medium'><figure class='gallery-item'>\n\t\t\t<div class='gallery-icon landscape'>\n\t\t\t\t<a href='https:\/\/www.upo.es\/diario\/wp-content\/uploads\/2023\/06\/Congreso-RADMA-4-1-scaled.jpg'><img loading=\"lazy\" decoding=\"async\" width=\"420\" height=\"236\" src=\"https:\/\/www.upo.es\/diario\/wp-content\/uploads\/2023\/06\/Congreso-RADMA-4-1-420x236.jpg\" class=\"attachment-medium size-medium\" alt=\"\" srcset=\"https:\/\/www.upo.es\/diario\/wp-content\/uploads\/2023\/06\/Congreso-RADMA-4-1-420x236.jpg 420w, https:\/\/www.upo.es\/diario\/wp-content\/uploads\/2023\/06\/Congreso-RADMA-4-1-750x422.jpg 750w, https:\/\/www.upo.es\/diario\/wp-content\/uploads\/2023\/06\/Congreso-RADMA-4-1-768x432.jpg 768w, https:\/\/www.upo.es\/diario\/wp-content\/uploads\/2023\/06\/Congreso-RADMA-4-1-1536x864.jpg 1536w, https:\/\/www.upo.es\/diario\/wp-content\/uploads\/2023\/06\/Congreso-RADMA-4-1-2048x1152.jpg 2048w\" sizes=\"auto, (max-width: 420px) 100vw, 420px\" \/><\/a>\n\t\t\t<\/div><\/figure><figure class='gallery-item'>\n\t\t\t<div class='gallery-icon landscape'>\n\t\t\t\t<a href='https:\/\/www.upo.es\/diario\/wp-content\/uploads\/2023\/06\/Congreso-RADMA-1-scaled.jpg'><img loading=\"lazy\" decoding=\"async\" width=\"420\" height=\"280\" src=\"https:\/\/www.upo.es\/diario\/wp-content\/uploads\/2023\/06\/Congreso-RADMA-1-420x280.jpg\" class=\"attachment-medium size-medium\" alt=\"\" srcset=\"https:\/\/www.upo.es\/diario\/wp-content\/uploads\/2023\/06\/Congreso-RADMA-1-420x280.jpg 420w, https:\/\/www.upo.es\/diario\/wp-content\/uploads\/2023\/06\/Congreso-RADMA-1-750x500.jpg 750w, https:\/\/www.upo.es\/diario\/wp-content\/uploads\/2023\/06\/Congreso-RADMA-1-768x512.jpg 768w, https:\/\/www.upo.es\/diario\/wp-content\/uploads\/2023\/06\/Congreso-RADMA-1-1536x1024.jpg 1536w, https:\/\/www.upo.es\/diario\/wp-content\/uploads\/2023\/06\/Congreso-RADMA-1-2048x1365.jpg 2048w\" sizes=\"auto, (max-width: 420px) 100vw, 420px\" \/><\/a>\n\t\t\t<\/div><\/figure>\n\t\t<\/div>\n\n","protected":false},"excerpt":{"rendered":"<p>La Universidad Pablo de Olavide organiza la &#8216;R&#038;D Management Conference 2023&#8217; que se celebra en el campus hasta el pr\u00f3ximo mi\u00e9rcoles.<\/p>\n","protected":false},"author":6,"featured_media":30878958,"comment_status":"closed","ping_status":"open","sticky":false,"template":"","format":"standard","meta":{"_monsterinsights_skip_tracking":false,"_monsterinsights_sitenote_active":false,"_monsterinsights_sitenote_note":"","_monsterinsights_sitenote_category":0,"footnotes":""},"categories":[2779],"tags":[2829,2759,354,1059,4021,619,554,925,8483,3652],"class_list":["post-30878955","post","type-post","status-publish","format-standard","has-post-thumbnail","hentry","category-docencia-formacion","tag-carmen-cabello","tag-compromiso-social","tag-congreso","tag-empresas","tag-francisco-oliva-blazquez","tag-idi","tag-innovacion","tag-internacionalizacion","tag-radma","tag-responsabilidad-social-corporativa"],"_links":{"self":[{"href":"https:\/\/www.upo.es\/diario\/wp-json\/wp\/v2\/posts\/30878955","targetHints":{"allow":["GET"]}}],"collection":[{"href":"https:\/\/www.upo.es\/diario\/wp-json\/wp\/v2\/posts"}],"about":[{"href":"https:\/\/www.upo.es\/diario\/wp-json\/wp\/v2\/types\/post"}],"author":[{"embeddable":true,"href":"https:\/\/www.upo.es\/diario\/wp-json\/wp\/v2\/users\/6"}],"replies":[{"embeddable":true,"href":"https:\/\/www.upo.es\/diario\/wp-json\/wp\/v2\/comments?post=30878955"}],"version-history":[{"count":8,"href":"https:\/\/www.upo.es\/diario\/wp-json\/wp\/v2\/posts\/30878955\/revisions"}],"predecessor-version":[{"id":30878968,"href":"https:\/\/www.upo.es\/diario\/wp-json\/wp\/v2\/posts\/30878955\/revisions\/30878968"}],"wp:featuredmedia":[{"embeddable":true,"href":"https:\/\/www.upo.es\/diario\/wp-json\/wp\/v2\/media\/30878958"}],"wp:attachment":[{"href":"https:\/\/www.upo.es\/diario\/wp-json\/wp\/v2\/media?parent=30878955"}],"wp:term":[{"taxonomy":"category","embeddable":true,"href":"https:\/\/www.upo.es\/diario\/wp-json\/wp\/v2\/categories?post=30878955"},{"taxonomy":"post_tag","embeddable":true,"href":"https:\/\/www.upo.es\/diario\/wp-json\/wp\/v2\/tags?post=30878955"}],"curies":[{"name":"wp","href":"https:\/\/api.w.org\/{rel}","templated":true}]}}