{"id":30878969,"date":"2023-06-19T15:09:06","date_gmt":"2023-06-19T13:09:06","guid":{"rendered":"https:\/\/www.upo.es\/diario\/?p=30878969"},"modified":"2023-06-19T15:15:00","modified_gmt":"2023-06-19T13:15:00","slug":"la-exposicion-leyendo-entre-calles-el-paisaje-linguistico-de-sevilla-en-la-biblioteca-crai-hasta-el-29-de-septiembre","status":"publish","type":"post","link":"https:\/\/www.upo.es\/diario\/cultura-social\/2023\/06\/la-exposicion-leyendo-entre-calles-el-paisaje-linguistico-de-sevilla-en-la-biblioteca-crai-hasta-el-29-de-septiembre\/","title":{"rendered":"La exposici\u00f3n \u2018Leyendo entre calles. El paisaje ling\u00fc\u00edstico de Sevilla\u2019, en la Biblioteca\/CRAI hasta el 29 de septiembre"},"content":{"rendered":"<figure id=\"attachment_30878971\" aria-describedby=\"caption-attachment-30878971\" style=\"width: 750px\" class=\"wp-caption aligncenter\"><a href=\"https:\/\/www.upo.es\/diario\/wp-content\/uploads\/2023\/06\/Exp-leyendo-calles-3-scaled.jpg\"><img loading=\"lazy\" decoding=\"async\" class=\"size-large wp-image-30878971\" src=\"https:\/\/www.upo.es\/diario\/wp-content\/uploads\/2023\/06\/Exp-leyendo-calles-3-750x422.jpg\" alt=\"Francisco Oliva y Mercedes de la Torre en la exposici\u00f3n 'Leyendo entre calles'\" width=\"750\" height=\"422\" srcset=\"https:\/\/www.upo.es\/diario\/wp-content\/uploads\/2023\/06\/Exp-leyendo-calles-3-750x422.jpg 750w, https:\/\/www.upo.es\/diario\/wp-content\/uploads\/2023\/06\/Exp-leyendo-calles-3-420x236.jpg 420w, https:\/\/www.upo.es\/diario\/wp-content\/uploads\/2023\/06\/Exp-leyendo-calles-3-768x432.jpg 768w, https:\/\/www.upo.es\/diario\/wp-content\/uploads\/2023\/06\/Exp-leyendo-calles-3-1536x864.jpg 1536w, https:\/\/www.upo.es\/diario\/wp-content\/uploads\/2023\/06\/Exp-leyendo-calles-3-2048x1152.jpg 2048w\" sizes=\"auto, (max-width: 750px) 100vw, 750px\" \/><\/a><figcaption id=\"caption-attachment-30878971\" class=\"wp-caption-text\">Francisco Oliva y Mercedes de la Torre<\/figcaption><\/figure>\n<p>El rector de la Universidad Pablo de Olavide, <strong>Francisco Oliva<\/strong>, ha asistido esta ma\u00f1ana a la presentaci\u00f3n de la muestra <strong>\u2018Leyendo entre calles. El paisaje ling\u00fc\u00edstico de Sevilla\u2019<\/strong>, junto a la comisaria de la exposici\u00f3n,<strong> Mercedes de la Torre<\/strong>, investigadora de la Universidad Pablo de Olavide y miembro del proyecto <em>PLANEO: Paisaje ling\u00fc\u00edstico andaluz: evaluaci\u00f3n y observaci\u00f3n cartogr\u00e1fica,<\/em> y <strong>Lola Pons<\/strong>, directora del proyecto y catedr\u00e1tica de la Universidad de Sevilla. <strong>\u2018Leyendo entre calles\u2019 podr\u00e1 verse en la sala de exposiciones de la Biblioteca\/CRAI hasta el 29 de septiembre de 2023<\/strong>.<\/p>\n<p><a href=\"https:\/\/www.upo.es\/diario\/wp-content\/uploads\/2023\/06\/Exp-leyendo-calles-1-scaled.jpg\"><img loading=\"lazy\" decoding=\"async\" class=\"alignright size-medium wp-image-30878972\" src=\"https:\/\/www.upo.es\/diario\/wp-content\/uploads\/2023\/06\/Exp-leyendo-calles-1-420x236.jpg\" alt=\"\" width=\"420\" height=\"236\" srcset=\"https:\/\/www.upo.es\/diario\/wp-content\/uploads\/2023\/06\/Exp-leyendo-calles-1-420x236.jpg 420w, https:\/\/www.upo.es\/diario\/wp-content\/uploads\/2023\/06\/Exp-leyendo-calles-1-750x422.jpg 750w, https:\/\/www.upo.es\/diario\/wp-content\/uploads\/2023\/06\/Exp-leyendo-calles-1-768x432.jpg 768w, https:\/\/www.upo.es\/diario\/wp-content\/uploads\/2023\/06\/Exp-leyendo-calles-1-1536x864.jpg 1536w, https:\/\/www.upo.es\/diario\/wp-content\/uploads\/2023\/06\/Exp-leyendo-calles-1-2048x1152.jpg 2048w, https:\/\/www.upo.es\/diario\/wp-content\/uploads\/2023\/06\/Exp-leyendo-calles-1-1320x742.jpg 1320w\" sizes=\"auto, (max-width: 420px) 100vw, 420px\" \/><\/a>La inauguraci\u00f3n de la exposici\u00f3n en la UPO tambi\u00e9n ha contado con la presencia de<strong> David Cobos<\/strong>, vicerrector de Cultura y Pol\u00edticas Sociales; <strong>Mar\u00eda Jos\u00e9 Parejo Guzm\u00e1n<\/strong>, directora general de Inclusi\u00f3n y Pol\u00edticas Socioculturales de la Universidad; <strong>Rosario Moreno Soldevila<\/strong>, decana de la Facultad de Humanidades; <strong>Roc\u00edo Fern\u00e1ndez Cordero<\/strong>, directora de la Biblioteca\/CRAI; y<strong> Juan Cuartero Otal<\/strong>, director del Departamento de Filolog\u00eda y Traducci\u00f3n.<\/p>\n<p>\u2018Leyendo entre calles\u2019 pretende acercar al p\u00fablico los resultados de la investigaci\u00f3n llevada a cabo en el seno del proyecto PLANEO en Sevilla. En las cuatro secciones que constituyen la muestra se elabora una propuesta de lectura de los textos que forman parte de nuestro entorno urbano, tratando de dar respuesta a cuestiones sobre qui\u00e9nes son sus emisores, las formas que adoptan los mensajes y sus funciones o el por qu\u00e9 tantas lenguas.<\/p>\n<p>La exposici\u00f3n se basa en el concepto de \u201cpaisaje ling\u00fc\u00edstico\u201d, es decir, los mensajes que pueden leerse por las calles configuran el paisaje urbano. Se ofrece una perspectiva distinta de la realidad ling\u00fc\u00edstica sevillana; aunque se tiende a pensar que los \u00fanicos territorios multiling\u00fces de Espa\u00f1a son aquellos con lengua oficial propia, un paseo por los barrios de la capital hispalense pone de manifiesto c\u00f3mo en las paredes y escaparates de nuestra ciudad hay rotulaci\u00f3n en chino mandar\u00edn, ingl\u00e9s o ucraniano, qu\u00e9 connotaciones damos al uso de algunas lenguas en la publicidad o de qu\u00e9 manera nos dirigimos a los turistas. En definitiva, se traslada este paisaje de las calles a una sala de exposiciones para que la sociedad comprenda el significado de los textos que nos rodean y leemos a diario.<\/p>\n<p>Desde hace dos a\u00f1os, el equipo del <a href=\"https:\/\/www.paisajelinguistico.es\/\">proyecto PLANEO<\/a> viene recopilando y subiendo a su p\u00e1gina web el paisaje ling\u00fc\u00edstico de cuatro provincias andaluzas, un tesoro de casi 5.000 fotograf\u00edas que suponen un retrato de las lenguas a tiempo real de parte de nuestra comunidad aut\u00f3noma.<\/p>\n<p><a href=\"https:\/\/www.upo.es\/diario\/wp-content\/uploads\/2023\/06\/1.png\"><img loading=\"lazy\" decoding=\"async\" class=\"aligncenter wp-image-30878976 size-large\" src=\"https:\/\/www.upo.es\/diario\/wp-content\/uploads\/2023\/06\/1-525x525.png\" alt=\"Leyendo entre calles, exposici\u00f3n en la Biblioteca de la UPO, hasta el 29 de septiembre de 2023\" width=\"525\" height=\"525\" srcset=\"https:\/\/www.upo.es\/diario\/wp-content\/uploads\/2023\/06\/1-525x525.png 525w, https:\/\/www.upo.es\/diario\/wp-content\/uploads\/2023\/06\/1-420x420.png 420w, https:\/\/www.upo.es\/diario\/wp-content\/uploads\/2023\/06\/1-300x300.png 300w, https:\/\/www.upo.es\/diario\/wp-content\/uploads\/2023\/06\/1-768x768.png 768w, https:\/\/www.upo.es\/diario\/wp-content\/uploads\/2023\/06\/1.png 1080w\" sizes=\"auto, (max-width: 525px) 100vw, 525px\" \/><\/a><\/p>\n","protected":false},"excerpt":{"rendered":"<p>\u2018Leyendo entre calles\u2019 pretende acercar al p\u00fablico los resultados de la investigaci\u00f3n llevada a cabo en el seno del proyecto PLANEO en Sevilla.<\/p>\n","protected":false},"author":6,"featured_media":30878971,"comment_status":"closed","ping_status":"open","sticky":false,"template":"","format":"standard","meta":{"_monsterinsights_skip_tracking":false,"_monsterinsights_sitenote_active":false,"_monsterinsights_sitenote_note":"","_monsterinsights_sitenote_category":0,"footnotes":""},"categories":[5843],"tags":[2491,5150,4946,74,707,132,3183,7718,1779,3957,161],"class_list":["post-30878969","post","type-post","status-publish","format-standard","has-post-thumbnail","hentry","category-cultura-social","tag-biblioteca-crai","tag-david-cobos-sanchiz","tag-equipo-de-investigacion","tag-exposiciones","tag-filologia","tag-humanidades","tag-linguistica","tag-maria-jose-parejo-guzman","tag-mercedes-de-la-torre","tag-rosario-moreno-soldevila","tag-sevilla"],"_links":{"self":[{"href":"https:\/\/www.upo.es\/diario\/wp-json\/wp\/v2\/posts\/30878969","targetHints":{"allow":["GET"]}}],"collection":[{"href":"https:\/\/www.upo.es\/diario\/wp-json\/wp\/v2\/posts"}],"about":[{"href":"https:\/\/www.upo.es\/diario\/wp-json\/wp\/v2\/types\/post"}],"author":[{"embeddable":true,"href":"https:\/\/www.upo.es\/diario\/wp-json\/wp\/v2\/users\/6"}],"replies":[{"embeddable":true,"href":"https:\/\/www.upo.es\/diario\/wp-json\/wp\/v2\/comments?post=30878969"}],"version-history":[{"count":6,"href":"https:\/\/www.upo.es\/diario\/wp-json\/wp\/v2\/posts\/30878969\/revisions"}],"predecessor-version":[{"id":30878978,"href":"https:\/\/www.upo.es\/diario\/wp-json\/wp\/v2\/posts\/30878969\/revisions\/30878978"}],"wp:featuredmedia":[{"embeddable":true,"href":"https:\/\/www.upo.es\/diario\/wp-json\/wp\/v2\/media\/30878971"}],"wp:attachment":[{"href":"https:\/\/www.upo.es\/diario\/wp-json\/wp\/v2\/media?parent=30878969"}],"wp:term":[{"taxonomy":"category","embeddable":true,"href":"https:\/\/www.upo.es\/diario\/wp-json\/wp\/v2\/categories?post=30878969"},{"taxonomy":"post_tag","embeddable":true,"href":"https:\/\/www.upo.es\/diario\/wp-json\/wp\/v2\/tags?post=30878969"}],"curies":[{"name":"wp","href":"https:\/\/api.w.org\/{rel}","templated":true}]}}